{"id":4700,"date":"2025-03-18T20:24:22","date_gmt":"2025-03-18T19:24:22","guid":{"rendered":"https:\/\/monde25.info\/index.php\/2025\/03\/18\/peur-sur-la-ville-un-livret-sur-la-conduite-a-tenir-en-cas-de-crise\/"},"modified":"2025-03-18T20:24:22","modified_gmt":"2025-03-18T19:24:22","slug":"peur-sur-la-ville-un-livret-sur-la-conduite-a-tenir-en-cas-de-crise","status":"publish","type":"post","link":"https:\/\/monde25.info\/index.php\/2025\/03\/18\/peur-sur-la-ville-un-livret-sur-la-conduite-a-tenir-en-cas-de-crise\/","title":{"rendered":"Peur sur la ville, un livret sur la conduite \u00e0 tenir en cas de crise"},"content":{"rendered":"<p> <br \/>\n<\/p>\n<div>\n<p>Ou comment utiliser la peur \u00e0 des fins psychologiques&#8230; \u00a0<\/p>\n<p>Tout y contribue, et les nouveaux venus \u00e0 la t\u00eate des gouvernements tr\u00e8s align\u00e9s sur le mondialisme d\u2019appuyer l\u00e0 o\u00f9 \u00e7a fait mal, \u00e0 l\u2019image de Merz qui r\u00e9arme l\u2019Allemagne et pr\u00f4ne \u201cune nouvelle communaut\u00e9 europ\u00e9enne de d\u00e9fense\u00a0\u00bb<\/p>\n<p>Le gouvernement francais pr\u00e9pare lui un livret \u00e0 destination de la population sur les pratiques \u00e0 adopter pour se pr\u00e9parer et r\u00e9agir en cas de crise, qu&rsquo;il s&rsquo;agisse d&rsquo;accident industriel ou d&rsquo;\u00e9v\u00e9nement climatique grave, a-t-on appris mardi de sources concordantes.<\/p>\n<p>Ce livret est r\u00e9alis\u00e9 par le Secr\u00e9tariat g\u00e9n\u00e9ral de la d\u00e9fense et de la s\u00e9curit\u00e9 nationale (SGDSN). Il doit \u00eatre finalis\u00e9 au printemps et s&rsquo;inscrit \u00ab\u00a0dans le cadre de la strat\u00e9gie nationale de r\u00e9silience\u00a0\u00bb d&rsquo;avril 2022, selon une source gouvernementale.<\/p>\n<p>Celle-ci vise \u00e0 \u00ab\u00a0mieux pr\u00e9parer la France, ses entreprises et ses citoyens \u00e0 ces chocs, \u00e0 tenir dans la dur\u00e9e, collectivement et en profondeur face aux crises\u00a0\u00bb.<\/p>\n<p>Le spectre des crises \u00e9voqu\u00e9 concerne tout aussi bien la r\u00e9action face \u00e0 un accident industriel ou une fuite radioactive, une crue ou une \u00e9pid\u00e9mie.<\/p>\n<p>Le livret \u00e9voque \u00e9galement, parmi d&rsquo;autres crises, le cas du conflit arm\u00e9 mais il ne vise \u00ab\u00a0absolument pas\u00a0\u00bb \u00e0 pr\u00e9parer la population \u00e0 la perspective d&rsquo;une guerre, contrairement \u00e0 la Su\u00e8de qui a \u00e9dit\u00e9 l&rsquo;an pass\u00e9 une brochure en ce sens pour ses citoyens, a insist\u00e9 une source proche du dossier.<\/p>\n<p>D\u00e9velopp\u00e9e apr\u00e8s la pand\u00e9mie de Covid-19, la \u00ab\u00a0strat\u00e9gie nationale de r\u00e9silience\u00a0\u00bb d\u00e9finit 63 actions autour de trois objectifs : pr\u00e9parer l&rsquo;\u00c9tat face aux crises, d\u00e9velopper les moyens d&rsquo;y faire face et \u00ab\u00a0adapter la communication publique aux enjeux de la r\u00e9silience\u00a0\u00bb.<\/p>\n<p>Ce livret a pour ambition d&rsquo;expliquer aux Fran\u00e7ais comment se prot\u00e9ger et de les inciter \u00e0 s&rsquo;engager au profit de la collectivit\u00e9, qu&rsquo;il s&rsquo;agisse des pompiers, de la r\u00e9serve militaire, sanitaire ou encore de la S\u00e9curit\u00e9 civile.<\/p>\n<p>Tremblez braves gens pendant ce temps-l\u00e0 vous ne vous pr\u00e9occupez pas des affaires de l\u2019\u00c9tat.<\/p>\n<\/div>\n<p><script>(function(d, s, id) {  var js, fjs = d.getElementsByTagName(s)[0];  if (d.getElementById(id)) return;  js = d.createElement(s); js.id = id;  js.src = \"\/\/connect.facebook.net\/fr_FR\/sdk.js#xfbml=1&version=v2.3\";  fjs.parentNode.insertBefore(js, fjs);}(document, \"script\", \"facebook-jssdk\"));<\/script><br \/>\n<br \/><br \/>\n<br \/><a href=\"https:\/\/www.francesoir.fr\/societe-sante\/peur-sur-la-ville-un-livret-sur-la-conduite-tenir-en-cas-de-crise\" target=\"_blank\"\">Source link <\/a><\/p>\n","protected":false},"excerpt":{"rendered":"<p>Ou comment utiliser la peur \u00e0 des fins psychologiques&#8230; \u00a0 Tout y contribue, et les nouveaux venus \u00e0 la t\u00eate des gouvernements tr\u00e8s align\u00e9s sur le mondialisme d\u2019appuyer l\u00e0 o\u00f9&hellip; <\/p>\n","protected":false},"author":1,"featured_media":4701,"comment_status":"open","ping_status":"open","sticky":false,"template":"","format":"standard","meta":{"footnotes":""},"categories":[1],"tags":[],"class_list":["post-4700","post","type-post","status-publish","format-standard","has-post-thumbnail","hentry","category-non-classe"],"_links":{"self":[{"href":"https:\/\/monde25.info\/index.php\/wp-json\/wp\/v2\/posts\/4700","targetHints":{"allow":["GET"]}}],"collection":[{"href":"https:\/\/monde25.info\/index.php\/wp-json\/wp\/v2\/posts"}],"about":[{"href":"https:\/\/monde25.info\/index.php\/wp-json\/wp\/v2\/types\/post"}],"author":[{"embeddable":true,"href":"https:\/\/monde25.info\/index.php\/wp-json\/wp\/v2\/users\/1"}],"replies":[{"embeddable":true,"href":"https:\/\/monde25.info\/index.php\/wp-json\/wp\/v2\/comments?post=4700"}],"version-history":[{"count":0,"href":"https:\/\/monde25.info\/index.php\/wp-json\/wp\/v2\/posts\/4700\/revisions"}],"wp:featuredmedia":[{"embeddable":true,"href":"https:\/\/monde25.info\/index.php\/wp-json\/wp\/v2\/media\/4701"}],"wp:attachment":[{"href":"https:\/\/monde25.info\/index.php\/wp-json\/wp\/v2\/media?parent=4700"}],"wp:term":[{"taxonomy":"category","embeddable":true,"href":"https:\/\/monde25.info\/index.php\/wp-json\/wp\/v2\/categories?post=4700"},{"taxonomy":"post_tag","embeddable":true,"href":"https:\/\/monde25.info\/index.php\/wp-json\/wp\/v2\/tags?post=4700"}],"curies":[{"name":"wp","href":"https:\/\/api.w.org\/{rel}","templated":true}]}}