{"id":4708,"date":"2025-03-18T22:38:33","date_gmt":"2025-03-18T21:38:33","guid":{"rendered":"https:\/\/monde25.info\/index.php\/2025\/03\/18\/si-le-mensonge-devient-la-norme-quau-moins-je-ny-sois-pour-rien\/"},"modified":"2025-03-18T22:38:33","modified_gmt":"2025-03-18T21:38:33","slug":"si-le-mensonge-devient-la-norme-quau-moins-je-ny-sois-pour-rien","status":"publish","type":"post","link":"https:\/\/monde25.info\/index.php\/2025\/03\/18\/si-le-mensonge-devient-la-norme-quau-moins-je-ny-sois-pour-rien\/","title":{"rendered":"Si le mensonge devient la norme, qu&rsquo;au moins je n&rsquo;y sois pour rien !"},"content":{"rendered":"<p> <br \/>\n<\/p>\n<div id=\"\">\n<p>\u00ab\u00a0<i> Et c\u2019est l\u00e0 justement que se trouve, souvent n\u00e9glig\u00e9e, mais si simple, si accessible, la cl\u00e9 de notre lib\u00e9ration\u00a0: Le refus de participer personnellement au mensonge\u00a0! M\u00eame si le mensonge recouvre tout, s\u2019il devient ma\u00eetre de tout, soyons intraitables au moins sur ce point\u00a0: qu\u2019au moins je n\u2019y sois pour rien\u00a0!<\/i>\u00a0\u00bb <strong>Soljenitsyne<\/strong><\/p>\n<p><strong>La semaine de Na\u00efm &#8211; Tintin veut faire la guerre<\/strong><\/p>\n<p>D\u2019habitude je mets les vid\u00e9os humoristiques \u00e0 la fin de la revue de presse, mais cette fois, la semaine de Na\u00efm r\u00e9sume tellement bien la situation aussi grotesque qu\u2019humiliante dans laquelle Macron nous a entra\u00een\u00e9s que je la mets au d\u00e9but.<\/p>\n<p><a target=\"_blank\" href=\"https:\/\/www.youtube.com\/watch?v=aJ4j0sMOw-A\" class=\"spip_url spip_out auto\" rel=\"nofollow external\">https:\/\/www.youtube.com\/watch?v=aJ4j0sMOw-A<\/a><\/p>\n<p><strong>Laurent Guy\u00e9not &#8211; Mis\u00e8re de la Brigitologie<\/strong><\/p>\n<p>Dans son sketch, Na\u00efm fait allusion \u00e0 la pol\u00e9mique qui enfle sur Internet sur le sexe de Brigitte Macron. L\u2019historien Laurent Guy\u00e9not a fait une r\u00e9cension du livre de Xavier Poussard, <i>Devenir Brigitte<\/i>, et voil\u00e0 sa conclusion\u00a0:<\/p>\n<p>Il (Xavier Poussard)  ne comprend pas que, si sa th\u00e8se est reprise par des m\u00e9dias pro-Poutine ou des r\u00e9seaux pro-Trump, cela prouve simplement qu\u2019il leur a donn\u00e9 un bon sujet de plaisanterie pour ridiculiser Macron et, \u00e0 travers lui, la France.<\/p>\n<p>Pour ma part, je n\u2019ai jamais r\u00e9ussi \u00e0 me r\u00e9jouir que la France soit devenue, avec cette affaire, la ris\u00e9e du monde. Il ne s\u2019agit pas de la r\u00e9putation de Macron. Macron est un personnage sinistre, recrut\u00e9 pour un projet sinistre. Il s\u2019agit de la v\u00e9rit\u00e9. J\u2019ai entendu, et plus d\u2019une fois, que m\u00eame si la rumeur est fausse, elle d\u00e9stabilise le pouvoir, et \u00e7a, c\u2019est bien. Le mensonge et la diffamation seraient-ils des armes politiques l\u00e9gitimes\u00a0? Sans moi.<\/p>\n<p>Si cette th\u00e8se \u00e9tait vraie, si elle \u00e9tait m\u00eame probable, elle m\u00e9ritait l\u2019\u00e9cho qu\u2019elle a eu. Mais il n\u2019en est rien\u00a0:\u00a0elle n\u2019est certes pas totalement impossible, mais elle est tr\u00e8s improbable, et la pr\u00e9sentation qu\u2019en fait XP est trompeuse. Son enqu\u00eate est un fiasco. Elle ne sert pas la v\u00e9rit\u00e9 et n\u2019aura pas aid\u00e9 les Fran\u00e7ais \u00e0 comprendre ce qui leur arrive. Elle les aura simplement distraits, et elle aura bien faire rire le monde. Mais l\u2019heure n\u2019est plus \u00e0 la plaisanterie. Une guerre mondiale se profile, et la bite \u00e0 Brigitte ne retiendra pas l\u2019attention des futurs historiens.\u00a0\u00bb<\/p>\n<p><a target=\"_blank\" href=\"https:\/\/kosmotheos.substack.com\/p\/misere-de-la-brigitologie?img=https%3A%2F%2Fsubstack-post-media.s3.amazonaws.com%2Fpublic%2Fimages%2Ff2b6759a-3c2e-4386-b1d6-6873a6664f16_1200x862.jpeg&amp;open=false\" class=\"spip_url spip_out auto\" rel=\"nofollow external\">https:\/\/kosmotheos.substack.com\/p\/misere-de-la-brigitologie?img=https%3A%2F%2Fsubstack-post-media.s3.amazonaws.com%2Fpublic%2Fimages%2Ff2b6759a-3c2e-4386-b1d6-6873a6664f16_1200x862.jpeg&amp;open=false<\/a><\/p>\n<p><strong>Alexander Mercouris &#8211; Le chaudron de Koursk<\/strong><\/p>\n<p>L\u2019op\u00e9ration militaire russe a \u00e9t\u00e9 remarquable. Elle a \u00e9t\u00e9 tr\u00e8s rapide, bien que les troupes ukrainiennes soient des troupes d\u2019\u00e9lite et que les troupes russes engag\u00e9es aient \u00e9t\u00e9 peu nombreuses. Le clou de l\u2019op\u00e9ration a \u00e9t\u00e9 le spectaculaire passage de 800 forces sp\u00e9ciales dans le pipe-line de gaz qui ne servait plus depuis que Zelinsky avait refus\u00e9 de reconduire le contrat gazier avec la Russie.<\/p>\n<p>Le retrait ukrainien a \u00e9t\u00e9 chaotique. Ils ont perdu beaucoup d\u2019hommes, abandonn\u00e9 \u00e9norm\u00e9ment de mat\u00e9riel occidental en \u00e9tat de marche,  et beaucoup de soldats ukrainiens ont \u00e9t\u00e9 encercl\u00e9s.<\/p>\n<p>Poutine a annonc\u00e9, lors de sa visite \u00e0 Koursk, en uniforme militaire pour la premi\u00e8re fois depuis le d\u00e9but de l\u2019Op\u00e9ration militaire sp\u00e9ciale pour montrer qu\u2019il avait bien l\u2019intention de mener la Russie \u00e0 la victoire, qu\u2019ils \u00e9taient d\u00e9j\u00e0 dans la r\u00e9gion de Soumy en Ukraine, o\u00f9 ils allaient cr\u00e9er une zone tampon. Soumy n\u2019est qu\u2019\u00e0 environ 70 km, ce qui met Zelinsky en panique. Cela explique aussi pourquoi les Ukrainiens se sont accroch\u00e9s \u00e0 Koursk, alors m\u00eame qu\u2019il \u00e9tait devenu clair qu\u2019ils n\u2019arriveraient pas \u00e0 s\u2019emparer de la centrale atomique de Koursk (pour l\u2019\u00e9changer contre la centrale nucl\u00e9aire de zaporijjia) ni m\u00eame \u00e0 se maintenir dans l\u2019enclave.<\/p>\n<p>Il y a beaucoup de preuves que les Ukrainiens ont commis de nombreux crimes de guerres dans la r\u00e9gion de Koursk. Et il n\u2019y aura sans doute pas d\u2019\u00e9change de prisonniers.<\/p>\n<p><a target=\"_blank\" href=\"https:\/\/www.youtube.com\/watch?v=NSUJt7WrW7o\" class=\"spip_url spip_out auto\" rel=\"nofollow external\">https:\/\/www.youtube.com\/watch?v=NSUJt7WrW7o<\/a><\/p>\n<p><strong>Georges Kuzmanovic &#8211; Le r\u00e9gime de Kiev condamn\u00e9 pour complicit\u00e9 dans l\u2019assassinat par cr\u00e9mation des russophiles d\u2019Odessa en 2014<\/strong><\/p>\n<p>La Cour europ\u00e9enne des droits de l\u2019Homme a ordonn\u00e9 \u00e0 l\u2019Ukraine quelle accuse d\u2019inaction, de verser des indemnit\u00e9s aux victimes de la trag\u00e9die d\u2019Odessa du 2 mai 2014, lorsque des dizaines de personnes sont mortes dans un incendie dans la Maison des syndicats.<\/p>\n<p>A Cl\u00e9mence, qui l\u2019interroge sur les pourparlers de paix en Ukraine, Kusmanovic r\u00e9pond que les Russes ne cherchent pas un cessez-le-feu en Ukraine, ils veulent un accord de s\u00e9curit\u00e9 globale. C\u2019est l\u00e0-dessus, en fait, que portent les n\u00e9gociations entre les Russes et les Am\u00e9ricains. M\u00eame si \u00e7a ne pla\u00eet pas aux Occidentaux, une nouvelle architecture mondiale se dessine.<\/p>\n<p><a target=\"_blank\" href=\"https:\/\/www.youtube.com\/watch?v=zj6wuhmjdbo\" class=\"spip_url spip_out auto\" rel=\"nofollow external\">https:\/\/www.youtube.com\/watch?v=zj6wuhmjdbo<\/a><\/p>\n<p><strong>Military Summary &#8211; L\u2019offensive russe s\u2019acc\u00e9l\u00e8re<\/strong><\/p>\n<p>Pour Marc Rubio, il y a deux options pour arr\u00eater la guerre en Ukraine, un cessez-le-feu ou des n\u00e9gociations. Un entretien entre Trump et Poutine aura lieu le 18 mars 2025.<\/p>\n<p>Les Ukrainiens voudraient r\u00e9cup\u00e9rer la centrale nucl\u00e9aire de Zaporijjia dont ils ont besoin pour restaurer leur \u00e9conomie. Il se peut que les Russes acceptent de l\u2019\u00e9changer contre par exemple Pokrov, Slaviansk ou Kramatov.<\/p>\n<p>Pendant ce temps les Russes avancent et des chaudrons se forment aussi sur le front est. <br class=\"autobr\"\/><br \/>\n<a target=\"_blank\" href=\"https:\/\/www.youtube.com\/watch?v=pth_Z3Aey_U\" class=\"spip_url spip_out auto\" rel=\"nofollow external\">https:\/\/www.youtube.com\/watch?v=pth_Z3Aey_U<\/a><\/p>\n<p><strong>Minist\u00e8re des Affaires \u00e9trang\u00e8res &#8211; La Russie lance un appel aux pays dont les mercenaires ont \u00e9t\u00e9 aper\u00e7us dans la r\u00e9gion de Koursk<\/strong><\/p>\n<p>MOSCOU \u2014 RIA Novosti. La Russie contacte par voie diplomatique les pays dont les mercenaires ont \u00e9t\u00e9 vus dans la r\u00e9gion de Koursk, a d\u00e9clar\u00e9 l\u2019ambassadeur itin\u00e9rant du minist\u00e8re des Affaires \u00e9trang\u00e8res pour les crimes du r\u00e9gime de Kiev, Rodion Miroshnik, \u00e0 l\u2019antenne de la cha\u00eene de t\u00e9l\u00e9vision Russie 24.<\/p>\n<p>La veille, le coordinateur de la r\u00e9sistance pro-russe de Nikolaev, Sergue\u00ef Lebedev, avait d\u00e9clar\u00e9 \u00e0 RIA Novosti qu\u2019une trentaine d\u2019officiers des pays de l\u2019OTAN \u00e9taient encercl\u00e9s dans la r\u00e9gion de Koursk . Ils commandaient des troupes sur le terrain, traitaient les donn\u00e9es de renseignement provenant des satellites de l\u2019OTAN et ajustaient les frappes en profondeur en Russie.<\/p>\n<p><a target=\"_blank\" href=\"https:\/\/ria.ru\/20250317\/mid-2005438696.html\" class=\"spip_url spip_out auto\" rel=\"nofollow external\">https:\/\/ria.ru\/20250317\/mid-2005438696.html<\/a><\/p>\n<p><strong>Alexandre Mercouris &#8211; La raison du discours \u00ab\u00a0d\u00e9ment (lunatic)\u00a0\u00bb de Macron sur la \u00ab\u00a0menace russe\u00a0\u00bb est la comp\u00e9tition avec l\u2019Allemagne.<\/strong><\/p>\n<p>Avec son nouveau chancelier, l\u2019Allemagne a d\u00e9cid\u00e9 de se r\u00e9armer, et Macron qui \u00e9tait fier d\u2019avoir la plus grande arm\u00e9e d\u2019Europe, a peur de se voir rattrap\u00e9\/d\u00e9pass\u00e9 par l\u2019Allemagne dans ce domaine l\u00e0 aussi. Et donc il se d\u00e9p\u00eache de se poser en chef de guerre de l\u2019Europe en brandissant son parapluie nucl\u00e9aire, comme si la France pouvait remplacer les Etats-Unis.  Selon Mercouris, cette folle entreprise guerri\u00e8re men\u00e9e dans une euphorie r\u00e9v\u00e9latrice de son vide, sonnera non seulement le glas de l\u2019OTAN mais aussi de l\u2019UE.<\/p>\n<p><a target=\"_blank\" href=\"https:\/\/www.youtube.com\/watch?v=6KtiU7YuU3Y\" class=\"spip_url spip_out auto\" rel=\"nofollow external\">https:\/\/www.youtube.com\/watch?v=6KtiU7YuU3Y<\/a><\/p>\n<p><strong>Renaud Beauchard &#8211; Le roi Zelensky est nu et le r\u00e8gne des boomers est termin\u00e9<\/strong><\/p>\n<p>Renaud Beauchard sur Tocsin explique que d\u2019apr\u00e8s le c\u00e9l\u00e8bre analyste du blog britannique Academic Agent, on arrive \u00e0 la fin du long 20e si\u00e8cle du \u00ab\u00a0boomer\u2019s truth r\u00e9gime\u00a0\u00bb (le r\u00e9gime de v\u00e9rit\u00e9 des boomers) et N.S. Lyons parle du \u00ab\u00a0<i>return of strong gods<\/i>\u00a0\u00bb (retour des dieux forts)  sur Unherd. Le XX\u00e8me si\u00e8cle, celui des boomers, a \u00e9t\u00e9 un monde domin\u00e9 par l\u2019id\u00e9e du plus jamais \u00e7a. Soit nous acceptons la soci\u00e9t\u00e9 ouverte (Karl Popper) soit nous sommes dans une pente qui m\u00e8ne directement \u00e0 Auschwitz. On est sorti de ce sch\u00e9ma narratif\u00a0:\u00a0la soci\u00e9t\u00e9 ouverte ou Auschwitz. C\u2019est fini. Hitler a eu une seconde carri\u00e8re apr\u00e8s la guerre en incarnant la figure du mal. Mais personne ne veut plus en entendre parler de cette alternative qui emp\u00eachait tout retour \u00e0 une certaine incarnation de dieux forts comme la v\u00e9rit\u00e9 criante, l\u2019enracinement, des codes moraux forts, en pr\u00e9tendant que cela m\u00e8nerait directement aux camps de concentration. Nous sommes dans un cong\u00e9diement des dieux faibles sous la forme, par exemple d\u2019une tol\u00e9rance qui tourne \u00e0 vide, (la tol\u00e9rance n\u2019est pas une fin mais un moyen), ou le projet d\u2019un Etat sans aucune tension (le vivre ensemble, le consensus, l\u2019inclusion), un f\u0153tus dans le placenta ou un petit enfant au stade du narcissisme primaire qui ne comprend pas qu\u2019il est s\u00e9par\u00e9 de son environnement.<\/p>\n<p>C\u2019est un retour du politique et un rejet de la faiblesse qu\u2019acte l\u2019administration Trump. L\u2019Empire veut continuer d\u2019exister (principalement en Europe) mais la population des EU de plus en plus mis\u00e9rable prend conscience que les Europ\u00e9ens et la \u00ab\u00a0petite frappe\u00a0\u00bb Zelinsky sont des enfants g\u00e2t\u00e9s, dont le niveau de vie est sup\u00e9rieur au leur gr\u00e2ce au financement US, tout comme la haute bourgeoisie EU et les fonctionnaires f\u00e9d\u00e9raux EU d\u2019ailleurs.<\/p>\n<p>Et en m\u00eame temps, les peuples occidentaux rejettent de plus en plus le lobby de \u00ab\u00a0la guerre \u00e9ternelle\u00a0\u00bb, selon l\u2019expression de Joseph William Haldeman.<\/p>\n<p><a target=\"_blank\" href=\"https:\/\/www.youtube.com\/watch?v=Zak0ufdOonw\" class=\"spip_url spip_out auto\" rel=\"nofollow external\">https:\/\/www.youtube.com\/watch?v=Zak0ufdOonw<\/a><\/p>\n<p> <strong>Olivier Delorme &#8211; L\u2019Union Europ\u00e9enne au Bord de l\u2019Explosion\u00a0? <\/strong><\/p>\n<p>Olivier Delorme se dit patriote et gaulliste de gauche \u00ab\u00a0si tant est que ces deux mots ont encore un sens\u00a0\u00bb.<\/p>\n<p>\u00ab\u00a0Au moment de la crise grecque, j\u2019ai cru qu\u2019on entrait dans la crise finale de cette \u00e9difice anti-d\u00e9mocratique qu\u2019est l\u2019UE, donc je n\u2019ose plus trop pr\u00e9dire la fin de l\u2019UE.<\/p>\n<p>Une chose est claire, la France et l\u2019Europe sont totalement d\u00e9class\u00e9es. Du temps de de Gaulle, c\u2019est \u00e0 Paris qu\u2019ont eu lieu les n\u00e9gociations de paix entre Nixon et les Vi\u00eat-Cong pour mettre fin \u00e0 la guerre du Vietnam d\u00e9clench\u00e9e par les D\u00e9mocrates EU.<\/p>\n<p>L\u2019Europe n\u2019est pas la paix, c\u2019est la guerre froide \u00e0 perp\u00e9tuit\u00e9. Le but de l\u2019op\u00e9ration ukrainienne c\u2019est de d\u00e9clencher un vent de panique en Europe pour finaliser la f\u00e9d\u00e9ration de l\u2019Europe, sous le contr\u00f4le totalitaire de la technocrature bruxelloise.<\/p>\n<p><a target=\"_blank\" href=\"https:\/\/www.youtube.com\/watch?v=_HXClBx4EtY\" class=\"spip_url spip_out auto\" rel=\"nofollow external\">https:\/\/www.youtube.com\/watch?v=_HXClBx4EtY<\/a><\/p>\n<p><strong>Le danger s\u2019accro\u00eet en Mer Baltique<\/strong><\/p>\n<p>\u00c0 la lumi\u00e8re de l\u2019effondrement en cours de l\u2019Ukraine, l\u2019Empire dont le fer de lance est actuellement Bruxelles+GB, a d\u00e9sesp\u00e9r\u00e9ment besoin de trouver un moyen d\u2019\u00ab\u00a0auto-r\u00e9aliser\u00a0\u00bb la proph\u00e9tie d\u2019une attaque russe en Europe, afin de vendre la narrative frauduleuse de la \u00ab\u00a0menace russe\u00a0\u00bb.<\/p>\n<p>D\u2019o\u00f9 la n\u00e9cessit\u00e9 d\u2019intensifier les provocations pour forcer la Russie \u00e0 entreprendre une action militaire agressive ou \u00e0 attaquer un autre pays voisin pour vendre tout le r\u00e9cit.<\/p>\n<p>Cela servirait deux objectifs\u00a0: si la guerre en Ukraine prend fin, l\u2019Occident a besoin d\u2019un moyen de maintenir la Russie occup\u00e9e et sous pression, afin de l\u2019emp\u00eacher de se d\u00e9velopper, en particulier maintenant que son \u00e9conomie s\u2019\u00e9loigne rapidement du d\u00e9clin. Mais le deuxi\u00e8me objectif consiste\u00a0\u2013\u00a0m\u00eame si la guerre en Ukraine continue\u00a0\u2013\u00a0\u00e0 forcer la Russie \u00e0 r\u00e9pondre agressivement \u00e0 un pays voisin pour galvaniser la solidarit\u00e9 europ\u00e9enne, et m\u00eame mondiale, permettant la r\u00e9alisation de tous les r\u00eaves de r\u00e9armement militaire dont les pies de l\u2019OTAN ont parl\u00e9.<\/p>\n<p><a target=\"_blank\" href=\"https:\/\/numidia-liberum.blogspot.com\/2025\/02\/le-danger-saccroit-en-mer-baltique.html\" class=\"spip_url spip_out auto\" rel=\"nofollow external\">https:\/\/numidia-liberum.blogspot.com\/2025\/02\/le-danger-saccroit-en-mer-baltique.html<\/a><\/p>\n<p><strong>L\u2019article 122, l\u2019arme secr\u00e8te d\u2019Ursula von der Leyen<\/strong><\/p>\n<p>Au lieu d\u2019accompagner les n\u00e9gociations de paix qui se sont engag\u00e9es entre Vladimir Poutine, Volodymyr Zelensky et Donald Trump, la pr\u00e9sidente de la Commission europ\u00e9enne, Ursula von der Leyen, plaide pour un r\u00e9armement massif de l\u2019Europe et d\u00e9bloque 800 milliards d\u2019euros pour soutenir l\u2019industrie militaire, sans consultation des \u00c9tats membres.<\/p>\n<p>Pour ce faire, elle s\u2019appuie sur l\u2019article 122 du Trait\u00e9 sur le fonctionnement de l\u2019Union europ\u00e9enne (TFUE), un m\u00e9canisme qui permet \u00e0 Bruxelles d\u2019agir sans l\u2019aval des gouvernements nationaux. Un v\u00e9ritable \u00ab\u00a049.3\u00a0\u00bb \u00e0 l\u2019\u00e9chelle europ\u00e9enne, utilis\u00e9 cette fois pour forcer les pays \u00e0 investir dans l\u2019armement, au m\u00e9pris des consultations d\u00e9mocratiques.<\/p>\n<p><a target=\"_blank\" href=\"https:\/\/infodujour.fr\/societe\/geopolitique\/79473-larticle-122-arme-secrete-dursula-von-der-leyen\" class=\"spip_url spip_out auto\" rel=\"nofollow external\">https:\/\/infodujour.fr\/societe\/geopolitique\/79473-larticle-122-arme-secrete-dursula-von-der-leyen<\/a><\/p>\n<p><strong>David contre Goliath<\/strong><\/p>\n<p>Le courageux Ansar Allah du Y\u00e9men a repris ses frappes en mer rouge pour protester contre le blocage isra\u00e9lien de l\u2019aide humanitaire \u00e0 Gaza. Au lieu de s\u2019attaquer aux causes profondes de cette d\u00e9cision, les responsables \u00e9tasuniens intensifient les attaques meurtri\u00e8res contre le Y\u00e9men, l\u2019un des pays les plus pauvres et les plus d\u00e9vast\u00e9s du Moyen-Orient, en prenant le risque de d\u00e9clencher une guerre r\u00e9gionale plus large avec l\u2019Iran.<\/p>\n<p><a target=\"_blank\" href=\"https:\/\/x.com\/DropSiteNews\/status\/1900988499005714900\" class=\"spip_url spip_out auto\" rel=\"nofollow external\">https:\/\/x.com\/DropSiteNews\/status\/1900988499005714900<\/a><\/p>\n<p><strong>Pour combattre les <i>fakes news<\/i>, Voice of America r\u00e9silie ses contrats avec Associated Press, Reuters et l\u2019Agence France-Presse (AFP)<\/strong><\/p>\n<p>Voice of America (VOA), sous la direction de Kari Lake, a r\u00e9sili\u00e9 ses contrats avec les principales agences de presse europ\u00e9ennes, une d\u00e9cision qui, selon elle, permettra aux contribuables \u00e9tasuniens d\u2019\u00e9conomiser 53 millions de dollars. Et qui devrait aussi \u00e9pargner plusieurs m\u00e9dias \u00e9tasuniens de la d\u00e9sinformation en provenance d\u2019Europe. Apparemment VOA renoue avec sa vocation originelle puisque\u00a0:\u00a0\u00ab\u00a0La Voix de l\u2019Am\u00e9rique a commenc\u00e9 \u00e0 diffuser en 1942 pour combattre la propagande nazie en diffusant des informations pr\u00e9cises et impartiales\u00a0\u00bb<\/p>\n<p><a target=\"_blank\" href=\"https:\/\/www.medias-presse.info\/voice-of-america-met-fin-aux-contrats-avec-lassociated-press-reuters-et-lagence-france-presse-afp\/202654\/\" class=\"spip_url spip_out auto\" rel=\"nofollow external\">https:\/\/www.medias-presse.info\/voice-of-america-met-fin-aux-contrats-avec-lassociated-press-reuters-et-lagence-france-presse-afp\/202654\/<\/a><\/p>\n<p><strong>Marc Joly &#8211; Macron, un grand pervers \u00e0 l\u2019Elys\u00e9e\u00a0?<\/strong><\/p>\n<p>Aujourd\u2019hui, l\u2019assise des dominants et donc leur s\u00e9curit\u00e9 psychique ne va plus de soi pour toutes sortes de raisons\u00a0:\u00a0le niveau des \u00e9tudes, l\u2019\u00e9galit\u00e9 femme-homme, etc. Dans les ann\u00e9es 1970-80 l\u2019\u00e9galit\u00e9 homme-femme \u00e9tait \u00e0 port\u00e9e de main, et c\u2019est \u00e0 ce moment-l\u00e0 que le capitalisme financier a \u00e9t\u00e9 d\u00e9r\u00e9gul\u00e9 et que les in\u00e9galit\u00e9s \u00e9conomiques ont recommenc\u00e9 \u00e0 s\u2019accro\u00eetre, touchant particuli\u00e8rement les femmes, alors qu\u2019elles \u00e9taient en train de dispara\u00eetre. La guerre des dominants contre les peuples prend diff\u00e9rentes formes\u00a0:\u00a0violence morale (disqualification de la parole, du savoir, de la v\u00e9rit\u00e9 de l\u2019autre). En 2005, au moment du r\u00e9f\u00e9rendum sur la Constitution europ\u00e9enne, la petite musique, c\u2019\u00e9tait\u00a0:\u00a0on sait mieux que vous ce qui est bon pour vous\u00a0!<\/p>\n<p>Ce qu\u2019on appelle souverainet\u00e9 europ\u00e9enne, c\u2019est une souverainet\u00e9 d\u00e9connect\u00e9e des nations, c\u2019est une souverainet\u00e9 \u00e9litaire. La politique et le monde de la finance attirent les pires individus.<\/p>\n<p>Macron ment tout le temps avec un aplomb incroyable, m\u00eame quand tout le monde sait qu\u2019il ment, et les gens se demandent \u201c\u00a0Qui est ce type\u00a0?\u00a0\u201d Il a cependant une ligne bien nette\u00a0: c\u2019est l\u2019exercice d\u2019une autorit\u00e9 indiscutable autour de sa propre personne. Et Brigitte Macron est l\u00e0 pour valider cette posture de chef absolu.<\/p>\n<p>Macron doit toujours avoir raison m\u00eame quand il ne sait pas de quoi il parle. Il faut toujours qu\u2019il personnalise tout\u00a0:\u00a0son rapport \u00e0 la population, aux autres chefs d\u2019Etat. Il m\u00e9lange les temporalit\u00e9s, le cours et le long terme, pour embrouiller les gens. Il ne supporte pas qu\u2019on s\u2019oppose \u00e0 lui, surtout avec des arguments solides, comme l\u2019a fait Laurent Berger pour les retraites. Et ce qui \u00e9tait frappant c\u2019est qu\u2019on retrouvait dans le discours de Berger et des opposants \u00e0 la r\u00e9forme des retraites le m\u00eame champ s\u00e9mantique que les victimes de violences conjugales.<\/p>\n<p>Macron est vraiment le produit des grands int\u00e9r\u00eats \u00e9conomiques qui sont de plus en plus engag\u00e9s dans la globalisation financi\u00e8re et de plus en plus impatients de mettre en \u0153uvre les r\u00e9formes n\u00e9cessaires pour que \u00ab\u00a0la France s\u2019adapte aux exigences de la comp\u00e9titivit\u00e9 bla bla bla\u00a0\u00bb. Ces puissances sont pass\u00e9es progressivement d\u2019un discours privil\u00e9giant l\u2019alternance entre la droite et la gauche de gouvernement, \u00e0 un discours qui rejette l\u2019id\u00e9e m\u00eame d\u2019alternance d\u00e9mocratique car m\u00eame cette fausse alternance leur para\u00eet d\u00e9sormais trop dangereuse. Et Macron symbolise \u00e0 la fois ce rejet de l\u2019alternance et l\u2019impatience par rapport \u00e0 ces r\u00e9formes (destruction des acquis sociaux) qui ne viennent pas. Sarkozy \u00e9tait suppos\u00e9 le faire, mais il n\u2019a pas r\u00e9ussi.<\/p>\n<p><a target=\"_blank\" href=\"https:\/\/www.youtube.com\/watch?v=P8-VVYcoiLc\" class=\"spip_url spip_out auto\" rel=\"nofollow external\">https:\/\/www.youtube.com\/watch?v=P8-VVYcoiLc<\/a><\/p>\n<p><strong>Emmanuel Macron a 366 000 abonn\u00e9s sur sa cha\u00eene youtube<\/strong><\/p>\n<p>Une nouvelle preuve de son incroyable popularit\u00e9 puisque, le 5 mars dernier, sa cha\u00eene youtube d\u00e9passait de quelque 20 000 abonn\u00e9s, Tocsin, la chaine youtube de Cl\u00e9mence, qui n\u2019a m\u00eame pas un an d\u2019existence&#8230;<\/p>\n<p><a target=\"_blank\" href=\"https:\/\/www.youtube.com\/watch?v=zj6wuhmjdbo\" class=\"spip_url spip_out auto\" rel=\"nofollow external\">https:\/\/www.youtube.com\/watch?v=zj6wuhmjdbo<\/a><\/p>\n<p><strong>Jean-Jacques Cr\u00e8vecoeur &#8211; Nous sommes toujours et tout le temps dans des rapports de force, c\u2019est normal, encore faut-il en \u00eatre conscient.<\/strong><\/p>\n<p>Jean-Jacques Cr\u00e8vecoeur explique comment, suite \u00e0 un \u00e9chec relationnel, il a d\u00e9couvert, gr\u00e2ce \u00e0 l\u2019approche syst\u00e9mique d\u2019Edgar Morin et d\u2019autres, comment nous nous manipulions tous les uns les autres tout naturellement pour assurer notre survie. Ce n\u2019est pas un probl\u00e8me quand on en a conscience, comme pour la plupart des choses. L\u2019habitude et la technique sont acquises dans la toute petite enfance quand, d\u00e9pourvu de la parole, il nous faut \u00ab\u00a0contr\u00f4ler\u00a0\u00bb notre entourage pour obtenir la satisfaction de nos besoins&#8230;<\/p>\n<p>Il parle aussi du pouvoir de la victimisation&#8230;<\/p>\n<p>Il raconte comment un groupe s\u2019est constitu\u00e9 en commen\u00e7ant par la question\u00a0:\u00a0qu\u2019est-ce qui chez toi fait que je pourrais me m\u00e9fier de toi\u00a0? Cela a pris pas mal de temps mais a permis que le groupe parte sur de bonnes bases.<\/p>\n<p>Ou comment, dans son couple, ils se demandaient tous les 2 ou 3 ans\u00a0:\u00a0si nous devions nous s\u00e9parer comment faudrait-il faire pour que \u00e7a se passe bien\u00a0? et quand ils ont d\u00e9cid\u00e9 de se s\u00e9parer ils ont repris le dernier \u00e9change et \u00e7a \u00e9t\u00e9 r\u00e9gl\u00e9 en 5 mn et dans la paix.<br class=\"autobr\"\/><br \/>\n<a target=\"_blank\" href=\"https:\/\/www.youtube.com\/watch?v=cryJ5kEiT8k&amp;t=605s\" class=\"spip_url spip_out auto\" rel=\"nofollow external\">https:\/\/www.youtube.com\/watch?v=cryJ5kEiT8k&amp;t=605s<\/a><\/p>\n<p><strong>Les Chanteurs Anonymes &#8211; Macron, au front<\/strong> <br class=\"autobr\"\/><br \/>\n<a target=\"_blank\" href=\"https:\/\/www.youtube.com\/watch?v=vioyzaZbYNM\" class=\"spip_url spip_out auto\" rel=\"nofollow external\">https:\/\/www.youtube.com\/watch?v=vioyzaZbYNM<\/a><\/p>\n<\/div>\n<p><script async defer>(function(d, s, id) {\nvar js, fjs = d.getElementsByTagName(s)[0];\nif (d.getElementById(id)) return;\njs = d.createElement(s); js.id = id;\njs.src=\"https:\/\/connect.facebook.net\/fr_FR\/sdk.js#xfbml=1&version=v3.0\";\nfjs.parentNode.insertBefore(js, fjs);\n}(document, 'script', 'facebook-jssdk'));<\/script><br \/>\n<br \/><br \/>\n<br \/><a href=\"https:\/\/www.legrandsoir.info\/si-le-mensonge-devient-la-norme-qu-au-moins-je-n-y-sois-pour-rien.html\" target=\"_blank\"\">Source link <\/a><\/p>\n","protected":false},"excerpt":{"rendered":"<p>\u00ab\u00a0 Et c\u2019est l\u00e0 justement que se trouve, souvent n\u00e9glig\u00e9e, mais si simple, si accessible, la cl\u00e9 de notre lib\u00e9ration\u00a0: Le refus de participer personnellement au mensonge\u00a0! M\u00eame si le&hellip; <\/p>\n","protected":false},"author":1,"featured_media":4709,"comment_status":"open","ping_status":"open","sticky":false,"template":"","format":"standard","meta":{"footnotes":""},"categories":[1],"tags":[],"class_list":["post-4708","post","type-post","status-publish","format-standard","has-post-thumbnail","hentry","category-non-classe"],"_links":{"self":[{"href":"https:\/\/monde25.info\/index.php\/wp-json\/wp\/v2\/posts\/4708","targetHints":{"allow":["GET"]}}],"collection":[{"href":"https:\/\/monde25.info\/index.php\/wp-json\/wp\/v2\/posts"}],"about":[{"href":"https:\/\/monde25.info\/index.php\/wp-json\/wp\/v2\/types\/post"}],"author":[{"embeddable":true,"href":"https:\/\/monde25.info\/index.php\/wp-json\/wp\/v2\/users\/1"}],"replies":[{"embeddable":true,"href":"https:\/\/monde25.info\/index.php\/wp-json\/wp\/v2\/comments?post=4708"}],"version-history":[{"count":0,"href":"https:\/\/monde25.info\/index.php\/wp-json\/wp\/v2\/posts\/4708\/revisions"}],"wp:featuredmedia":[{"embeddable":true,"href":"https:\/\/monde25.info\/index.php\/wp-json\/wp\/v2\/media\/4709"}],"wp:attachment":[{"href":"https:\/\/monde25.info\/index.php\/wp-json\/wp\/v2\/media?parent=4708"}],"wp:term":[{"taxonomy":"category","embeddable":true,"href":"https:\/\/monde25.info\/index.php\/wp-json\/wp\/v2\/categories?post=4708"},{"taxonomy":"post_tag","embeddable":true,"href":"https:\/\/monde25.info\/index.php\/wp-json\/wp\/v2\/tags?post=4708"}],"curies":[{"name":"wp","href":"https:\/\/api.w.org\/{rel}","templated":true}]}}