{"id":4712,"date":"2025-03-18T23:43:56","date_gmt":"2025-03-18T22:43:56","guid":{"rendered":"https:\/\/monde25.info\/index.php\/2025\/03\/18\/des-retards-et-des-surcouts-pour-les-epr2\/"},"modified":"2025-03-18T23:43:56","modified_gmt":"2025-03-18T22:43:56","slug":"des-retards-et-des-surcouts-pour-les-epr2","status":"publish","type":"post","link":"https:\/\/monde25.info\/index.php\/2025\/03\/18\/des-retards-et-des-surcouts-pour-les-epr2\/","title":{"rendered":"des retards et des surco\u00fbts pour les EPR2"},"content":{"rendered":"<p> <br \/>\n<\/p>\n<div>\n<p>Trois ans de retard pris en soixante-douze heures. C\u2019est le record battu par le programme de construction de six\u00a0r\u00e9acteurs nucl\u00e9aires <span class=\"caps\">EPR2<\/span><span class=\"spip_note_ref\">\u00a0[<a target=\"_blank\" href=\"#nb1\" class=\"spip_note\" rel=\"appendix\" title=\"Ce programme, annonc\u00e9 par le pr\u00e9sident de la R\u00e9publique Emmanuel Macron lors\u00a0(\u2026)\" id=\"nh1\">1<\/a>]<\/span> lundi 17\u00a0mars, lors du quatri\u00e8me Conseil de politique nucl\u00e9aire\u00a0(<span class=\"caps\">CPN<\/span>).<\/p>\n<p>Vendredi matin, l\u2019\u00c9lys\u00e9e parlait encore d\u2019un allumage du premier d\u2019entre eux, \u00e0 Penly, <i>\u00ab<small class=\"fine d-inline\">\u00a0<\/small>autour de 2035<small class=\"fine d-inline\">\u00a0<\/small>\u00bb<\/i>. Lundi, il \u00e9tait d\u00e9sormais question d\u2019une mise en service <i>\u00ab<small class=\"fine d-inline\">\u00a0<\/small>d\u2019ici\u00a02038<small class=\"fine d-inline\">\u00a0<\/small>\u00bb<\/i>. Ces nouveaux d\u00e9rapages de calendrier ne sont toutefois pas une surprise\u00a0: l\u2019<span class=\"caps\">AFP<\/span> rappelle qu\u2019un audit gouvernemental de f\u00e9vrier\u00a02022 \u00e9voquait d\u00e9j\u00e0 la date de\u00a02037 pour les premi\u00e8res mises en service. Pr\u00e9c\u00e9demment, l\u2019<span class=\"caps\">EPR<\/span> de Flamanville avait \u00e9t\u00e9 reli\u00e9 au r\u00e9seau le 20\u00a0d\u00e9cembre\u00a02024, avec douze ans de retard.<\/p>\n<p>Plusieurs \u00e9l\u00e9ments contribuent \u00e0 ce report de la date de mise en service du premier <span class=\"caps\">EPR2<\/span>. Pour commencer, <i>\u00ab<small class=\"fine d-inline\">\u00a0<\/small>la conception n\u2019est pas termin\u00e9e<small class=\"fine d-inline\">\u00a0<\/small>\u00bb<\/i>, rappelle \u00e0 <i>Reporterre<\/i> Yves Marignac, expert \u00e9nergie \u00e0 l\u2019association n\u00e9gaWatt. \u00c0 peine commenc\u00e9, le chantier des <span class=\"caps\">EPR2<\/span> de Penly est confront\u00e9 \u00e0 un probl\u00e8me de b\u00e9ton d\u00e9fectueux, comme l\u2019ont r\u00e9v\u00e9l\u00e9 <a target=\"_blank\" href=\"https:\/\/reporterre.net\/Nucleaire-le-beton-des-premiers-EPR2-est-defectueux\" class=\"spip_in\"><i>Reporterre<\/i><\/a> et <a target=\"_blank\" href=\"https:\/\/www.mediapart.fr\/journal\/france\/140325\/le-beton-du-futur-epr-de-penly-n-est-pas-conforme-aux-normes-de-securite\" class=\"spip_out\" rel=\"external\"><i>Mediapart<\/i><\/a>.<\/p>\n<p>De son c\u00f4t\u00e9, <span class=\"caps\">EDF<\/span> se veut rassurant sur l\u2019avanc\u00e9e du projet\u00a0: <i>\u00ab<small class=\"fine d-inline\">\u00a0<\/small>Des \u00e9tapes ont \u00e9t\u00e9 franchies en 2024 [\u2026]. Nous sommes entr\u00e9s dans la phase de d\u00e9finition d\u00e9taill\u00e9e des principaux b\u00e2timents de l\u2019\u00eelot nucl\u00e9aire<small class=\"fine d-inline\">\u00a0<\/small>\u00bb<\/i>, a \u00e9crit le groupe \u00e0 <i>Reporterre<\/i>.<\/p>\n<blockquote class=\"spip\">\n<p>Un co\u00fbt \u00ab<small class=\"fine d-inline\">\u00a0<\/small>susceptible de d\u00e9passer les 100 milliards d\u2019euros<small class=\"fine d-inline\">\u00a0<\/small>\u00bb<\/p>\n<\/blockquote>\n<p>Cons\u00e9quence logique du retard dans la conception, <span class=\"caps\">EDF<\/span> peine \u00e0 fournir \u00e0 l\u2019\u00c9tat un devis d\u00e9taill\u00e9 des co\u00fbts et du calendrier du programme. \u00c0 l\u2019origine, il \u00e9tait pr\u00e9vu que ce document soit remis <a target=\"_blank\" href=\"https:\/\/www.lesechos.fr\/industrie-services\/energie-environnement\/nucleaire-le-devis-des-futurs-reacteurs-dedf-repousse-a-la-fin-de-lannee-2149974\" class=\"spip_out\" rel=\"external\">fin\u00a02024<\/a>. Dans son communiqu\u00e9 diffus\u00e9 \u00e0 l\u2019issue du <span class=\"caps\">CPN<\/span>, l\u2019\u00c9lys\u00e9e r\u00e9clame un <i>\u00ab<small class=\"fine d-inline\">\u00a0<\/small>chiffrage engageant, en co\u00fbts et en d\u00e9lais<small class=\"fine d-inline\">\u00a0<\/small>\u00bb<\/i> <i>\u00ab<small class=\"fine d-inline\">\u00a0<\/small>d\u2019ici la fin de l\u2019ann\u00e9e<small class=\"fine d-inline\">\u00a0<\/small>\u00bb<\/i>. Ceci, alors que l\u2019estimation des co\u00fbts a d\u00e9j\u00e0 \u00e9t\u00e9 largement revue \u00e0 la hausse\u00a0: de 51,3\u00a0milliards d\u2019euros en avril\u00a02021, elle est pass\u00e9e \u00e0 67,4\u00a0milliards d\u2019euros en f\u00e9vrier\u00a02024.<\/p>\n<p>La Cour des comptes, dans <a target=\"_blank\" href=\"https:\/\/www.ccomptes.fr\/sites\/default\/files\/2025-01\/20250114-La-filiere-EPR%20-une-dynamique-nouvelle-des-risques-persistants_0.pdf\" class=\"spip_out\" rel=\"external\">un rapport<\/a> de janvier\u00a02025, \u00e9voque une facture de 79,9\u00a0milliards d\u2019euros. Son pr\u00e9sident a m\u00eame parl\u00e9 d\u2019un co\u00fbt <a target=\"_blank\" href=\"https:\/\/reporterre.net\/L-EPR-n-est-pas-rentable-tranche-la-Cour-des-comptes\" class=\"spip_in\"><i>\u00ab<small class=\"fine d-inline\">\u00a0<\/small>susceptible de d\u00e9passer les 100\u00a0milliards d\u2019euros<small class=\"fine d-inline\">\u00a0<\/small>\u00bb<\/i><\/a> \u2014\u00a0ce que pr\u00e9disait d\u00e9j\u00e0 l\u2019<span class=\"caps\">ONG<\/span> Greenpeace dans <a target=\"_blank\" href=\"https:\/\/cdn.greenpeace.fr\/site\/uploads\/2024\/03\/Rapport-Cout-du-nouveau-nucleaire-linsoutenable-legerete-dEDF-Greenpeace-2024-4.pdf\" class=\"spip_out\" rel=\"external\">un rapport<\/a> paru en mars\u00a02024.<\/p>\n<h2 class=\"spip\">Bras de fer sur le financement<\/h2>\n<p>Face \u00e0 ces incertitudes, un bras de fer s\u2019est engag\u00e9 entre <span class=\"caps\">EDF<\/span> et l\u2019\u00c9tat pour le financement du programme. Sur ce point, le <span class=\"caps\">CPN<\/span> a act\u00e9 un <i>\u00ab<small class=\"fine d-inline\">\u00a0<\/small>pr\u00eat de l\u2019\u00c9tat bonifi\u00e9 couvrant au moins la moiti\u00e9 des co\u00fbts de construction<small class=\"fine d-inline\">\u00a0<\/small>\u00bb<\/i> et <i>\u00ab<small class=\"fine d-inline\">\u00a0<\/small>un contrat pour diff\u00e9rence<span class=\"spip_note_ref\">\u00a0[<a target=\"_blank\" href=\"#nb2\" class=\"spip_note\" rel=\"appendix\" title=\"Un contrat pour diff\u00e9rence est \u00e9tabli entre  un producteur d\u2019\u00e9lectricit\u00e9 et\u00a0(\u2026)\" id=\"nh2\">2<\/a>]<\/span> sur la production nucl\u00e9aire \u00e0 un prix maximal de 100\u00a0euros par m\u00e9gawattheure\u00a0(\u20ac\/MWh)<small class=\"fine d-inline\">\u00a0<\/small>\u00bb<\/i>.<\/p>\n<p>L\u2019id\u00e9e est de copier le sch\u00e9ma de financement des futurs r\u00e9acteurs de Dukovany en R\u00e9publique tch\u00e8que, car celui-ci a d\u00e9j\u00e0 \u00e9t\u00e9 valid\u00e9 par la Commission europ\u00e9enne, pourtant peu favorable aux aides publiques aux entreprises. <i>\u00ab<small class=\"fine d-inline\">\u00a0<\/small>Ce jalon important permettra de finaliser dans les prochaines semaines les discussions entre l\u2019\u00c9tat et <span class=\"caps\">EDF<\/span> et d\u2019initier rapidement les discussions avec la Commission europ\u00e9enne, dans la perspective d\u2019une d\u00e9cision finale d\u2019investissement d\u2019<span class=\"caps\">EDF<\/span> en\u00a02026<small class=\"fine d-inline\">\u00a0<\/small>\u00bb<\/i>, s\u2019est f\u00e9licit\u00e9 l\u2019\u00c9lys\u00e9e dans son communiqu\u00e9.<\/p>\n<p>Sauf que ce montant de 100\u00a0\u20ac\/MWh a fait grincer des dents les experts du secteur. <i>\u00ab<small class=\"fine d-inline\">\u00a0<\/small>C\u2019est un prix qui sera tr\u00e8s clairement au-del\u00e0 des prix moyens du march\u00e9, dans un syst\u00e8me \u00e9lectrique europ\u00e9en o\u00f9 les \u00e9nergies renouvelables se d\u00e9ploient<small class=\"fine d-inline\">\u00a0<\/small>\u00bb<\/i>, pr\u00e9dit Yves Marignac.<\/p>\n<p>De son c\u00f4t\u00e9, Greenpeace d\u00e9nonce un prix bien en de\u00e7\u00e0 du co\u00fbt de production des \u00e9lectrons nucl\u00e9aires \u2014\u00a0<i>\u00ab<small class=\"fine d-inline\">\u00a0<\/small>d\u00e9j\u00e0 plus de 150\u00a0\u20ac\/MWh<small class=\"fine d-inline\">\u00a0<\/small>\u00bb<\/i> sans soutien financier \u00e9tatique dans l\u2019hypoth\u00e8se d\u2019un co\u00fbt de construction de 79,9\u00a0milliards d\u2019euros pour les six <span class=\"caps\">EPR2<\/span>. Pour ce qui est du pr\u00eat, l\u2019association \u00c9nergies renouvelables pour tous a livr\u00e9 le 13\u00a0mars <a target=\"_blank\" href=\"https:\/\/www.contexte.com\/medias\/pdf\/medias-documents\/2025\/3\/cout-de-financement-du-programme-epr2-par-energies-renouvelables-pour-tous.pdf\" class=\"spip_out\" rel=\"external\">ses propres calculs<\/a> sur le co\u00fbt que cela repr\u00e9senterait pour l\u2019\u00c9tat\u00a0: <i>a minima<\/i> 56,7\u00a0milliards d\u2019euros, dans l\u2019hypoth\u00e8se la plus favorable d\u2019un pr\u00eat \u00e0 un taux de 4,5<small class=\"fine d-inline\">\u00a0<\/small>% \u00e0 l\u2019image de ce qu\u2019a pr\u00e9vu la R\u00e9publique tch\u00e8que. En r\u00e9sum\u00e9, ces nouveaux r\u00e9acteurs risquent de co\u00fbter cher aux contribuables.<\/p>\n<h2 class=\"spip\">Le probl\u00e8me de l\u2019uranium<\/h2>\n<p>D\u2019autres sujets ont \u00e9t\u00e9 pass\u00e9s en revue par le <span class=\"caps\">CPN<\/span>, sans plus d\u2019annonces concr\u00e8tes\u00a0: pour ce qui est du sujet sensible de l\u2019approvisionnement en uranium, le conseil a valid\u00e9 une <i>\u00ab<small class=\"fine d-inline\">\u00a0<\/small>strat\u00e9gie de d\u00e9veloppement des activit\u00e9s mini\u00e8res d\u2019Orano<small class=\"fine d-inline\">\u00a0<\/small>\u00bb<\/i>. Objectif, <i>\u00ab<small class=\"fine d-inline\">\u00a0<\/small>se donner de la visibilit\u00e9 sur dix, vingt ou trente ans en se donnant les moyens de garantir la souverainet\u00e9 de l\u2019ensemble de la fili\u00e8re<small class=\"fine d-inline\">\u00a0<\/small>\u00bb<\/i>, a expliqu\u00e9 l\u2019\u00c9lys\u00e9e \u00e0 la presse.<\/p>\n<p>Depuis\u00a02021, les cours de l\u2019uranium naturel connaissent une forte hausse, en raison de la hausse attendue des besoins, de stocks historiquement bas et des comportements sp\u00e9culatifs, <a target=\"_blank\" href=\"https:\/\/www.iris-france.org\/lapprovisionnement-en-uranium-naturel-enjeu-de-la-relance-nucleaire\/\" class=\"spip_out\" rel=\"external\">alertait l\u2019Iris<\/a> en janvier\u00a02025.<\/p>\n<p>La France est en outre confront\u00e9e \u00e0 la n\u00e9cessit\u00e9 de s\u2019affranchir de l\u2019uranium russe dans un contexte de guerre en Ukraine, et aux difficult\u00e9s croissantes de s\u2019approvisionner au Niger \u2014\u00a0<a target=\"_blank\" href=\"https:\/\/reporterre.net\/La-France-perd-le-controle-de-sa-mine-d-uranium-au-Niger\" class=\"spip_in\">Orano a \u00e9t\u00e9 chass\u00e9 du pays<\/a> en d\u00e9cembre\u00a02024. En cons\u00e9quent, le groupe cherche \u00e0 diversifier ses approvisionnements\u00a0: il a <a target=\"_blank\" href=\"https:\/\/reporterre.net\/Mine-d-uranium-la-Mongolie-et-Orano-scellent-leur-accord\" class=\"spip_in\">nou\u00e9 un accord avec la Mongolie<\/a> \u00e0 la fin de l\u2019ann\u00e9e\u00a02024 et un autre <a target=\"_blank\" href=\"https:\/\/www.usinenouvelle.com\/article\/orano-signe-un-accord-pour-exploiter-un-gisement-d-uranium-en-ouzbekistan.N2228874\" class=\"spip_out\" rel=\"external\">avec l\u2019Ouzb\u00e9kistan<\/a> le 12\u00a0mars.<\/p>\n<h2 class=\"spip\">Les r\u00e9acteurs \u00e0 neutrons rapides, \u00ab<small class=\"fine d-inline\">\u00a0<\/small>un \u00e9chec partout dans le monde<small class=\"fine d-inline\">\u00a0<\/small>\u00bb<\/h2>\n<p>Le <span class=\"caps\">CPN<\/span> a aussi r\u00e9affirm\u00e9 sa volont\u00e9 d\u2019atteindre la <i>\u00ab<small class=\"fine d-inline\">\u00a0<\/small>fermeture du cycle du combustible nucl\u00e9aire<small class=\"fine d-inline\">\u00a0<\/small>\u00bb<\/i> \u2014\u00a0c\u2019est-\u00e0-dire la possibilit\u00e9 d\u2019utiliser les mati\u00e8res valorisables du combustible us\u00e9, apr\u00e8s retraitement\u00a0\u2014 <i>\u00ab<small class=\"fine d-inline\">\u00a0<\/small>dans la deuxi\u00e8me moiti\u00e9 du si\u00e8cle<small class=\"fine d-inline\">\u00a0<\/small>\u00bb<\/i>. Il a demand\u00e9 aux industriels et au <span class=\"caps\">CEA<\/span> de lui remettre un programme de travail et une proposition d\u2019organisation industrielle pour la fin de l\u2019ann\u00e9e\u00a02025.<\/p>\n<p>Il n\u2019a cependant pas \u00e9t\u00e9 question de ressusciter le projet de r\u00e9acteurs \u00e0 neutrons rapides Astrid, port\u00e9 \u00e0 cet effet par le <span class=\"caps\">CEA<\/span> et abandonn\u00e9 en\u00a02019. <i>\u00ab<small class=\"fine d-inline\">\u00a0<\/small>On ne va pas refaire le d\u00e9bat bien connu sur le projet Astrid<small class=\"fine d-inline\">\u00a0<\/small>\u00bb<\/i> qui n\u2019\u00e9tait <i>\u00ab<small class=\"fine d-inline\">\u00a0<\/small>pas comp\u00e9titif<small class=\"fine d-inline\">\u00a0<\/small>\u00bb<\/i>, avait pr\u00e9venu l\u2019\u00c9lys\u00e9e. Qui reconna\u00eet qu\u2019il y a l\u00e0 un <i>\u00ab<small class=\"fine d-inline\">\u00a0<\/small>\u00e9norme sujet de recherche<small class=\"fine d-inline\">\u00a0<\/small>\u00bb<\/i> \u00e0 une \u00e9chelle de temps de <i>\u00ab<small class=\"fine d-inline\">\u00a0<\/small>dix, quinze, vingt ans<small class=\"fine d-inline\">\u00a0<\/small>\u00bb<\/i>, avec pour l\u2019heure aucune option qui aurait <i>\u00ab<small class=\"fine d-inline\">\u00a0<\/small>une maturit\u00e9 technologique suffisante pour jouer un r\u00f4le dans la production d\u2019\u00e9lectricit\u00e9<small class=\"fine d-inline\">\u00a0<\/small>\u00bb<\/i>.<\/p>\n<p><i>\u00ab<small class=\"fine d-inline\">\u00a0<\/small>Le d\u00e9veloppement des r\u00e9acteurs \u00e0 neutrons rapides est un vieux r\u00eave d\u2019ing\u00e9nieur qui est un \u00e9chec partout dans le monde. M\u00eame le Japon d\u00e9mant\u00e8le actuellement leur seul r\u00e9acteur de ce type \u00e0 Monju<small class=\"fine d-inline\">\u00a0<\/small>\u00bb<\/i>, a balay\u00e9 Pauline Royer, experte nucl\u00e9aire \u00e0 Greenpeace.<\/p>\n<h2 class=\"spip\">Promesses non-tenues<\/h2>\n<p>C\u00f4t\u00e9 petits r\u00e9acteurs modulaires (<span class=\"caps\">SMR<\/span>), le <span class=\"caps\">CPN<\/span> s\u2019est f\u00e9licit\u00e9 du <i>\u00ab<small class=\"fine d-inline\">\u00a0<\/small>succ\u00e8s<small class=\"fine d-inline\">\u00a0<\/small>\u00bb<\/i> de l\u2019appel \u00e0 projets du programme France\u00a02030. <i>\u00ab<small class=\"fine d-inline\">\u00a0<\/small>Sur la phase\u00a01, \u00e0 peu pr\u00e8s 250\u00a0millions d\u2019euros ont \u00e9t\u00e9 investis<small class=\"fine d-inline\">\u00a0<\/small>\u00bb<\/i>, a pr\u00e9cis\u00e9 l\u2019\u00c9lys\u00e9e. Le conseil n\u2019a toutefois pas donn\u00e9 d\u2019enveloppe pour la suite. Il n\u2019est d\u00e9sormais plus question de subventionner \u00e0 tour de bras comme par le pass\u00e9, mais uniquement d\u2019accompagner les projets les plus matures, susceptibles d\u2019aboutir \u00e0 un prototype d\u2019ici\u00a02030.<\/p>\n<p>Un audit class\u00e9 secret d\u00e9fense du Haut-Commissaire \u00e0 l\u2019\u00e9nergie atomique <a target=\"_blank\" href=\"https:\/\/www.lepoint.fr\/economie\/exclusif-l-audit-secret-qui-crucifie-la-plupart-des-start-up-francaises-du-nucleaire-22-11-2024-2575980_28.php\" class=\"spip_out\" rel=\"external\">d\u00e9voil\u00e9 en novembre\u00a02024 par <i>Le Point<\/i><\/a>, avait en effet r\u00e9v\u00e9l\u00e9 que de nombreuses <i>start-up<\/i> de l\u2019atome ne tiendraient pas leurs promesses malgr\u00e9 les importantes subventions re\u00e7ues.<\/p>\n<p>Le <span class=\"caps\">CEA<\/span> a \u00e9galement \u00e9t\u00e9 pri\u00e9 de <i>\u00ab<small class=\"fine d-inline\">\u00a0<\/small>mettre \u00e0 la disposition des entreprises qui en font la demande les donn\u00e9es de site pertinentes de Marcoule et de Cadarache et d\u2019engager des discussions en vue d\u2019une implantation sur ces sites pour les projets les plus avanc\u00e9s<small class=\"fine d-inline\">\u00a0<\/small>\u00bb<\/i>.<\/p>\n<p><i>\u00ab<small class=\"fine d-inline\">\u00a0<\/small>Clairement, ce Conseil de politique nucl\u00e9aire, pauvre en annonces, marque le pas<\/i>, commente Yves Marignac. <i>C\u2019est le signe que le volontarisme affich\u00e9 \u00e0 Belfort bute sur un certain nombre de difficult\u00e9s concr\u00e8tes. L\u2019intendance, en termes de finances, de comp\u00e9tences\u2026 ne suit pas.<small class=\"fine d-inline\">\u00a0<\/small>\u00bb<\/i><\/p>\n<aside class=\"boite_encarts\">\n<div class=\"encart encart_gris noprint\">\n<p><strong>Puisque vous \u00eates l\u00e0&#8230;<\/strong><\/p>\n<p>&#8230; nous avons un petit service \u00e0 vous demander.<br class=\"autobr\"\/><br \/>\nEntre la pr\u00e9sence d\u2019un climatosceptique \u00e0 la t\u00eate de la premi\u00e8re puissance mondiale, un gouvernement fran\u00e7ais qui flirte avec l\u2019extr\u00eame-droite, et les catastrophes climatiques qui s\u2019enchainent&#8230; Faire vivre l\u2019\u00e9cologie dans le d\u00e9bat public est un enjeu crucial.<\/p>\n<p>Personne ne modifie ce que nous publions. Nous n\u2019avons ni actionnaire, ni propri\u00e9taire milliardaire \u2014 seulement une \u00e9quipe d\u2019irr\u00e9ductibles journalistes, pleine de d\u00e9termination.<\/p>\n<p>Nous avons la conviction que l\u2019urgence \u00e9cologique est l\u2019enjeu majeur de notre \u00e9poque. Et comme plus de 2 millions de lectrices et lecteurs chaque mois, vous partagez sans doute cette conviction&#8230;<\/p>\n<p><strong>Depuis 12 ans, nous publions des articles de qualit\u00e9 sur l\u2019\u00e9cologie, en acc\u00e8s libre et sans publicit\u00e9, pour tous.<\/strong><br class=\"autobr\"\/><br \/>\nMais ce travail demande beaucoup de temps et de ressources.<\/p>\n<p>Alors, si vous en avez les moyens, sachez qu\u2019un don, m\u00eame d\u20191\u20ac, est un acte de soutien fort pour l\u2019\u00e9cologie et le journalisme ind\u00e9pendant.<br class=\"autobr\"\/><br \/>\n(Et \u00e7a vous prendra moins de temps que la lecture de ce texte).<\/p>\n<p><strong>Si vous le pouvez, choisissez un soutien mensuel. Merci.<\/strong><\/p>\n<p><a target=\"_blank\" href=\"https:\/\/reporterre.net\/dons\" class=\"bt_soutenir\">Je soutiens <i>Reporterre<\/i><\/a><\/p>\n<\/p><\/div>\n<div class=\"encart encart_vert noprint montre_1023\">\n<div class=\"infolettre-form-container noprint\">\n<p>Abonnez-vous \u00e0 la lettre d\u2019info de Reporterre<\/p>\n<\/div><\/div>\n<\/aside>\n<aside class=\"boite_apresarticle encart_note\">\n<h4>Apr\u00e8s cet article<\/h4>\n<p>      <a target=\"_blank\" href=\"https:\/\/reporterre.net\/Nucleaire-le-beton-des-premiers-EPR2-est-defectueux\" class=\"lien_article\">\n      <picture class=\"vignette_gauche\"><source type=\"image\/webp\" srcset=\"https:\/\/reporterre.net\/https:\/\/reporterre.net\/local\/cache-vignettes\/L450xH300\/25-03-11-aeaa9.jpg@.webp?1741855444\"><img decoding=\"async\" src=\"https:\/\/reporterre.net\/local\/cache-vignettes\/L450xH300\/25-03-11-aeaa9.jpg?1741855444\" width=\"450\" height=\"300\" alt=\"\" class=\"marge12\" loading=\"lazy\"\/><br \/>\n<\/source><\/picture>\n<p class=\"libelle\">\n<p>          Enqu\u00eate \u2014<\/p>\n<p>      Nucl\u00e9aire\n    <\/p>\n<p class=\"titre pol20\">Nucl\u00e9aire\u00a0: le b\u00e9ton des premiers <span class=\"caps\">EPR2<\/span> est d\u00e9fectueux<\/p>\n<p>      <\/a><br \/>\n    <\/aside>\n<aside class=\"boite_complement texte\">\n<div class=\"encart_note\">\n<h4>Notes<\/h4>\n<div id=\"nb1\">\n<p><span class=\"spip_note_ref\">[<a target=\"_blank\" href=\"#nh1\" class=\"spip_note\" title=\"Notes 1\" rev=\"appendix\">1<\/a>]\u00a0<\/span>Ce programme, annonc\u00e9 par le pr\u00e9sident de la R\u00e9publique Emmanuel Macron lors du <a target=\"_blank\" href=\"https:\/\/www.vie-publique.fr\/discours\/283773-emmanuel-macron-10022022-politique-de-lenergie\" class=\"spip_out\" rel=\"external\">discours de Belfort<\/a> du 10\u00a0f\u00e9vrier\u00a02022, pr\u00e9voit la construction de trois paires d\u2019<span class=\"caps\"><span class=\"caps\">EPR2<\/span><\/span> \u00e0 Penly (Seine-Maritime), Gravelines (Nord) et au Bugey (Ain), ainsi que le lancement d\u2019\u00e9tudes pour la construction de huit <span class=\"caps\"><span class=\"caps\">EPR2<\/span><\/span> additionnels.<\/p>\n<\/div>\n<div id=\"nb2\">\n<p><span class=\"spip_note_ref\">[<a target=\"_blank\" href=\"#nh2\" class=\"spip_note\" title=\"Notes 2\" rev=\"appendix\">2<\/a>]\u00a0<\/span>Un contrat pour diff\u00e9rence est \u00e9tabli entre  un producteur d\u2019\u00e9lectricit\u00e9 et l\u2019\u00c9tat pour garantir des prix fixes aussi bien au producteur qu\u2019au consommateur. Ainsi, si les prix du march\u00e9 sont sup\u00e9rieurs au prix du contrat, le producteur verse son gain \u00e0 l\u2019\u00c9tat<small class=\"fine d-inline\">\u00a0<\/small><small class=\"fine d-inline\">\u00a0<\/small>; \u00e0 l\u2019inverse, s\u2019ils lui sont inf\u00e9rieurs, l\u2019\u00c9tat indemnise le producteur.<\/p>\n<\/div><\/div>\n<p>      <!-- zone_forum --><br \/>\n          <\/aside>\n<aside class=\"boite_lireaussi noprint\">\n<\/aside>\n<aside class=\"colonne\">\n<div class=\"article_info cache_1023 noprint\">\n<p>    <span class=\"date\">18 mars 2025  \u00e0 17h13<\/span><\/p>\n<p>    <span class=\"date_modif\">Mis \u00e0 jour le 18 mars 2025 \u00e0 21h00<\/span>      <\/p>\n<p class=\"duree_lecture\">\n        Dur\u00e9e de lecture : 8 minutes\n      <\/p>\n<\/p><\/div>\n<div class=\"bloc_infolettre\">\n<div class=\"infolettre-form-container noprint\">\n<p>Abonnez-vous \u00e0 la lettre d\u2019info de Reporterre<\/p>\n<\/div><\/div>\n<\/aside>\n<div id=\"galerie\">\n  <img decoding=\"async\" src=\"\" class=\"principale\" id=\"principale\"\/><\/p>\n<p id=\"legende\">legende<\/p>\n<\/div>\n<footer class=\"noprint\">\n<\/footer>\n<\/div>\n<p><br \/>\n<br \/><a href=\"https:\/\/reporterre.net\/Nucleaire-des-retards-et-des-surcouts-pour-les-EPR2\" target=\"_blank\"\">Source link <\/a><\/p>\n","protected":false},"excerpt":{"rendered":"<p>Trois ans de retard pris en soixante-douze heures. C\u2019est le record battu par le programme de construction de six\u00a0r\u00e9acteurs nucl\u00e9aires EPR2\u00a0[1] lundi 17\u00a0mars, lors du quatri\u00e8me Conseil de politique nucl\u00e9aire\u00a0(CPN).&hellip; <\/p>\n","protected":false},"author":1,"featured_media":4713,"comment_status":"open","ping_status":"open","sticky":false,"template":"","format":"standard","meta":{"footnotes":""},"categories":[1],"tags":[],"class_list":["post-4712","post","type-post","status-publish","format-standard","has-post-thumbnail","hentry","category-non-classe"],"_links":{"self":[{"href":"https:\/\/monde25.info\/index.php\/wp-json\/wp\/v2\/posts\/4712","targetHints":{"allow":["GET"]}}],"collection":[{"href":"https:\/\/monde25.info\/index.php\/wp-json\/wp\/v2\/posts"}],"about":[{"href":"https:\/\/monde25.info\/index.php\/wp-json\/wp\/v2\/types\/post"}],"author":[{"embeddable":true,"href":"https:\/\/monde25.info\/index.php\/wp-json\/wp\/v2\/users\/1"}],"replies":[{"embeddable":true,"href":"https:\/\/monde25.info\/index.php\/wp-json\/wp\/v2\/comments?post=4712"}],"version-history":[{"count":0,"href":"https:\/\/monde25.info\/index.php\/wp-json\/wp\/v2\/posts\/4712\/revisions"}],"wp:featuredmedia":[{"embeddable":true,"href":"https:\/\/monde25.info\/index.php\/wp-json\/wp\/v2\/media\/4713"}],"wp:attachment":[{"href":"https:\/\/monde25.info\/index.php\/wp-json\/wp\/v2\/media?parent=4712"}],"wp:term":[{"taxonomy":"category","embeddable":true,"href":"https:\/\/monde25.info\/index.php\/wp-json\/wp\/v2\/categories?post=4712"},{"taxonomy":"post_tag","embeddable":true,"href":"https:\/\/monde25.info\/index.php\/wp-json\/wp\/v2\/tags?post=4712"}],"curies":[{"name":"wp","href":"https:\/\/api.w.org\/{rel}","templated":true}]}}