{"id":4714,"date":"2025-03-19T00:17:04","date_gmt":"2025-03-18T23:17:04","guid":{"rendered":"https:\/\/monde25.info\/index.php\/2025\/03\/19\/sayyed-al-houthi-le-porte-avions-americain-a-pris-la-fuite-apres-un-affrontement-avec-nous-nous-sommes-prets-a-une-confrontation-plus-grande\/"},"modified":"2025-03-19T00:17:04","modified_gmt":"2025-03-18T23:17:04","slug":"sayyed-al-houthi-le-porte-avions-americain-a-pris-la-fuite-apres-un-affrontement-avec-nous-nous-sommes-prets-a-une-confrontation-plus-grande","status":"publish","type":"post","link":"https:\/\/monde25.info\/index.php\/2025\/03\/19\/sayyed-al-houthi-le-porte-avions-americain-a-pris-la-fuite-apres-un-affrontement-avec-nous-nous-sommes-prets-a-une-confrontation-plus-grande\/","title":{"rendered":"Sayyed Al-Houthi : Le porte-avions am\u00e9ricain a pris la fuite apr\u00e8s un affrontement avec nous, nous sommes pr\u00eats \u00e0 une confrontation plus grande"},"content":{"rendered":"<p> <br \/>\n<\/p>\n<div>\n<p>par <strong>Al-Manar<\/strong><\/p>\n<p>Le chef du mouvement Ansarullah, Sayyed Abdel-Malek al-Houthi, a affirm\u00e9 que \u00ab<em>si les \u00c9tats-Unis poursuivent leur agression contre notre pays en soutien \u00e0 l\u2019ennemi isra\u00e9lien, cela nous poussera \u00e0 faire face \u00e0 cette escalade avec des options d\u2019escalade suppl\u00e9mentaires<\/em>\u00bb, notant que \u00ab<em>nous n\u2019accepterons pas que l\u2019ennemi isra\u00e9lien isole le peuple palestinien avec la duplicit\u00e9 am\u00e9ricaine<\/em>\u00bb.<\/p>\n<p>Dans un discours prononc\u00e9 lundi soir, sayyed Al-Houthi a indiqu\u00e9 que \u00ab<em>le porte-avions am\u00e9ricain, apr\u00e8s s\u2019\u00eatre engag\u00e9 avec nos forces arm\u00e9es, s\u2019est enfui vers l\u2019extr\u00eame nord de la mer Rouge, \u00e0 une distance de 1300 km<\/em>\u00bb.<\/p>\n<p>Dans ce contexte, les forces arm\u00e9es y\u00e9m\u00e9nites ont annonc\u00e9 lundi \u00ab<em>avoir cibl\u00e9 avec succ\u00e8s le porte-avions am\u00e9ricain Harry Truman \u00e0 deux reprises en quelques heures, en plus de d\u00e9jouer une attaque a\u00e9rienne am\u00e9ricaine qui \u00e9tait en pr\u00e9paration contre le Y\u00e9men<\/em>\u00bb.<\/p>\n<p>Le chef du mouvement y\u00e9m\u00e9nite Ansarullah a \u00e9galement salu\u00e9 la manifestation d\u2019un million de personnes \u00e0 laquelle il a appel\u00e9 aujourd\u2019hui dans la capitale, Sanaa, expliquant que \u00ab<em>le message de notre cher peuple, avec les manifestations massives et massives, est un message clair au peuple palestinien et un message de fermet\u00e9 face \u00e0 la tyrannie et \u00e0 l\u2019agression am\u00e9ricaines<\/em>\u00bb.<\/p>\n<p>Sayyed Al-Houthi a averti : \u00ab<em>Nous affrontons l\u2019agression am\u00e9ricaine en ciblant son porte-avions et ses navires de guerre, mais si elle poursuit son agression, nous disposons de plus grandes options d\u2019escalade<\/em>\u00bb.<\/p>\n<p>Il a not\u00e9 que \u00ab<em>l\u2019interdiction de naviguer sur les navires isra\u00e9liens est un premier pas, mais lorsque la famine du peuple palestinien s\u2019intensifie, nous ne pouvons pas rester \u00e0 ce niveau<\/em>\u00bb, ajoutant que \u00ab<em>nous n\u2019h\u00e9siterons pas lorsque la situation et la responsabilit\u00e9 nous obligent \u00e0 faire un pas plus grand ou une action plus importante, et nous sommes pr\u00eats<\/em>\u00bb.<\/p>\n<p>Lundi soir, le Y\u00e9men a subi une agression am\u00e9ricaine visant la r\u00e9gion d\u2019Al-Arj, dans le district de Bajil, dans la province c\u00f4ti\u00e8re d\u2019Al Hode\u00efda, sur la mer Rouge, \u00e0 l\u2019ouest du pays. Une s\u00e9rie de frappes a\u00e9riennes a \u00e9galement d\u00e9truit une usine de fer dans le district d\u2019Al-Salif, au nord-ouest d\u2019Al Hode\u00efda.<\/p>\n<p>source : <a target=\"_blank\" href=\"https:\/\/french.almanar.com.lb\/3210407\" target=\"_blank\" rel=\"noopener\" title=\"\">Al-Manar<\/a><\/p>\n<div class=\"sharedaddy sd-block sd-like jetpack-likes-widget-wrapper jetpack-likes-widget-unloaded\" id=\"like-post-wrapper-237719536-448282-67d9fce61b71c\" data-src=\"https:\/\/widgets.wp.com\/likes\/?ver=14.2.1#blog_id=237719536&amp;post_id=448282&amp;origin=reseauinternational.net&amp;obj_id=237719536-448282-67d9fce61b71c&amp;n=1\" data-name=\"like-post-frame-237719536-448282-67d9fce61b71c\" data-title=\"Aimer ou rebloguer\">\n<h3 class=\"sd-title\">J\u2019aime \u00e7a\u00a0:<\/h3>\n<p><span class=\"button\"><span>J\u2019aime<\/span><\/span> <span class=\"loading\">chargement\u2026<\/span><\/p>\n<p><span class=\"sd-text-color\"\/><a target=\"_blank\" class=\"sd-link-color\"\/><\/div>\n<p><meta itemscope=\"\" itemprop=\"mainEntityOfPage\" itemtype=\"https:\/\/schema.org\/WebPage\" itemid=\"https:\/\/reseauinternational.net\/sayyed-al-houthi-le-porte-avions-americain-a-pris-la-fuite-apres-un-affrontement-avec-nous-nous-sommes-prets-a-une-confrontation-plus-grande\/\"\/><meta itemprop=\"headline\" content=\"Sayyed Al-Houthi : Le porte-avions am\u00e9ricain a pris la fuite apr\u00e8s un affrontement avec nous, nous sommes pr\u00eats \u00e0 une confrontation plus grande\"\/><span style=\"display: none;\" itemprop=\"author\" itemscope=\"\" itemtype=\"https:\/\/schema.org\/Person\"><meta itemprop=\"name\" content=\"R\u00e9seau International\"\/><\/span><span style=\"display: none;\" itemprop=\"image\" itemscope=\"\" itemtype=\"https:\/\/schema.org\/ImageObject\"><meta itemprop=\"url\" content=\"https:\/\/i0.wp.com\/reseauinternational.net\/wp-content\/uploads\/2025\/03\/Sans-titre-24-9.png?fit=800%2C467&amp;quality=100&amp;ssl=1\"\/><meta itemprop=\"width\" content=\"800\"\/><meta itemprop=\"height\" content=\"467\"\/><\/span><span style=\"display: none;\" itemprop=\"publisher\" itemscope=\"\" itemtype=\"https:\/\/schema.org\/Organization\"><span style=\"display: none;\" itemprop=\"logo\" itemscope=\"\" itemtype=\"https:\/\/schema.org\/ImageObject\"><meta itemprop=\"url\" content=\"https:\/\/reseauinternational.net\/wp-content\/uploads\/2022\/06\/Capture-de\u0301cran-2022-06-14-a\u0300-16.51.07.png\"\/><\/span><meta itemprop=\"name\" content=\"R\u00e9seau International\"\/><\/span><meta itemprop=\"datePublished\" content=\"2025-03-18T11:10:13+00:00\"\/><meta itemprop=\"dateModified\" content=\"2025-03-18T11:10:34+00:00\"\/><\/div>\n<p><br \/>\n<br \/><a href=\"https:\/\/reseauinternational.net\/sayyed-al-houthi-le-porte-avions-americain-a-pris-la-fuite-apres-un-affrontement-avec-nous-nous-sommes-prets-a-une-confrontation-plus-grande\/\" target=\"_blank\"\">Source link <\/a><\/p>\n","protected":false},"excerpt":{"rendered":"<p>par Al-Manar Le chef du mouvement Ansarullah, Sayyed Abdel-Malek al-Houthi, a affirm\u00e9 que \u00absi les \u00c9tats-Unis poursuivent leur agression contre notre pays en soutien \u00e0 l\u2019ennemi isra\u00e9lien, cela nous poussera&hellip; <\/p>\n","protected":false},"author":1,"featured_media":4715,"comment_status":"open","ping_status":"open","sticky":false,"template":"","format":"standard","meta":{"footnotes":""},"categories":[1],"tags":[],"class_list":["post-4714","post","type-post","status-publish","format-standard","has-post-thumbnail","hentry","category-non-classe"],"_links":{"self":[{"href":"https:\/\/monde25.info\/index.php\/wp-json\/wp\/v2\/posts\/4714","targetHints":{"allow":["GET"]}}],"collection":[{"href":"https:\/\/monde25.info\/index.php\/wp-json\/wp\/v2\/posts"}],"about":[{"href":"https:\/\/monde25.info\/index.php\/wp-json\/wp\/v2\/types\/post"}],"author":[{"embeddable":true,"href":"https:\/\/monde25.info\/index.php\/wp-json\/wp\/v2\/users\/1"}],"replies":[{"embeddable":true,"href":"https:\/\/monde25.info\/index.php\/wp-json\/wp\/v2\/comments?post=4714"}],"version-history":[{"count":0,"href":"https:\/\/monde25.info\/index.php\/wp-json\/wp\/v2\/posts\/4714\/revisions"}],"wp:featuredmedia":[{"embeddable":true,"href":"https:\/\/monde25.info\/index.php\/wp-json\/wp\/v2\/media\/4715"}],"wp:attachment":[{"href":"https:\/\/monde25.info\/index.php\/wp-json\/wp\/v2\/media?parent=4714"}],"wp:term":[{"taxonomy":"category","embeddable":true,"href":"https:\/\/monde25.info\/index.php\/wp-json\/wp\/v2\/categories?post=4714"},{"taxonomy":"post_tag","embeddable":true,"href":"https:\/\/monde25.info\/index.php\/wp-json\/wp\/v2\/tags?post=4714"}],"curies":[{"name":"wp","href":"https:\/\/api.w.org\/{rel}","templated":true}]}}