{"id":4716,"date":"2025-03-19T00:49:46","date_gmt":"2025-03-18T23:49:46","guid":{"rendered":"https:\/\/monde25.info\/index.php\/2025\/03\/19\/viktor-orban-critique-encore-bruxelles-un-empire-qui-veut-accaparer-la-liberte-des-hongrois\/"},"modified":"2025-03-19T00:49:46","modified_gmt":"2025-03-18T23:49:46","slug":"viktor-orban-critique-encore-bruxelles-un-empire-qui-veut-accaparer-la-liberte-des-hongrois","status":"publish","type":"post","link":"https:\/\/monde25.info\/index.php\/2025\/03\/19\/viktor-orban-critique-encore-bruxelles-un-empire-qui-veut-accaparer-la-liberte-des-hongrois\/","title":{"rendered":"Viktor Orban critique encore Bruxelles, un \u201cempire qui veut accaparer la libert\u00e9 des Hongrois\u201d"},"content":{"rendered":"<p> <br \/>\n<\/p>\n<div>\n<p><span data-contrast=\"none\">Samedi \u00e0 Budapest, Viktor Orban a r\u00e9gl\u00e9 ses comptes avec Bruxelles. Dans le jardin du mus\u00e9e de la Capitale hongroise o\u00f9 il pronon\u00e7ait un discours \u00e0 l\u2019occasion de la F\u00eate de la r\u00e9volution de 1848, le Premier ministre a r\u00e9pondu aux d\u00e9clarations du pr\u00e9sident du Conseil europ\u00e9en, Antonio Costa. \u201cLa Hongrie n&rsquo;est pas isol\u00e9e en Europe\u201d, a-t-il d\u00e9clar\u00e9, accusant Bruxelles de vouloir \u201caccaparer la libert\u00e9 des Hongrois\u201d. Le discours de Viktor Orban intervient peu apr\u00e8s l\u2019abandon de sa menace de veto contre le renouvellement des sanctions europ\u00e9ennes visant plus de 2 400 personnes et entit\u00e9s russes.<\/span><span data-ccp-props=\"{&quot;134233117&quot;:false,&quot;134233118&quot;:false,&quot;335559738&quot;:165,&quot;335559739&quot;:165}\">\u00a0<\/span><\/p>\n<p><span data-contrast=\"none\">D\u00e9but mars, le PM hongrois a appel\u00e9 l\u2019UE \u00e0 n\u00e9gocier directement avec Moscou \u201ccomme Washington\u201d avant de menacer Bruxelles du blocage des nouvelles aides \u00e0 Kiev. Il a exprim\u00e9 ceci dans une lettre transmise au pr\u00e9sident du Conseil europ\u00e9en Antonio Costa, quelques jours avant la tenue du sommet europ\u00e9en pendant lequel il \u00e9tait question du renforcement de la d\u00e9fense europ\u00e9enne et de la nouvelle aide militaire \u00e0 Kiev.<\/span><span data-ccp-props=\"{&quot;134233117&quot;:false,&quot;134233118&quot;:false,&quot;335559738&quot;:165,&quot;335559739&quot;:150}\"><strong>\u00a0<\/strong><\/span><\/p>\n<p><span data-contrast=\"none\"><strong>\u201cLa Hongrie n\u2019est pas isol\u00e9e, l\u2019UE l\u2019est\u201d<\/strong><\/span><span data-ccp-props=\"{&quot;134233117&quot;:false,&quot;134233118&quot;:false,&quot;335559738&quot;:240,&quot;335559739&quot;:240}\"><strong>\u00a0<\/strong><\/span><\/p>\n<p><span data-contrast=\"none\">Dans sa lettre, Viktor Orban avait sugg\u00e9r\u00e9 de \u201cne pas tenter d\u2019adopter de conclusions \u00e9crites sur l\u2019Ukraine lors du Conseil europ\u00e9en sp\u00e9cial\u201d, afin d\u2019\u00e9viter de divulguer les \u201cdivisions\u201d. Il faisait part de son rejet du document pr\u00e9liminaire qui circulait, estimant qu\u2019il \u00e9tait \u201cdevenu \u00e9vident qu&rsquo;il existe des diff\u00e9rences strat\u00e9giques dans notre approche sur l&rsquo;Ukraine qui ne peuvent \u00eatre combl\u00e9es par la r\u00e9daction ou la communication\u201d.<\/span><span data-ccp-props=\"{&quot;134233117&quot;:false,&quot;134233118&quot;:false,&quot;335559738&quot;:165,&quot;335559739&quot;:165}\">\u00a0<\/span><\/p>\n<p><span data-contrast=\"none\">Budapest a bien emp\u00each\u00e9 l&rsquo;adoption de conclusions communes sur l&rsquo;Ukraine mais un \u201cextrait\u201d,\u00a0 sign\u00e9 par 26 personnes, a \u00e9t\u00e9 publi\u00e9. \u201cLa Hongrie a une approche strat\u00e9gique diff\u00e9rente de l&rsquo;Ukraine\u201d, avait r\u00e9agi Ant\u00f3nio Costa. \u00ab\u00a0Cela signifie que la Hongrie est isol\u00e9e parmi les 27. Nous respectons la position de la Hongrie, mais il s&rsquo;agit d&rsquo;un pays sur 27. Et 26 sont plus d&rsquo;un\u00a0\u00bb, a-t-il ajout\u00e9.\u00a0<\/span><span data-ccp-props=\"{&quot;134233117&quot;:false,&quot;134233118&quot;:false,&quot;335559738&quot;:165,&quot;335559739&quot;:165}\">\u00a0<\/span><\/p>\n<p><span data-contrast=\"none\">La d\u00e9claration du pr\u00e9sident du Conseil europ\u00e9en est mal pass\u00e9e aupr\u00e8s du chef du gouvernement magyar. Samedi, lors de son discours c\u00e9l\u00e9brant l\u2019anniversaire de la r\u00e9volution hongroise, Viktor Orban a tenu \u00e0 r\u00e9pondre \u00e0 Antonio Costa. \u201cLa Hongrie n&rsquo;est pas isol\u00e9e en Europe. \u00ab\u00a0Nous sommes isol\u00e9s, ils l&rsquo;ont dit en 1956, et puis nous, les Hongrois, avons fait tomber la premi\u00e8re brique du mur de Berlin, ce qui a apport\u00e9 la libert\u00e9 \u00e0 l&rsquo;Europe\u00a0\u00bb, a-t-il affirm\u00e9.<\/span><span data-ccp-props=\"{&quot;134233117&quot;:false,&quot;134233118&quot;:false,&quot;335559738&quot;:165,&quot;335559739&quot;:165}\">\u00a0<\/span><\/p>\n<p><span data-contrast=\"none\">A ses yeux, c\u2019est l\u2019inverse qui se produit avec \u201cl&rsquo;Union europ\u00e9enne qui s&rsquo;est isol\u00e9e des \u00c9tats-Unis, de la Chine \u00e0 cause de la guerre commerciale et de la Russie \u00e0 cause de la politique de sanctions. Donc, si quelqu&rsquo;un est isol\u00e9 ici, c&rsquo;est l&rsquo;Union europ\u00e9enne\u00a0\u00bb. En outre,\u00a0<\/span><span data-ccp-props=\"{&quot;134233117&quot;:false,&quot;134233118&quot;:false,&quot;335559738&quot;:165,&quot;335559739&quot;:165}\">\u00a0<\/span><\/p>\n<p><span data-contrast=\"none\">\u00ab\u00a0les patriotes du monde occidental se sont renforc\u00e9s et ont gagn\u00e9\u00a0\u00bb, a-t-il ajout\u00e9, citant l&rsquo;Italie, les Pays-Bas et l&rsquo;Autriche. \u201cNous volons en tandem avec les \u00c9tats-Unis. Dans la bataille pour l&rsquo;\u00e2me du monde occidental, nous sommes aujourd&rsquo;hui victorieux\u00a0\u00bb, a-t-il ajout\u00e9.<\/span><span data-ccp-props=\"{&quot;134233117&quot;:false,&quot;134233118&quot;:false,&quot;335559738&quot;:165,&quot;335559739&quot;:165}\">\u00a0<\/span><\/p>\n<p><span data-contrast=\"none\">Avant ce discours, c\u2019est-\u00e0-dire la veille, le PM hongrois a abandonn\u00e9 sa menace de veto contre un renouvellement de sanctions contre 2 400 personnes et entit\u00e9s russes, c\u00e9dant une fois de plus \u00e0 la pression de l\u2019UE. \u00ab\u00a0Il y a toujours un empire qui veut accaparer la libert\u00e9 des Hongrois, et maintenant il y en a un \u00e0 Bruxelles. Bruxelles abuse de son pouvoir, comme l&rsquo;a fait Vienne (en r\u00e9f\u00e9rence \u00e0 l&rsquo;Empire austro-hongrois) \u00e0 l&rsquo;\u00e9poque. Ils veulent nous dominer comme l&rsquo;ont fait les gouverneurs de la cour de Vienne dans le pass\u00e9\u00a0\u00bb, a-t-il martel\u00e9.<strong>\u00a0<\/strong><\/span><span data-ccp-props=\"{&quot;134233117&quot;:false,&quot;134233118&quot;:false,&quot;335559738&quot;:165,&quot;335559739&quot;:150}\"><strong>\u00a0<\/strong><\/span><\/p>\n<p><span data-contrast=\"none\"><strong>Orban joue encore avec les nerfs de Bruxelles<\/strong><\/span><span data-ccp-props=\"{&quot;134233117&quot;:false,&quot;134233118&quot;:false,&quot;335559738&quot;:240,&quot;335559739&quot;:240}\"><strong>\u00a0<\/strong><\/span><\/p>\n<p><span data-contrast=\"none\">La r\u00e9solution a \u00e9t\u00e9 adopt\u00e9e \u00e0 peine 48 heures avant l&rsquo;expiration des mesures, qui doivent \u00eatre renouvel\u00e9es tous les six mois \u00e0 l\u2019unanimit\u00e9, ce qui donne \u00e0 Budapest, \u00e0 chaque fois, une possibilit\u00e9 de mettre son v\u00e9to. Il s\u2019agit d\u2019ailleurs de la 2e fois en trois mois que le gouvernement de Viktor Orban <\/span><a target=\"_blank\" href=\"https:\/\/www.francesoir.fr\/politique-monde\/guerre-en-ukraine-poutine-evoque-la-possibilite-de-pourparlers-de-paix-tandis-que-l\"><span data-contrast=\"none\">brandit la menace d\u2019un veto<\/span><\/a><span data-contrast=\"none\"> pour emp\u00eacher le renouvellement des sanctions.<\/span><span data-ccp-props=\"{&quot;134233117&quot;:false,&quot;134233118&quot;:false,&quot;335559738&quot;:165,&quot;335559739&quot;:165}\">\u00a0<\/span><\/p>\n<p><span data-contrast=\"none\">Janvier dernier, il s\u2019\u00e9tait oppos\u00e9 \u00e0 des sections sectorielles et le gel de 210 milliards d&rsquo;euros d&rsquo;actifs de la banque centrale russe, avant de l\u00e2cher du lest pour avoir obtenu une d\u00e9claration non contraignante sur la s\u00e9curit\u00e9 \u00e9nerg\u00e9tique.\u00a0<\/span><span data-ccp-props=\"{&quot;134233117&quot;:false,&quot;134233118&quot;:false,&quot;335559738&quot;:165,&quot;335559739&quot;:165}\">\u00a0<\/span><\/p>\n<p><span data-contrast=\"none\">La semaine \u00e9coul\u00e9e, Budapest rejetait cette fois-ci une liste noire qui comprend des centaines de commandants militaires, de fonctionnaires, d&rsquo;oligarques, de propagandistes et de mercenaires du groupe Wagner, tous soumis \u00e0 un gel de leurs avoirs et \u00e0 une interdiction de voyager. Cette liste cible \u00e9galement des soci\u00e9t\u00e9s russes op\u00e9rant dans les secteurs de l&rsquo;arm\u00e9e, de la banque, des transports, de l&rsquo;\u00e9nergie, des diamants, de l&rsquo;aviation, des technologies de l&rsquo;information, des t\u00e9l\u00e9communications et des m\u00e9dias.<\/span><span data-ccp-props=\"{&quot;134233117&quot;:false,&quot;134233118&quot;:false,&quot;335559738&quot;:165,&quot;335559739&quot;:165}\">\u00a0<\/span><\/p>\n<p><span data-contrast=\"none\">La Hongrie a exig\u00e9 que plusieurs noms soient retir\u00e9s de la liste noire et les d\u00e9bats houleux ont abouti \u00e0 un compromis, qui consiste \u00e0 retirer quatre noms, dont trois r\u00e9clam\u00e9s par la Hongrie, \u00e0 savoir Gulbahor Ismailova, s\u0153ur de l&rsquo;oligarque Alisher Usmanov,\u00a0 Viatcheslav Moshe Kantor, oligarque, Mikhail Degtyaryov, ministre russe des Sports et Vladimir Rashevsky, homme d&rsquo;affaires.<\/span><span data-ccp-props=\"{&quot;134233117&quot;:false,&quot;134233118&quot;:false,&quot;335559738&quot;:165,&quot;335559739&quot;:165}\">\u00a0<\/span><\/p>\n<p><span data-contrast=\"none\">Viktor Orb\u00e1n abordait d\u00e8s le lendemain la guerre en Ukraine, d\u00e9clarant : \u00ab\u00a0notre combat pour la libert\u00e9, tout comme en 1848, n&rsquo;est pas seulement l&rsquo;affaire des Hongrois, mais qu&rsquo;il s&rsquo;agit d&rsquo;une bataille pour l&rsquo;\u00e2me du monde occidental. Au lieu de la paix, ils veulent nous mettre au service des dieux de la guerre. L&rsquo;avenir n&rsquo;appartient pas aux empires, mais aux patriotes et aux nations ind\u00e9pendantes\u00a0\u00bb, a-t-il ajout\u00e9.\u00a0<\/span><span data-ccp-props=\"{&quot;134233117&quot;:false,&quot;134233118&quot;:false,&quot;335559738&quot;:165,&quot;335559739&quot;:165}\">\u00a0<\/span><\/p>\n<p><span data-contrast=\"none\">Sa position est partag\u00e9e par quelques membres uniquement comme la Slovaquie de Robert Fico, avec qui il critique la strat\u00e9gie europ\u00e9enne de \u201cla paix par la force\u201d, qui consiste \u00e0 maintenir la pression sur Moscou tout en renfor\u00e7ant la position de l\u2019Ukraine en pr\u00e9vision de futures n\u00e9gociations.<\/span><span data-ccp-props=\"{&quot;134233117&quot;:false,&quot;134233118&quot;:false,&quot;335559738&quot;:165,&quot;335559739&quot;:165}\">\u00a0<\/span><\/p>\n<\/div>\n<p><script>(function(d, s, id) {  var js, fjs = d.getElementsByTagName(s)[0];  if (d.getElementById(id)) return;  js = d.createElement(s); js.id = id;  js.src = \"\/\/connect.facebook.net\/fr_FR\/sdk.js#xfbml=1&version=v2.3\";  fjs.parentNode.insertBefore(js, fjs);}(document, \"script\", \"facebook-jssdk\"));<\/script><br \/>\n<br \/><br \/>\n<br \/><a href=\"https:\/\/www.francesoir.fr\/politique-monde\/viktor-orban-critique-encore-bruxelles-un-empire-qui-veut-accaparer-la-liberte-des\" target=\"_blank\"\">Source link <\/a><\/p>\n","protected":false},"excerpt":{"rendered":"<p>Samedi \u00e0 Budapest, Viktor Orban a r\u00e9gl\u00e9 ses comptes avec Bruxelles. Dans le jardin du mus\u00e9e de la Capitale hongroise o\u00f9 il pronon\u00e7ait un discours \u00e0 l\u2019occasion de la F\u00eate&hellip; <\/p>\n","protected":false},"author":1,"featured_media":4717,"comment_status":"open","ping_status":"open","sticky":false,"template":"","format":"standard","meta":{"footnotes":""},"categories":[1],"tags":[],"class_list":["post-4716","post","type-post","status-publish","format-standard","has-post-thumbnail","hentry","category-non-classe"],"_links":{"self":[{"href":"https:\/\/monde25.info\/index.php\/wp-json\/wp\/v2\/posts\/4716","targetHints":{"allow":["GET"]}}],"collection":[{"href":"https:\/\/monde25.info\/index.php\/wp-json\/wp\/v2\/posts"}],"about":[{"href":"https:\/\/monde25.info\/index.php\/wp-json\/wp\/v2\/types\/post"}],"author":[{"embeddable":true,"href":"https:\/\/monde25.info\/index.php\/wp-json\/wp\/v2\/users\/1"}],"replies":[{"embeddable":true,"href":"https:\/\/monde25.info\/index.php\/wp-json\/wp\/v2\/comments?post=4716"}],"version-history":[{"count":0,"href":"https:\/\/monde25.info\/index.php\/wp-json\/wp\/v2\/posts\/4716\/revisions"}],"wp:featuredmedia":[{"embeddable":true,"href":"https:\/\/monde25.info\/index.php\/wp-json\/wp\/v2\/media\/4717"}],"wp:attachment":[{"href":"https:\/\/monde25.info\/index.php\/wp-json\/wp\/v2\/media?parent=4716"}],"wp:term":[{"taxonomy":"category","embeddable":true,"href":"https:\/\/monde25.info\/index.php\/wp-json\/wp\/v2\/categories?post=4716"},{"taxonomy":"post_tag","embeddable":true,"href":"https:\/\/monde25.info\/index.php\/wp-json\/wp\/v2\/tags?post=4716"}],"curies":[{"name":"wp","href":"https:\/\/api.w.org\/{rel}","templated":true}]}}