{"id":4718,"date":"2025-03-19T01:23:08","date_gmt":"2025-03-19T00:23:08","guid":{"rendered":"https:\/\/monde25.info\/index.php\/2025\/03\/19\/le-mali-se-retire-de-lorganisation-internationale-de-la-francophonie\/"},"modified":"2025-03-19T01:23:08","modified_gmt":"2025-03-19T00:23:08","slug":"le-mali-se-retire-de-lorganisation-internationale-de-la-francophonie","status":"publish","type":"post","link":"https:\/\/monde25.info\/index.php\/2025\/03\/19\/le-mali-se-retire-de-lorganisation-internationale-de-la-francophonie\/","title":{"rendered":"Le Mali se retire de l\u2019Organisation internationale de la Francophonie"},"content":{"rendered":"<p> <br \/>\n<\/p>\n<div itemscope=\"\" itemtype=\"https:\/\/schema.org\/Article\">\n<p>https:\/\/fr.sputniknews.africa\/20250318\/le-mali-se-retire-de-lorganisation-internationale-de-la-francophonie-1071152723.html<\/p>\n<p><a target=\"_blank\" itemprop=\"url\" href=\"https:\/\/fr.sputniknews.africa\/20250318\/le-mali-se-retire-de-lorganisation-internationale-de-la-francophonie-1071152723.html\" title=\"Le Mali se retire de l\u2019Organisation internationale de la Francophonie\"\/><\/p>\n<p>Le Mali se retire de l\u2019Organisation internationale de la Francophonie<\/p>\n<p>Le Mali se retire de l\u2019Organisation internationale de la Francophonie<\/p>\n<p>Sputnik Afrique<\/p>\n<p>Apr\u00e8s le Niger et le Burkina Faso, le Mali a aussi annonc\u00e9 le retrait du Mali de l&rsquo;Organisation internationale de la francophonie, accusant l&rsquo;OIF d&rsquo;appliquer&#8230; 18.03.2025, Sputnik Afrique<\/p>\n<p>2025-03-18T21:05+0100<\/p>\n<p>2025-03-18T21:05+0100<\/p>\n<p>2025-03-18T21:10+0100<\/p>\n<p>mali<\/p>\n<p>afrique subsaharienne<\/p>\n<p>organisation internationale de la francophonie (oif)<\/p>\n<p>sahel<\/p>\n<p>alliance des \u00e9tats du sahel (aes)<\/p>\n<p>https:\/\/cdn1.img.sputniknews.africa\/img\/07e8\/0b\/0e\/1069230520_0:0:3552:1998_1920x0_80_0_0_beeaf83a4e3a5f5baca6cff4fac24150.jpg<\/p>\n<p>Le Mali se retire aussi de l\u2019Organisation internationale de la Francophonie, a annonc\u00e9 ce mardi 18 mars le minist\u00e8re malien des Affaires \u00e9trang\u00e8res dans un courrier adress\u00e9 au minist\u00e8re fran\u00e7ais de l&rsquo;Europe et des affaires \u00e9trang\u00e8res.Le Mali avait \u00e9t\u00e9 suspendu de l&rsquo;OIF en ao\u00fbt 2020, apr\u00e8s un coup d&rsquo;\u00c9tat qui a renvers\u00e9 le Pr\u00e9sident  pro-occidental Ibrahim Boubacar Ke\u00efta.\u00a0\u00bbLe Mali ne peut demeurer membre d&rsquo;une organisation aux agissements incompatibles avec les principes constitutionnels qui guident l&rsquo;action publique du Mali, fond\u00e9s sur la souverainet\u00e9 de l&rsquo;\u00c9tat\u00a0\u00bb, ajoute le minist\u00e8re malien.Le 17 mars, le Burkina Faso et le Niger, alli\u00e9s du Mali au sein de l&rsquo;Alliance des \u00c9tats du Sahel (AES), avaient annonc\u00e9 leur retrait de l&rsquo;organisation. <\/p>\n<p>mali<\/p>\n<p>afrique subsaharienne<\/p>\n<p>sahel<\/p>\n<div itemprop=\"copyrightHolder\" itemscope=\"\" itemtype=\"http:\/\/schema.org\/Organization\">\n<p>Sputnik Afrique<\/p>\n<p><a target=\"_blank\" itemprop=\"url\" href=\"https:\/\/fr.sputniknews.africa\" title=\"Sputnik Afrique\"> <\/a><\/p>\n<p>feedback.fr@sputniknews.com<\/p>\n<p>+74956456601<\/p>\n<p>MIA \u201eRossiya Segodnya\u201c<\/p>\n<p><a target=\"_blank\" itemprop=\"sameAs\" href=\"https:\/\/t.me\/sputnik_afrique\"> <\/a><a target=\"_blank\" itemprop=\"sameAs\" href=\"https:\/\/t.me\/sputnik_africa\"> <\/a><a target=\"_blank\" itemprop=\"sameAs\" href=\"https:\/\/t.me\/sputnik_ethiopia\"> <\/a><a target=\"_blank\" itemprop=\"sameAs\" href=\"https:\/\/x.com\/sputnik_afrique\"> <\/a><a target=\"_blank\" itemprop=\"sameAs\" href=\"https:\/\/x.com\/sputnik_africa\"> <\/a><\/div>\n<p>2025<\/p>\n<div itemprop=\"creator\" itemscope=\"\" itemtype=\"http:\/\/schema.org\/Organization\">\n<p>Sputnik Afrique<\/p>\n<p><a target=\"_blank\" itemprop=\"url\" href=\"https:\/\/fr.sputniknews.africa\" title=\"Sputnik Afrique\"> <\/a><\/p>\n<p>feedback.fr@sputniknews.com<\/p>\n<p>+74956456601<\/p>\n<p>MIA \u201eRossiya Segodnya\u201c<\/p>\n<p><a target=\"_blank\" itemprop=\"sameAs\" href=\"https:\/\/t.me\/sputnik_afrique\"> <\/a><a target=\"_blank\" itemprop=\"sameAs\" href=\"https:\/\/t.me\/sputnik_africa\"> <\/a><a target=\"_blank\" itemprop=\"sameAs\" href=\"https:\/\/t.me\/sputnik_ethiopia\"> <\/a><a target=\"_blank\" itemprop=\"sameAs\" href=\"https:\/\/x.com\/sputnik_afrique\"> <\/a><a target=\"_blank\" itemprop=\"sameAs\" href=\"https:\/\/x.com\/sputnik_africa\"> <\/a><\/div>\n<p>Actus<\/p>\n<p>fr_FR<\/p>\n<div itemprop=\"sourceOrganization\" itemscope=\"\" itemtype=\"http:\/\/schema.org\/Organization\">\n<p>Sputnik Afrique<\/p>\n<p><a target=\"_blank\" itemprop=\"url\" href=\"https:\/\/fr.sputniknews.africa\" title=\"Sputnik Afrique\"> <\/a><\/p>\n<p>feedback.fr@sputniknews.com<\/p>\n<p>+74956456601<\/p>\n<p>MIA \u201eRossiya Segodnya\u201c<\/p>\n<p><a target=\"_blank\" itemprop=\"sameAs\" href=\"https:\/\/t.me\/sputnik_afrique\"> <\/a><a target=\"_blank\" itemprop=\"sameAs\" href=\"https:\/\/t.me\/sputnik_africa\"> <\/a><a target=\"_blank\" itemprop=\"sameAs\" href=\"https:\/\/t.me\/sputnik_ethiopia\"> <\/a><a target=\"_blank\" itemprop=\"sameAs\" href=\"https:\/\/x.com\/sputnik_afrique\"> <\/a><a target=\"_blank\" itemprop=\"sameAs\" href=\"https:\/\/x.com\/sputnik_africa\"> <\/a><\/div>\n<p><a target=\"_blank\" itemprop=\"thumbnailUrl\" href=\"https:\/\/cdn1.img.sputniknews.africa\/img\/07e8\/0b\/0e\/1069230520_0:0:3552:1998_1920x0_80_0_0_beeaf83a4e3a5f5baca6cff4fac24150.jpg\"\/><a target=\"_blank\" itemprop=\"thumbnailUrl\" href=\"https:\/\/cdn1.img.sputniknews.africa\/img\/07e8\/0b\/0e\/1069230520_424:0:3155:2048_1920x0_80_0_0_5874e769d207366a861f3cf682ed521f.jpg\">https:\/\/cdn1.img.sputniknews.africa\/img\/07e8\/0b\/0e\/1069230520_424:0:3155:2048_1920x0_80_0_0_5874e769d207366a861f3cf682ed521f.jpg<\/a><a target=\"_blank\" itemprop=\"thumbnailUrl\" href=\"https:\/\/cdn1.img.sputniknews.africa\/img\/07e8\/0b\/0e\/1069230520_765:0:2813:2048_1920x0_80_0_0_1ba4f6406168a3675fef0a53a8964e5b.jpg\" title=\"Bamako \"\/><\/p>\n<div itemprop=\"publisher\" itemscope=\"\" itemtype=\"http:\/\/schema.org\/Organization\">\n<p>Sputnik Afrique<\/p>\n<p><a target=\"_blank\" itemprop=\"url\" href=\"https:\/\/fr.sputniknews.africa\" title=\"Sputnik Afrique\"> <\/a><\/p>\n<p>feedback.fr@sputniknews.com<\/p>\n<p>+74956456601<\/p>\n<p>MIA \u201eRossiya Segodnya\u201c<\/p>\n<p><a target=\"_blank\" itemprop=\"sameAs\" href=\"https:\/\/t.me\/sputnik_afrique\"> <\/a><a target=\"_blank\" itemprop=\"sameAs\" href=\"https:\/\/t.me\/sputnik_africa\"> <\/a><a target=\"_blank\" itemprop=\"sameAs\" href=\"https:\/\/t.me\/sputnik_ethiopia\"> <\/a><a target=\"_blank\" itemprop=\"sameAs\" href=\"https:\/\/x.com\/sputnik_afrique\"> <\/a><a target=\"_blank\" itemprop=\"sameAs\" href=\"https:\/\/x.com\/sputnik_africa\"> <\/a><\/div>\n<p>mali, afrique subsaharienne, organisation internationale de la francophonie (oif), sahel, alliance des \u00e9tats du sahel (aes)<\/p>\n<div itemprop=\"about\" itemscope=\"\" itemtype=\"https:\/\/schema.org\/Thing\">\n<p>mali, afrique subsaharienne, organisation internationale de la francophonie (oif), sahel, alliance des \u00e9tats du sahel (aes)<\/p>\n<\/div>\n<\/div>\n<div>\n<div class=\"article__info \" data-nosnippet=\"\">\n<div class=\"article__info-date\"><a target=\"_blank\" href=\"https:\/\/fr.sputniknews.africa\/20250318\/\" class=\"\" title=\"Archives des actus\" data-unixtime=\"1742328317\">21:05 18.03.2025<\/a> <span class=\"article__info-date-modified \" data-unixtime=\"1742328642\"> (Mis \u00e0 jour: <span class=\"date\">21:10 18.03.2025<\/span>)<\/span><\/div>\n<\/div>\n<p>Apr\u00e8s le Niger et le Burkina Faso, le Mali a aussi annonc\u00e9 le retrait du Mali de l&rsquo;Organisation internationale de la francophonie, accusant l&rsquo;OIF d&rsquo;appliquer des sanctions s\u00e9lectives et de m\u00e9priser la souverainet\u00e9 du Mali.<\/p>\n<\/div>\n<div>\n<div class=\"article__block\" data-type=\"text\">\n<p>Le Mali se retire aussi de l\u2019Organisation internationale de la Francophonie, a annonc\u00e9 ce mardi 18 mars le minist\u00e8re malien des Affaires \u00e9trang\u00e8res dans un courrier adress\u00e9 au minist\u00e8re fran\u00e7ais de l&rsquo;Europe et des affaires \u00e9trang\u00e8res.<\/p>\n<\/div>\n<div class=\"article__block\" data-type=\"quote\">\n<div class=\"article__quote\">\n<p>\u00ab\u00a0Depuis l&rsquo;av\u00e8nement de la transition, l&rsquo;OIF, au lieu d&rsquo;accompagner le Mali dans la r\u00e9alisation des aspirations l\u00e9gitimes de son peuple, s&rsquo;est illustr\u00e9e par l&rsquo;application s\u00e9lective des sanctions et le m\u00e9pris de la souverainet\u00e9 du Mali\u00a0\u00bb, indique le document.<\/p>\n<\/div>\n<\/div>\n<div class=\"article__block\" data-type=\"text\">\n<div class=\"article__text\">Le Mali avait \u00e9t\u00e9 suspendu de l&rsquo;OIF en ao\u00fbt 2020, apr\u00e8s un coup d&rsquo;\u00c9tat qui a<a target=\"_blank\" href=\"https:\/\/fr.sputniknews.africa\/20240818\/mali-quatre-ans-apres-le-renversement-du-president-pro-occidental-quel-est-le-bilan--1067909968.html\" target=\"_blank\"> renvers\u00e9 le Pr\u00e9sident  pro-occidental Ibrahim Boubacar Ke\u00efta<\/a>.<\/div>\n<\/div>\n<div class=\"article__block\" data-type=\"text\">\n<p>\u00ab\u00a0Le Mali ne peut demeurer membre d&rsquo;une organisation aux agissements incompatibles avec les principes constitutionnels qui guident l&rsquo;action publique du Mali, fond\u00e9s sur la souverainet\u00e9 de l&rsquo;\u00c9tat\u00a0\u00bb, ajoute le minist\u00e8re malien.<\/p>\n<\/div>\n<div class=\"article__block\" data-type=\"text\">\n<p>Le 17 mars, le Burkina Faso et le Niger, alli\u00e9s du Mali au sein de l&rsquo;Alliance des \u00c9tats du Sahel (AES), avaient annonc\u00e9 leur retrait de l&rsquo;organisation. <\/p>\n<\/div>\n<\/div>\n<p><script async=\"async\" type=\"text\/plain\" class=\"_iub_cs_activate\" data-iub-purposes=\"3\" data-suppressedsrc=\"https:\/\/connect.facebook.net\/en_US\/sdk.js#xfbml=1&amp;version=v3.2\"><\/script><br \/>\n<br \/><br \/>\n<br \/><a href=\"https:\/\/fr.sputniknews.africa\/20250318\/le-mali-se-retire-de-lorganisation-internationale-de-la-francophonie-1071152723.html\" target=\"_blank\"\">Source link <\/a><\/p>\n","protected":false},"excerpt":{"rendered":"<p>https:\/\/fr.sputniknews.africa\/20250318\/le-mali-se-retire-de-lorganisation-internationale-de-la-francophonie-1071152723.html Le Mali se retire de l\u2019Organisation internationale de la Francophonie Le Mali se retire de l\u2019Organisation internationale de la Francophonie Sputnik Afrique Apr\u00e8s le Niger et le Burkina Faso,&hellip; <\/p>\n","protected":false},"author":1,"featured_media":4719,"comment_status":"open","ping_status":"open","sticky":false,"template":"","format":"standard","meta":{"footnotes":""},"categories":[1],"tags":[],"class_list":["post-4718","post","type-post","status-publish","format-standard","has-post-thumbnail","hentry","category-non-classe"],"_links":{"self":[{"href":"https:\/\/monde25.info\/index.php\/wp-json\/wp\/v2\/posts\/4718","targetHints":{"allow":["GET"]}}],"collection":[{"href":"https:\/\/monde25.info\/index.php\/wp-json\/wp\/v2\/posts"}],"about":[{"href":"https:\/\/monde25.info\/index.php\/wp-json\/wp\/v2\/types\/post"}],"author":[{"embeddable":true,"href":"https:\/\/monde25.info\/index.php\/wp-json\/wp\/v2\/users\/1"}],"replies":[{"embeddable":true,"href":"https:\/\/monde25.info\/index.php\/wp-json\/wp\/v2\/comments?post=4718"}],"version-history":[{"count":0,"href":"https:\/\/monde25.info\/index.php\/wp-json\/wp\/v2\/posts\/4718\/revisions"}],"wp:featuredmedia":[{"embeddable":true,"href":"https:\/\/monde25.info\/index.php\/wp-json\/wp\/v2\/media\/4719"}],"wp:attachment":[{"href":"https:\/\/monde25.info\/index.php\/wp-json\/wp\/v2\/media?parent=4718"}],"wp:term":[{"taxonomy":"category","embeddable":true,"href":"https:\/\/monde25.info\/index.php\/wp-json\/wp\/v2\/categories?post=4718"},{"taxonomy":"post_tag","embeddable":true,"href":"https:\/\/monde25.info\/index.php\/wp-json\/wp\/v2\/tags?post=4718"}],"curies":[{"name":"wp","href":"https:\/\/api.w.org\/{rel}","templated":true}]}}