{"id":4728,"date":"2025-03-19T04:08:53","date_gmt":"2025-03-19T03:08:53","guid":{"rendered":"https:\/\/monde25.info\/index.php\/2025\/03\/19\/en-ile-de-france-les-secheresses-pourraient-couter-25-milliards-deuros-en-2100\/"},"modified":"2025-03-19T04:08:53","modified_gmt":"2025-03-19T03:08:53","slug":"en-ile-de-france-les-secheresses-pourraient-couter-25-milliards-deuros-en-2100","status":"publish","type":"post","link":"https:\/\/monde25.info\/index.php\/2025\/03\/19\/en-ile-de-france-les-secheresses-pourraient-couter-25-milliards-deuros-en-2100\/","title":{"rendered":"En \u00cele-de-France, les s\u00e9cheresses pourraient co\u00fbter 2,5 milliards d\u2019euros en 2100"},"content":{"rendered":"<p> <br \/>\n<\/p>\n<div style=\"position:relative;\">\n        <picture><source type=\"image\/webp\" srcset=\"https:\/\/reporterre.net\/local\/cache-vignettes\/L720xH480\/pexels-gu-bra-11680150-6514862_1_-22311.jpg@.webp?1742309894\"><img loading=\"lazy\" decoding=\"async\" src=\"https:\/\/reporterre.net\/local\/cache-vignettes\/L720xH480\/pexels-gu-bra-11680150-6514862_1_-22311.jpg?1742309894\" width=\"720\" height=\"480\" alt=\"En \u00cele-de-France, les s\u00e9cheresses pourraient co\u00fbter 2,5 milliards d'euros en 2100\" class=\"image_logo voir_logo\"\/><\/p>\n<p><\/source><\/picture>\n<p class=\"legende_logo\">L&rsquo;artificialisation des sols r\u00e9duit notamment la capacit\u00e9 des nappes souterraines \u00e0 se recharger. <span class=\"copyright_logo\">&#8211; Pexels\/CC\/Gu Bra<\/span><\/p>\n<p class=\"legende_logo_480\">L&rsquo;artificialisation des sols r\u00e9duit notamment la capacit\u00e9 des nappes souterraines \u00e0 se recharger. <span class=\"copyright_logo\">&#8211; Pexels\/CC\/Gu Bra<\/span><\/p>\n<\/p><\/div>\n<div>\n        <span class=\"date\">18 mars 2025  \u00e0 15h58<\/span><\/p>\n<p class=\"duree_lecture\">\n        Dur\u00e9e de lecture : 2 minutes\n      <\/p>\n<\/p><\/div>\n<div>\n<p>La probl\u00e9matique, longtemps circonscrite <a target=\"_blank\" href=\"https:\/\/reporterre.net\/En-Mediterranee-vers-une-secheresse-quasi-permanente\">au pourtour m\u00e9diterran\u00e9en<\/a>, concerne aussi l\u2019\u00cele-de-France. Dans <a target=\"_blank\" href=\"https:\/\/www.oecd.org\/fr\/publications\/adapter-l-ile-de-france-aux-risques-de-rarefaction-de-l-eau_270e92ac-fr.html\" class=\"spip_out\" rel=\"external\">un rapport<\/a> publi\u00e9 le 17\u00a0mars, l\u2019Organisation de coop\u00e9ration et de d\u00e9veloppement \u00e9conomiques (<span class=\"caps\">OCDE<\/span>) estime que la r\u00e9gion va devenir de plus en plus vuln\u00e9rable aux s\u00e9cheresses, en raison du d\u00e9r\u00e8glement climatique. Et sans mesure de pr\u00e9vention, la facture s\u2019annonce lourde, pr\u00e9vient l\u2019organisation.<\/p>\n<p>\u00c0 l\u2019horizon 2100, un \u00e9pisode de s\u00e9cheresse majeur pourrait <i>\u00ab<small class=\"fine d-inline\">\u00a0<\/small>gravement perturber les activit\u00e9s \u00e9conomiques<small class=\"fine d-inline\">\u00a0<\/small>\u00bb<\/i> et engendrer jusqu\u2019\u00e0 2,5 milliards d\u2019euros de pertes de production agricole et manufacturi\u00e8re. D\u00e8s 2050, le co\u00fbt des s\u00e9cheresses dans la r\u00e9gion pourrait atteindre 1,4\u00a0milliard d\u2019euros.<\/p>\n<p>Alors que l\u2019\u00cele-de-France a d\u00e9j\u00e0 subi une augmentation des temp\u00e9ratures moyennes de 2\u00a0\u00b0C depuis 1990, selon le rapport de l\u2019<span class=\"caps\">OCDE<\/span>, <i>\u00ab<small class=\"fine d-inline\">\u00a0<\/small>la r\u00e9gion devrait observer une baisse des pr\u00e9cipitations estivales et une amplification de l\u2019\u00e9vapotranspiration sous l\u2019effet de l\u2019augmentation continue des temp\u00e9ratures<small class=\"fine d-inline\">\u00a0<\/small>\u00bb<\/i>. Par ailleurs, les habitants des grandes villes sont plus  vuln\u00e9rables au manque d\u2019eau en raison de l\u2019artificialisation des sols qui r\u00e9duit la capacit\u00e9 des nappes souterraines \u00e0 se recharger.<\/p>\n<p>Parall\u00e8lement, les besoins en eau des 12\u00a0millions d\u2019habitants vont augmenter\u00a0: la population va cro\u00eetre de 5<small class=\"fine d-inline\">\u00a0<\/small>% d\u2019ici \u00e0 vingt-cinq\u00a0ans et les besoins en eau de l\u2019agriculture, qui repr\u00e9sente la moiti\u00e9 de la superficie de l\u2019\u00cele-de-France, pourraient augmenter de 45<small class=\"fine d-inline\">\u00a0<\/small>% d\u2019ici 2050 selon les trajectoires actuelles, note l\u2019<span class=\"caps\">OCDE<\/span>.<\/p>\n<p>Parmi les pistes, l\u2019organisation pr\u00e9conise de r\u00e9duire le volume des pr\u00e9l\u00e8vements en r\u00e9utilisant par exemple <i>\u00ab<small class=\"fine d-inline\">\u00a0<\/small>les eaux industrielles et la collecte des eaux de pluie et de drainage pour l\u2019irrigation communale et domestique<small class=\"fine d-inline\">\u00a0<\/small>\u00bb<\/i>.<\/p>\n<aside class=\"boite_encarts\">\n<div class=\"encart encart_gris noprint\">\n<p><strong>Puisque vous \u00eates l\u00e0&#8230;<\/strong><\/p>\n<p>&#8230; nous avons un petit service \u00e0 vous demander.<br class=\"autobr\"\/><br \/>\nEntre la pr\u00e9sence d\u2019un climatosceptique \u00e0 la t\u00eate de la premi\u00e8re puissance mondiale, un gouvernement fran\u00e7ais qui flirte avec l\u2019extr\u00eame-droite, et les catastrophes climatiques qui s\u2019enchainent&#8230; Faire vivre l\u2019\u00e9cologie dans le d\u00e9bat public est un enjeu crucial.<\/p>\n<p>Personne ne modifie ce que nous publions. Nous n\u2019avons ni actionnaire, ni propri\u00e9taire milliardaire \u2014 seulement une \u00e9quipe d\u2019irr\u00e9ductibles journalistes, pleine de d\u00e9termination.<\/p>\n<p>Nous avons la conviction que l\u2019urgence \u00e9cologique est l\u2019enjeu majeur de notre \u00e9poque. Et comme plus de 2 millions de lectrices et lecteurs chaque mois, vous partagez sans doute cette conviction&#8230;<\/p>\n<p><strong>Depuis 12 ans, nous publions des articles de qualit\u00e9 sur l\u2019\u00e9cologie, en acc\u00e8s libre et sans publicit\u00e9, pour tous.<\/strong><br class=\"autobr\"\/><br \/>\nMais ce travail demande beaucoup de temps et de ressources.<\/p>\n<p>Alors, si vous en avez les moyens, sachez qu\u2019un don, m\u00eame d\u20191\u20ac, est un acte de soutien fort pour l\u2019\u00e9cologie et le journalisme ind\u00e9pendant.<br class=\"autobr\"\/><br \/>\n(Et \u00e7a vous prendra moins de temps que la lecture de ce texte).<\/p>\n<p><strong>Si vous le pouvez, choisissez un soutien mensuel. Merci.<\/strong><\/p>\n<p><a target=\"_blank\" href=\"https:\/\/reporterre.net\/dons\" class=\"bt_soutenir\">Je soutiens <i>Reporterre<\/i><\/a><\/p>\n<\/p><\/div>\n<div class=\"encart encart_vert noprint montre_1023\">\n<div class=\"infolettre-form-container noprint\">\n<p>Abonnez-vous \u00e0 la lettre d\u2019info de Reporterre<\/p>\n<\/div><\/div>\n<\/aside>\n<aside class=\"boite_apresarticle encart_note\">\n<h4>Apr\u00e8s cet article<\/h4>\n<p>      <a target=\"_blank\" href=\"https:\/\/reporterre.net\/Etes-secs-hivers-pluvieux-ce-qui-attend-la-France\" class=\"lien_article\">\n      <picture class=\"vignette_gauche\"><source type=\"image\/webp\" srcset=\"https:\/\/reporterre.net\/local\/cache-vignettes\/L450xH300\/tomato-3615835_1920_1_-64d40.jpg@.webp?1737375588\"><img decoding=\"async\" src=\"https:\/\/reporterre.net\/local\/cache-vignettes\/L450xH300\/tomato-3615835_1920_1_-64d40.jpg?1737375588\" width=\"450\" height=\"300\" alt=\"\" class=\"marge12\" loading=\"lazy\"\/><br \/>\n<\/source><\/picture>\n<p class=\"libelle\">\n<p>      Climat\n    <\/p>\n<p class=\"titre pol20\">\u00c9t\u00e9s secs, hivers pluvieux\u00a0: ce qui attend la France<\/p>\n<p>      <\/a><br \/>\n    <\/aside>\n<aside class=\"boite_complement texte\">\n<p>      <!-- zone_forum --><br \/>\n          <\/aside>\n<aside class=\"boite_lireaussi noprint\">\n<\/aside>\n<aside class=\"colonne\">\n<div class=\"article_info cache_1023 noprint\">\n        <span class=\"date\">18 mars 2025  \u00e0 15h58<\/span><\/p>\n<p class=\"duree_lecture\">\n        Dur\u00e9e de lecture : 2 minutes\n      <\/p>\n<\/p><\/div>\n<div class=\"bloc_infolettre\">\n<div class=\"infolettre-form-container noprint\">\n<p>Abonnez-vous \u00e0 la lettre d\u2019info de Reporterre<\/p>\n<\/div><\/div>\n<\/aside>\n<div id=\"galerie\">\n  <img decoding=\"async\" src=\"\" class=\"principale\" id=\"principale\"\/><\/p>\n<p id=\"legende\">legende<\/p>\n<\/div>\n<footer class=\"noprint\">\n<\/footer>\n<\/div>\n<p><br \/>\n<br \/><a href=\"https:\/\/reporterre.net\/En-Ile-de-France-les-secheresses-pourraient-couter-2-5-milliards-d-euros-en-2100\" target=\"_blank\"\">Source link <\/a><\/p>\n","protected":false},"excerpt":{"rendered":"<p>L&rsquo;artificialisation des sols r\u00e9duit notamment la capacit\u00e9 des nappes souterraines \u00e0 se recharger. &#8211; Pexels\/CC\/Gu Bra L&rsquo;artificialisation des sols r\u00e9duit notamment la capacit\u00e9 des nappes souterraines \u00e0 se recharger. &#8211;&hellip; <\/p>\n","protected":false},"author":1,"featured_media":4729,"comment_status":"open","ping_status":"open","sticky":false,"template":"","format":"standard","meta":{"footnotes":""},"categories":[1],"tags":[],"class_list":["post-4728","post","type-post","status-publish","format-standard","has-post-thumbnail","hentry","category-non-classe"],"_links":{"self":[{"href":"https:\/\/monde25.info\/index.php\/wp-json\/wp\/v2\/posts\/4728","targetHints":{"allow":["GET"]}}],"collection":[{"href":"https:\/\/monde25.info\/index.php\/wp-json\/wp\/v2\/posts"}],"about":[{"href":"https:\/\/monde25.info\/index.php\/wp-json\/wp\/v2\/types\/post"}],"author":[{"embeddable":true,"href":"https:\/\/monde25.info\/index.php\/wp-json\/wp\/v2\/users\/1"}],"replies":[{"embeddable":true,"href":"https:\/\/monde25.info\/index.php\/wp-json\/wp\/v2\/comments?post=4728"}],"version-history":[{"count":0,"href":"https:\/\/monde25.info\/index.php\/wp-json\/wp\/v2\/posts\/4728\/revisions"}],"wp:featuredmedia":[{"embeddable":true,"href":"https:\/\/monde25.info\/index.php\/wp-json\/wp\/v2\/media\/4729"}],"wp:attachment":[{"href":"https:\/\/monde25.info\/index.php\/wp-json\/wp\/v2\/media?parent=4728"}],"wp:term":[{"taxonomy":"category","embeddable":true,"href":"https:\/\/monde25.info\/index.php\/wp-json\/wp\/v2\/categories?post=4728"},{"taxonomy":"post_tag","embeddable":true,"href":"https:\/\/monde25.info\/index.php\/wp-json\/wp\/v2\/tags?post=4728"}],"curies":[{"name":"wp","href":"https:\/\/api.w.org\/{rel}","templated":true}]}}