{"id":4736,"date":"2025-03-19T06:21:48","date_gmt":"2025-03-19T05:21:48","guid":{"rendered":"https:\/\/monde25.info\/index.php\/2025\/03\/19\/bayrou-rappelle-ses-ministres-a-lordre-rt-en-francais\/"},"modified":"2025-03-19T06:21:48","modified_gmt":"2025-03-19T05:21:48","slug":"bayrou-rappelle-ses-ministres-a-lordre-rt-en-francais","status":"publish","type":"post","link":"https:\/\/monde25.info\/index.php\/2025\/03\/19\/bayrou-rappelle-ses-ministres-a-lordre-rt-en-francais\/","title":{"rendered":"Bayrou rappelle ses ministres \u00e0 l\u2019ordre \u2014 RT en fran\u00e7ais"},"content":{"rendered":"<p> <br \/>\n<br \/><img decoding=\"async\" src=\"https:\/\/mf.b37mrtl.ru\/french\/images\/2025.03\/thumbnail\/67d9b39a6f7ccc31f93dd18f.jpg\" \/><\/p>\n<div>\n<p class=\"text__summary\">\n                                        Face aux tensions internes sur l\u2019interdiction du voile dans les comp\u00e9titions sportives, Fran\u00e7ois Bayrou a convoqu\u00e9 plusieurs de ses ministres pour un recadrage. Apr\u00e8s une semaine de d\u00e9saccords, le Premier ministre fran\u00e7ais a tranch\u00e9 : le gouvernement soutiendra la proposition de loi s\u00e9natoriale sur l\u2019interdiction des signes religieux dans le sport.\n                                    <\/p>\n<p>Ce 18 mars, Fran\u00e7ois Bayrou a r\u00e9uni plusieurs membres de son gouvernement \u00e0 Matignon pour mettre fin aux divisions sur le port du voile dans le sport. Cette convocation concernait les ministres G\u00e9rald Darmanin (Justice), Bruno Retailleau (Int\u00e9rieur), Marie Barsacq (Sports), \u00c9lisabeth Borne (\u00c9ducation) et Aurore Berg\u00e9 (\u00c9galit\u00e9 entre les femmes et les hommes). Le Premier ministre a rappel\u00e9 que la position de l\u2019ex\u00e9cutif \u00e9tait claire : celle du soutien de la proposition de loi adopt\u00e9e en f\u00e9vrier par le S\u00e9nat, qui interdit le port de signes religieux dans les comp\u00e9titions sportives.<\/p>\n<p>L\u2019origine de cette r\u00e9union remonte aux prises de position divergentes de plusieurs ministres. La ministre des Sports, Marie Barsacq, avait mis en garde contre les \u00abconfusions\u00bb et \u00abamalgames\u00bb entre le port du voile et la radicalisation islamiste dans le sport, une d\u00e9claration qui a imm\u00e9diatement suscit\u00e9 la r\u00e9action du ministre de l\u2019Int\u00e9rieur, Bruno Retailleau. Ce dernier s\u2019est d\u00e9clar\u00e9 en \u00abd\u00e9saccord total\u00bb avec elle, soulignant que la lutte contre \u00abl\u2019entrisme islamiste\u00bb n\u00e9cessitait une interdiction claire. Dans le m\u00eame temps, G\u00e9rald Darmanin, qui est rest\u00e9 silencieux sur la question jusque-l\u00e0, a exprim\u00e9 son soutien \u00e0 la loi et a m\u00eame menac\u00e9 de quitter le gouvernement si l\u2019ex\u00e9cutif ne prenait pas position en faveur de l\u2019interdiction.<\/p>\n<p>Lundi 17 mars, \u00c9lisabeth Borne a estim\u00e9 sur France Info que les f\u00e9d\u00e9rations sportives avaient la responsabilit\u00e9 de fixer leur propre r\u00e8glement int\u00e9rieur concernant les tenues des athl\u00e8tes. Une d\u00e9claration qui s\u2019opposait \u00e0 la ligne d\u00e9fendue par Retailleau et Darmanin, et qui a contribu\u00e9 \u00e0 l\u2019escalade des tensions au sein du gouvernement.<\/p>\n<p>Devant cette cacophonie, Fran\u00e7ois Bayrou a d\u00e9cid\u00e9 d\u2019intervenir fermement. Selon une source gouvernementale cit\u00e9e par BFMTV, il a qualifi\u00e9 les critiques internes entre ministres \u00abd\u2019inacceptables\u00bb. Lors de la r\u00e9union \u00e0 Matignon, il a rappel\u00e9 que \u00able port du voile n&rsquo;\u00e9tait pas autoris\u00e9 dans les comp\u00e9titions sportives\u00bb et que la position du gouvernement devait \u00eatre \u00abunique et coh\u00e9rente\u00bb.<\/p>\n<p>Dans la foul\u00e9e, la ministre Aurore Berg\u00e9 a d\u00e9fendu la ligne du gouvernement lors des questions d\u2019actualit\u00e9 \u00e0 l\u2019Assembl\u00e9e nationale, affirmant qu\u2019il n\u2019y avait \u00abqu\u2019une seule ligne\u00bb sur le sujet : \u00abpas de signe religieux ostentatoire dans les comp\u00e9titions sportives\u00bb. Marie Barsacq et \u00c9lisabeth Borne, quant \u00e0 elles, ont minimis\u00e9 l\u2019importance de cette r\u00e9union, affirmant qu\u2019il ne s\u2019agissait pas d\u2019un recadrage.<\/p>\n<p>La loi d\u00e9fendue par le S\u00e9nat, et soutenue par l\u2019ex\u00e9cutif, permet aux f\u00e9d\u00e9rations sportives d\u2019interdire les signes religieux dans les comp\u00e9titions sous leur juridiction. Elle fait suite \u00e0 une d\u00e9cision du Conseil d\u2019\u00c9tat de juin 2023, qui avait rappel\u00e9 que les f\u00e9d\u00e9rations pouvaient imposer une obligation de neutralit\u00e9 des tenues pour garantir le bon d\u00e9roulement des matchs.<\/p>\n<p>Ce dossier s\u2019inscrit \u00e9galement dans un contexte plus large de tensions internes au sein du gouvernement. Les d\u00e9saccords sur la question du voile s\u2019ajoutent \u00e0 d\u2019autres diff\u00e9rends, notamment sur le droit du sol \u00e0 Mayotte et la relation avec l\u2019Alg\u00e9rie, qui ont r\u00e9cemment provoqu\u00e9 des frictions entre plusieurs ministres.<\/p>\n<p>Avec cette d\u00e9cision, Fran\u00e7ois Bayrou tente de fermer un nouveau chapitre de discorde et d\u2019imposer une discipline collective au sein du gouvernement.<\/p>\n<\/div>\n<p><br \/>\n<br \/><a href=\"https:\/\/francais.rt.com\/france\/118188-port-voile-dans-sport-francois-bayrou-recadre-ses-ministres-et-impose-une-ligne-claire\" target=\"_blank\"\">Source link <\/a><\/p>\n","protected":false},"excerpt":{"rendered":"<p>Face aux tensions internes sur l\u2019interdiction du voile dans les comp\u00e9titions sportives, Fran\u00e7ois Bayrou a convoqu\u00e9 plusieurs de ses ministres pour un recadrage. Apr\u00e8s une semaine de d\u00e9saccords, le Premier&hellip; <\/p>\n","protected":false},"author":1,"featured_media":4737,"comment_status":"open","ping_status":"open","sticky":false,"template":"","format":"standard","meta":{"footnotes":""},"categories":[1],"tags":[],"class_list":["post-4736","post","type-post","status-publish","format-standard","has-post-thumbnail","hentry","category-non-classe"],"_links":{"self":[{"href":"https:\/\/monde25.info\/index.php\/wp-json\/wp\/v2\/posts\/4736","targetHints":{"allow":["GET"]}}],"collection":[{"href":"https:\/\/monde25.info\/index.php\/wp-json\/wp\/v2\/posts"}],"about":[{"href":"https:\/\/monde25.info\/index.php\/wp-json\/wp\/v2\/types\/post"}],"author":[{"embeddable":true,"href":"https:\/\/monde25.info\/index.php\/wp-json\/wp\/v2\/users\/1"}],"replies":[{"embeddable":true,"href":"https:\/\/monde25.info\/index.php\/wp-json\/wp\/v2\/comments?post=4736"}],"version-history":[{"count":0,"href":"https:\/\/monde25.info\/index.php\/wp-json\/wp\/v2\/posts\/4736\/revisions"}],"wp:featuredmedia":[{"embeddable":true,"href":"https:\/\/monde25.info\/index.php\/wp-json\/wp\/v2\/media\/4737"}],"wp:attachment":[{"href":"https:\/\/monde25.info\/index.php\/wp-json\/wp\/v2\/media?parent=4736"}],"wp:term":[{"taxonomy":"category","embeddable":true,"href":"https:\/\/monde25.info\/index.php\/wp-json\/wp\/v2\/categories?post=4736"},{"taxonomy":"post_tag","embeddable":true,"href":"https:\/\/monde25.info\/index.php\/wp-json\/wp\/v2\/tags?post=4736"}],"curies":[{"name":"wp","href":"https:\/\/api.w.org\/{rel}","templated":true}]}}