{"id":4743,"date":"2025-03-19T08:33:48","date_gmt":"2025-03-19T07:33:48","guid":{"rendered":"https:\/\/monde25.info\/index.php\/2025\/03\/19\/donald-trump-convoite-leau-du-canada\/"},"modified":"2025-03-19T08:33:48","modified_gmt":"2025-03-19T07:33:48","slug":"donald-trump-convoite-leau-du-canada","status":"publish","type":"post","link":"https:\/\/monde25.info\/index.php\/2025\/03\/19\/donald-trump-convoite-leau-du-canada\/","title":{"rendered":"Donald Trump convoite l\u2019eau du Canada"},"content":{"rendered":"<p> <br \/>\n<\/p>\n<div style=\"position:relative;\">\n        <picture><source type=\"image\/webp\" srcset=\"https:\/\/reporterre.net\/local\/cache-vignettes\/L720xH480\/columbia_river_from_rowena_crest_viewpoint_looking_east_1_-26520.jpg@.webp?1742308091\"><img loading=\"lazy\" decoding=\"async\" src=\"https:\/\/reporterre.net\/local\/cache-vignettes\/L720xH480\/columbia_river_from_rowena_crest_viewpoint_looking_east_1_-26520.jpg?1742308091\" width=\"720\" height=\"480\" alt=\"Donald Trump convoite l'eau du Canada\" class=\"image_logo voir_logo\"\/><\/p>\n<p><\/source><\/picture>\n<p class=\"legende_logo\">Le fleuve Columbia coule du Canada vers les \u00c9tats-Unis, ici en Oregon en 2017. <span class=\"copyright_logo\">&#8211; Wikimedia Commons\/CC BY-SA 4.0\/Steven Pavlov<\/span><\/p>\n<p class=\"legende_logo_480\">Le fleuve Columbia coule du Canada vers les \u00c9tats-Unis, ici en Oregon en 2017. <span class=\"copyright_logo\">&#8211; Wikimedia Commons\/CC BY-SA 4.0\/Steven Pavlov<\/span><\/p>\n<\/p><\/div>\n<div>\n        <span class=\"date\">18 mars 2025  \u00e0 15h28<\/span><\/p>\n<p class=\"duree_lecture\">\n        Dur\u00e9e de lecture : 1 minute\n      <\/p>\n<\/p><\/div>\n<div>\n<p>Les d\u00e9clarations hostiles envers le Canada par le pr\u00e9sident des \u00c9tats-Unis sont nombreuses. Apr\u00e8s avoir annonc\u00e9 une guerre commerciale, Donald Trump convoite d\u00e9sormais l\u2019eau canadienne. Il voit le fleuve Columbia, qui coule du Canada vers les \u00c9tats-Unis, comme un <i>\u00ab<small class=\"fine d-inline\">\u00a0<\/small>tr\u00e8s gros robinet<small class=\"fine d-inline\">\u00a0<\/small>\u00bb<\/i>.<\/p>\n<p>La Colombie-Britannique, province canadienne situ\u00e9e au sud-ouest du pays, a annonc\u00e9 le 11\u00a0mars la suspension par les \u00c9tats-Unis des n\u00e9gociations sur le <a target=\"_blank\" href=\"https:\/\/www.canada.ca\/fr\/environnement-changement-climatique\/organisation\/affaires-internationales\/partenariats-pays-regions\/amerique-nord\/canada-etats-unis-fleuve-columbia.html\" class=\"spip_out\" rel=\"external\">trait\u00e9 du fleuve Columbia<\/a>.<\/p>\n<p>En septembre dernier, alors candidat, Donald Trump avait d\u00e9j\u00e0 annonc\u00e9 sa volont\u00e9 d\u2019utiliser l\u2019eau du fleuve pour mettre fin \u00e0 la s\u00e9cheresse. Plus r\u00e9cemment, le pr\u00e9sident des \u00c9tats-Unis a qualifi\u00e9 le trait\u00e9 d\u2019<i>\u00ab<small class=\"fine d-inline\">\u00a0<\/small>injuste<small class=\"fine d-inline\">\u00a0<\/small>\u00bb<\/i>.<\/p>\n<p>Le trait\u00e9 sur la gestion du fleuve (d\u00e9bit, partage des b\u00e9n\u00e9fices li\u00e9s \u00e0 l\u2019\u00e9nergie produite par l\u2019eau), sign\u00e9 en 1961, \u00e9tait en ren\u00e9gociation entre les deux pays pour \u00eatre modernis\u00e9 depuis l\u2019accord de principe trouv\u00e9 en juillet dernier. Selon Joe Biden, alors pr\u00e9sident des \u00c9tats-Unis, le nouvel accord devait permettre de <i>\u00ab<small class=\"fine d-inline\">\u00a0<\/small>r\u00e9\u00e9quilibrer la coordination \u00e9nerg\u00e9tique<small class=\"fine d-inline\">\u00a0<\/small>\u00bb<\/i>.<\/p>\n<p>Face \u00e0 l\u2019avenir incertain de ce trait\u00e9, le ministre canadien de l\u2019\u00c9nergie, responsable du trait\u00e9 du fleuve Columbia, Adrian Dix, a d\u00e9clar\u00e9 que si les \u00c9tats-Unis adoptaient des actions unilat\u00e9rales, comme la rupture du trait\u00e9, la province aurait un plan pour y faire face, d\u2019apr\u00e8s <a target=\"_blank\" href=\"https:\/\/ici.radio-canada.ca\/nouvelle\/2147251\/traite-fleuve-columbia-pause-negociations\" class=\"spip_out\" rel=\"external\">Radio-Canada<\/a>. Pour l\u2019instant, c\u2019est un accord provisoire qui permet la gestion du fleuve.<\/p>\n<aside class=\"boite_encarts\">\n<div class=\"encart encart_gris noprint\">\n<p><strong>Puisque vous \u00eates l\u00e0&#8230;<\/strong><\/p>\n<p>&#8230; nous avons un petit service \u00e0 vous demander.<br class=\"autobr\"\/><br \/>\nEntre la pr\u00e9sence d\u2019un climatosceptique \u00e0 la t\u00eate de la premi\u00e8re puissance mondiale, un gouvernement fran\u00e7ais qui flirte avec l\u2019extr\u00eame-droite, et les catastrophes climatiques qui s\u2019enchainent&#8230; Faire vivre l\u2019\u00e9cologie dans le d\u00e9bat public est un enjeu crucial.<\/p>\n<p>Personne ne modifie ce que nous publions. Nous n\u2019avons ni actionnaire, ni propri\u00e9taire milliardaire \u2014 seulement une \u00e9quipe d\u2019irr\u00e9ductibles journalistes, pleine de d\u00e9termination.<\/p>\n<p>Nous avons la conviction que l\u2019urgence \u00e9cologique est l\u2019enjeu majeur de notre \u00e9poque. Et comme plus de 2 millions de lectrices et lecteurs chaque mois, vous partagez sans doute cette conviction&#8230;<\/p>\n<p><strong>Depuis 12 ans, nous publions des articles de qualit\u00e9 sur l\u2019\u00e9cologie, en acc\u00e8s libre et sans publicit\u00e9, pour tous.<\/strong><br class=\"autobr\"\/><br \/>\nMais ce travail demande beaucoup de temps et de ressources.<\/p>\n<p>Alors, si vous en avez les moyens, sachez qu\u2019un don, m\u00eame d\u20191\u20ac, est un acte de soutien fort pour l\u2019\u00e9cologie et le journalisme ind\u00e9pendant.<br class=\"autobr\"\/><br \/>\n(Et \u00e7a vous prendra moins de temps que la lecture de ce texte).<\/p>\n<p><strong>Si vous le pouvez, choisissez un soutien mensuel. Merci.<\/strong><\/p>\n<p><a target=\"_blank\" href=\"https:\/\/reporterre.net\/dons\" class=\"bt_soutenir\">Je soutiens <i>Reporterre<\/i><\/a><\/p>\n<\/p><\/div>\n<div class=\"encart encart_vert noprint montre_1023\">\n<div class=\"infolettre-form-container noprint\">\n<p>Abonnez-vous \u00e0 la lettre d\u2019info de Reporterre<\/p>\n<\/div><\/div>\n<\/aside>\n<aside class=\"boite_apresarticle encart_note\">\n<\/aside>\n<aside class=\"boite_complement texte\">\n<p>      <!-- zone_forum --><br \/>\n          <\/aside>\n<aside class=\"boite_lireaussi noprint\">\n<\/aside>\n<aside class=\"colonne\">\n<div class=\"article_info cache_1023 noprint\">\n        <span class=\"date\">18 mars 2025  \u00e0 15h28<\/span><\/p>\n<p class=\"duree_lecture\">\n        Dur\u00e9e de lecture : 1 minute\n      <\/p>\n<\/p><\/div>\n<div class=\"bloc_infolettre\">\n<div class=\"infolettre-form-container noprint\">\n<p>Abonnez-vous \u00e0 la lettre d\u2019info de Reporterre<\/p>\n<\/div><\/div>\n<\/aside>\n<div id=\"galerie\">\n  <img decoding=\"async\" src=\"\" class=\"principale\" id=\"principale\"\/><\/p>\n<p id=\"legende\">legende<\/p>\n<\/div>\n<footer class=\"noprint\">\n<\/footer>\n<\/div>\n<p><br \/>\n<br \/><a href=\"https:\/\/reporterre.net\/Donald-Trump-convoite-l-eau-du-Canada\" target=\"_blank\"\">Source link <\/a><\/p>\n","protected":false},"excerpt":{"rendered":"<p>Le fleuve Columbia coule du Canada vers les \u00c9tats-Unis, ici en Oregon en 2017. &#8211; Wikimedia Commons\/CC BY-SA 4.0\/Steven Pavlov Le fleuve Columbia coule du Canada vers les \u00c9tats-Unis, ici&hellip; <\/p>\n","protected":false},"author":1,"featured_media":4744,"comment_status":"open","ping_status":"open","sticky":false,"template":"","format":"standard","meta":{"footnotes":""},"categories":[1],"tags":[],"class_list":["post-4743","post","type-post","status-publish","format-standard","has-post-thumbnail","hentry","category-non-classe"],"_links":{"self":[{"href":"https:\/\/monde25.info\/index.php\/wp-json\/wp\/v2\/posts\/4743","targetHints":{"allow":["GET"]}}],"collection":[{"href":"https:\/\/monde25.info\/index.php\/wp-json\/wp\/v2\/posts"}],"about":[{"href":"https:\/\/monde25.info\/index.php\/wp-json\/wp\/v2\/types\/post"}],"author":[{"embeddable":true,"href":"https:\/\/monde25.info\/index.php\/wp-json\/wp\/v2\/users\/1"}],"replies":[{"embeddable":true,"href":"https:\/\/monde25.info\/index.php\/wp-json\/wp\/v2\/comments?post=4743"}],"version-history":[{"count":0,"href":"https:\/\/monde25.info\/index.php\/wp-json\/wp\/v2\/posts\/4743\/revisions"}],"wp:featuredmedia":[{"embeddable":true,"href":"https:\/\/monde25.info\/index.php\/wp-json\/wp\/v2\/media\/4744"}],"wp:attachment":[{"href":"https:\/\/monde25.info\/index.php\/wp-json\/wp\/v2\/media?parent=4743"}],"wp:term":[{"taxonomy":"category","embeddable":true,"href":"https:\/\/monde25.info\/index.php\/wp-json\/wp\/v2\/categories?post=4743"},{"taxonomy":"post_tag","embeddable":true,"href":"https:\/\/monde25.info\/index.php\/wp-json\/wp\/v2\/tags?post=4743"}],"curies":[{"name":"wp","href":"https:\/\/api.w.org\/{rel}","templated":true}]}}