{"id":4745,"date":"2025-03-19T09:06:55","date_gmt":"2025-03-19T08:06:55","guid":{"rendered":"https:\/\/monde25.info\/index.php\/2025\/03\/19\/le-niger-et-le-burkina-faso-se-retirent-de-la-francophonie\/"},"modified":"2025-03-19T09:06:55","modified_gmt":"2025-03-19T08:06:55","slug":"le-niger-et-le-burkina-faso-se-retirent-de-la-francophonie","status":"publish","type":"post","link":"https:\/\/monde25.info\/index.php\/2025\/03\/19\/le-niger-et-le-burkina-faso-se-retirent-de-la-francophonie\/","title":{"rendered":"Le Niger et le Burkina Faso se retirent de la Francophonie"},"content":{"rendered":"<p> <br \/>\n<\/p>\n<div>\n<p>par <strong>African Initiative<\/strong><\/p>\n<p>Le Niger et le Burkina Faso quittent l\u2019Organisation Internationale de la Francophonie (OIF), les notes ont \u00e9t\u00e9 envoy\u00e9es \u00e0 la direction de l\u2019OIF. C\u2019est ce qu\u2019a annonc\u00e9 le porte-parole de l\u2019organisation,\u00a0Oria\u00a0Vande\u00a0Weghe.<\/p>\n<p>\u00ab<em>Cette note verbale<\/em> [de la sortie de l\u2019organisation] <em>a \u00e9t\u00e9 envoy\u00e9e par le Niger \u00e0 la France. (\u2026) Le Burkina Faso a d\u00e9j\u00e0 annonc\u00e9 une d\u00e9marche similaire. Pour l\u2019instant, il n\u2019y a que ces deux pays mais bien entendu les gens s\u2019attendent \u00e0 ce que le Mali suive parce que le pays fait partie de l\u2019AES. (\u2026) N\u00e9anmoins en tant qu\u2019organisation nous sommes oblig\u00e9s de respecter la souverainet\u00e9 des \u00c9tats et donc les choix que les \u00c9tats font. (\u2026) La volont\u00e9 de l\u2019organisation c\u2019est au moins de mener \u00e0 terme les projets en cours, ce sera \u00e0 l\u2019approbation des \u00c9tats<\/em>\u00bb, <a target=\"_blank\" href=\"https:\/\/information.tv5monde.com\/afrique\/le-mali-et-le-niger-sortent-de-lorganisation-internationale-de-la-francophonie-le-burkina\" target=\"_blank\" rel=\"noopener\" title=\"\">cite<\/a> la cha\u00eene de t\u00e9l\u00e9vision fran\u00e7aise <em>TV5Monde<\/em>\u00a0Oria Vande Weghe.<\/p>\n<p>La porte-parole a \u00e9galement soulign\u00e9 que les pays ont six mois pour changer d\u2019avis apr\u00e8s la notification du retrait. Selon elle, l\u2019OIF a exprim\u00e9 sa volont\u00e9 de continuer \u00e0 travailler avec les autorit\u00e9s de transition apr\u00e8s la fin officielle de l\u2019adh\u00e9sion \u00e0 l\u2019organisation.<\/p>\n<p>\u00ab<em>C\u2019est la r\u00e9alit\u00e9 du monde multilat\u00e9ral o\u00f9 les pays ont des int\u00e9r\u00eats qui parfois priment sur les int\u00e9r\u00eats de l\u2019organisation. (\u2026) Il y en a qui rentrent, il y en a malheureusement qui sortent. On esp\u00e8re que ce ne sont pas des d\u00e9cisions d\u00e9finitives<\/em> [du Niger et du Burkina Faso]\u00bb, a ajout\u00e9\u00a0Oria\u00a0Vande\u00a0Weghe.<\/p>\n<p>En janvier 2024, le Mali, le Burkina Faso et le Niger annoncent leur retrait de la CEDEAO ; les pays quittent officiellement l\u2019organisation le 29 janvier 2025. Le 6 juillet 2024, les dirigeants de la tro\u00efka sah\u00e9lienne annoncent la cr\u00e9ation d\u2019une conf\u00e9d\u00e9ration AGS. Ils d\u00e9cident de cr\u00e9er une banque d\u2019investissement et un fonds de stabilisation. L\u2019alliance prendra des mesures communes en mati\u00e8re de politique \u00e9trang\u00e8re et facilitera la circulation des personnes et des biens au sein de l\u2019association. Depuis le 29 janvier dernier, les pays ont <a target=\"_blank\" href=\"https:\/\/afrinz.ru\/fr\/2025\/01\/la-confederation-aes-introduira-de-nouveaux-passeports-a-partir-du-29-janvier\/\" target=\"_blank\" rel=\"noopener\" title=\"\">introduit<\/a> de nouveaux passeports qui remplaceront les documents de la CEDEAO au Burkina Faso, au Mali\u00a0et\u00a0au\u00a0Niger.<\/p>\n<p>source : <a target=\"_blank\" href=\"https:\/\/afrinz.ru\/fr\/2025\/03\/le-niger-et-le-burkina-faso-se-retirent-de-la-francophonie\/\" target=\"_blank\" rel=\"noopener\" title=\"\">African Initiative<\/a><\/p>\n<div class=\"sharedaddy sd-block sd-like jetpack-likes-widget-wrapper jetpack-likes-widget-unloaded\" id=\"like-post-wrapper-237719536-448354-67da7ab903b29\" data-src=\"https:\/\/widgets.wp.com\/likes\/?ver=14.2.1#blog_id=237719536&amp;post_id=448354&amp;origin=reseauinternational.net&amp;obj_id=237719536-448354-67da7ab903b29&amp;n=1\" data-name=\"like-post-frame-237719536-448354-67da7ab903b29\" data-title=\"Aimer ou rebloguer\">\n<h3 class=\"sd-title\">J\u2019aime \u00e7a\u00a0:<\/h3>\n<p><span class=\"button\"><span>J\u2019aime<\/span><\/span> <span class=\"loading\">chargement\u2026<\/span><\/p>\n<p><span class=\"sd-text-color\"\/><a target=\"_blank\" class=\"sd-link-color\"\/><\/div>\n<p><meta itemscope=\"\" itemprop=\"mainEntityOfPage\" itemtype=\"https:\/\/schema.org\/WebPage\" itemid=\"https:\/\/reseauinternational.net\/le-niger-et-le-burkina-faso-se-retirent-de-la-francophonie\/\"\/><meta itemprop=\"headline\" content=\"Le Niger et le Burkina Faso se retirent de la Francophonie\"\/><span style=\"display: none;\" itemprop=\"author\" itemscope=\"\" itemtype=\"https:\/\/schema.org\/Person\"><meta itemprop=\"name\" content=\"R\u00e9seau International\"\/><\/span><span style=\"display: none;\" itemprop=\"image\" itemscope=\"\" itemtype=\"https:\/\/schema.org\/ImageObject\"><meta itemprop=\"url\" content=\"https:\/\/i0.wp.com\/reseauinternational.net\/wp-content\/uploads\/2025\/03\/Sans-titre-17-13.png?fit=800%2C467&amp;quality=100&amp;ssl=1\"\/><meta itemprop=\"width\" content=\"800\"\/><meta itemprop=\"height\" content=\"467\"\/><\/span><span style=\"display: none;\" itemprop=\"publisher\" itemscope=\"\" itemtype=\"https:\/\/schema.org\/Organization\"><span style=\"display: none;\" itemprop=\"logo\" itemscope=\"\" itemtype=\"https:\/\/schema.org\/ImageObject\"><meta itemprop=\"url\" content=\"https:\/\/reseauinternational.net\/wp-content\/uploads\/2022\/06\/Capture-de\u0301cran-2022-06-14-a\u0300-16.51.07.png\"\/><\/span><meta itemprop=\"name\" content=\"R\u00e9seau International\"\/><\/span><meta itemprop=\"datePublished\" content=\"2025-03-19T08:44:54+00:00\"\/><meta itemprop=\"dateModified\" content=\"2025-03-19T08:45:34+00:00\"\/><\/div>\n<p><br \/>\n<br \/><a href=\"https:\/\/reseauinternational.net\/le-niger-et-le-burkina-faso-se-retirent-de-la-francophonie\/\" target=\"_blank\"\">Source link <\/a><\/p>\n","protected":false},"excerpt":{"rendered":"<p>par African Initiative Le Niger et le Burkina Faso quittent l\u2019Organisation Internationale de la Francophonie (OIF), les notes ont \u00e9t\u00e9 envoy\u00e9es \u00e0 la direction de l\u2019OIF. C\u2019est ce qu\u2019a annonc\u00e9&hellip; <\/p>\n","protected":false},"author":1,"featured_media":4746,"comment_status":"open","ping_status":"open","sticky":false,"template":"","format":"standard","meta":{"footnotes":""},"categories":[1],"tags":[],"class_list":["post-4745","post","type-post","status-publish","format-standard","has-post-thumbnail","hentry","category-non-classe"],"_links":{"self":[{"href":"https:\/\/monde25.info\/index.php\/wp-json\/wp\/v2\/posts\/4745","targetHints":{"allow":["GET"]}}],"collection":[{"href":"https:\/\/monde25.info\/index.php\/wp-json\/wp\/v2\/posts"}],"about":[{"href":"https:\/\/monde25.info\/index.php\/wp-json\/wp\/v2\/types\/post"}],"author":[{"embeddable":true,"href":"https:\/\/monde25.info\/index.php\/wp-json\/wp\/v2\/users\/1"}],"replies":[{"embeddable":true,"href":"https:\/\/monde25.info\/index.php\/wp-json\/wp\/v2\/comments?post=4745"}],"version-history":[{"count":0,"href":"https:\/\/monde25.info\/index.php\/wp-json\/wp\/v2\/posts\/4745\/revisions"}],"wp:featuredmedia":[{"embeddable":true,"href":"https:\/\/monde25.info\/index.php\/wp-json\/wp\/v2\/media\/4746"}],"wp:attachment":[{"href":"https:\/\/monde25.info\/index.php\/wp-json\/wp\/v2\/media?parent=4745"}],"wp:term":[{"taxonomy":"category","embeddable":true,"href":"https:\/\/monde25.info\/index.php\/wp-json\/wp\/v2\/categories?post=4745"},{"taxonomy":"post_tag","embeddable":true,"href":"https:\/\/monde25.info\/index.php\/wp-json\/wp\/v2\/tags?post=4745"}],"curies":[{"name":"wp","href":"https:\/\/api.w.org\/{rel}","templated":true}]}}