{"id":4747,"date":"2025-03-19T09:39:34","date_gmt":"2025-03-19T08:39:34","guid":{"rendered":"https:\/\/monde25.info\/index.php\/2025\/03\/19\/retraite-de-traitrises-en-trahisons-bayrou-se-fait-tacler-par-la-gauche-en-fermant-la-porte-aux-62-ans\/"},"modified":"2025-03-19T09:39:34","modified_gmt":"2025-03-19T08:39:34","slug":"retraite-de-traitrises-en-trahisons-bayrou-se-fait-tacler-par-la-gauche-en-fermant-la-porte-aux-62-ans","status":"publish","type":"post","link":"https:\/\/monde25.info\/index.php\/2025\/03\/19\/retraite-de-traitrises-en-trahisons-bayrou-se-fait-tacler-par-la-gauche-en-fermant-la-porte-aux-62-ans\/","title":{"rendered":"Retraite : de traitrises en trahisons, Bayrou se fait tacler par la gauche en fermant la porte aux 62 ans"},"content":{"rendered":"<p> <br \/>\n<\/p>\n<div>\n<p><span data-contrast=\"none\">La gauche accuse lundi Fran\u00e7ois Bayrou de \u00ab\u00a0trahison\u00a0\u00bb en fermant la porte \u00e0 un retour de l&rsquo;\u00e2ge de d\u00e9part \u00e0 la retraite \u00e0 62 ans et lui demande de laisser travailler le \u00ab\u00a0conclave\u00a0\u00bb sur la r\u00e9forme entre les partenaires sociaux.<\/span><span data-ccp-props=\"{&quot;134233117&quot;:false,&quot;134233118&quot;:false,&quot;335559738&quot;:300,&quot;335559739&quot;:300}\">\u00a0<\/span><\/p>\n<p><span data-contrast=\"none\">\u00ab\u00a0Le gouvernement doit laisser les partenaires sociaux travailler et le Parlement, ensuite, l\u00e9gif\u00e9rer. \u00c0 la brutalit\u00e9 sociale de la r\u00e9forme, la brutalit\u00e9 d\u00e9mocratique de son adoption, Fran\u00e7ois Bayrou compte-t-il ajouter la brutalit\u00e9 de la trahison de la parole donn\u00e9e\u2026 et \u00e9crite ?\u00a0\u00bb, a fustig\u00e9 le chef des d\u00e9put\u00e9s socialistes Boris Vallaud sur X.<\/span><span data-ccp-props=\"{&quot;134233117&quot;:false,&quot;134233118&quot;:false,&quot;335559738&quot;:300,&quot;335559739&quot;:300}\">\u00a0<\/span><\/p>\n<p><span data-contrast=\"none\">Fran\u00e7ois Bayrou \u00ab\u00a0se trompe compl\u00e8tement et tue un espoir de revenir \u00e0 de la discussion, au respect des organisations syndicales, du monde \u00e9conomique, des acteurs qui font la d\u00e9mocratie\u00a0\u00bb, a rench\u00e9ri la maire de Paris, Anne Hidalgo sur RTL.<\/span><span data-ccp-props=\"{&quot;134233117&quot;:false,&quot;134233118&quot;:false,&quot;335559738&quot;:300,&quot;335559739&quot;:300}\">\u00a0<\/span><\/p>\n<p><span data-contrast=\"none\">Pour Fran\u00e7ois Ruffin, ex-LFI qui si\u00e8ge au groupe \u00e9cologiste, les d\u00e9clarations de M. Bayrou sont \u00ab\u00a0\u00e0 l&rsquo;\u00e9vidence\u00a0\u00bb un motif de censure du gouvernement. \u00ab\u00a0A la fin, il faut qu&rsquo;il y ait un vote de l&rsquo;Assembl\u00e9e qui dise vers quel mod\u00e8le de retraite on veut aller\u00a0\u00bb, a-t-il plaid\u00e9 sur France 2.<\/span><span data-ccp-props=\"{&quot;134233117&quot;:false,&quot;134233118&quot;:false,&quot;335559738&quot;:300,&quot;335559739&quot;:300}\">\u00a0<\/span><\/p>\n<p><span data-contrast=\"none\">Cherchant \u00e0 s&rsquo;\u00e9viter la censure du Parti socialiste, Bayrou avait rouvert en janvier le dossier de la r\u00e9forme men\u00e9e par Elisabeth Borne et confi\u00e9 aux partenaires sociaux la t\u00e2che de parvenir \u00e0 un nouvel accord. Interrog\u00e9 dimanche sur la possibilit\u00e9 de ce retour \u00e0 62 ans, contre 64 ans dans la loi actuelle, le Premier ministre, tout en redisant sa confiance dans la d\u00e9mocratie sociale, a r\u00e9pondu \u00ab\u00a0non\u00a0\u00bb.<\/span><span data-ccp-props=\"{&quot;134233117&quot;:false,&quot;134233118&quot;:false,&quot;335559738&quot;:300,&quot;335559739&quot;:300}\">\u00a0<\/span><\/p>\n<p><span data-contrast=\"none\">\u00ab\u00a0Je ne crois pas que la question param\u00e9trique (&#8230;) c&rsquo;est-\u00e0-dire la question de dire +voil\u00e0 l&rsquo;\u00e2ge pour tout le monde+, je ne crois pas que ce soit la seule piste\u00a0\u00bb, a-t-il dit.<\/span><span data-ccp-props=\"{&quot;134233117&quot;:false,&quot;134233118&quot;:false,&quot;335559738&quot;:300,&quot;335559739&quot;:300}\">\u00a0<\/span><\/p>\n<p><span data-contrast=\"none\">Si le ministre de l&rsquo;\u00c9conomie, Eric Lombard, a rappel\u00e9 ensuite que c&rsquo;\u00e9tait \u00ab\u00a0aux partenaires sociaux de d\u00e9cider\u00a0\u00bb, la ministre des Comptes publics, Am\u00e9lie de Montchalin est all\u00e9e dans le sens de M. Bayrou en estimant lundi \u00ab\u00a0pas r\u00e9aliste\u00a0\u00bb les 62 ans dans le cadre de l&rsquo;objectif fix\u00e9 par le gouvernement d&rsquo;un retour \u00e0 l&rsquo;\u00e9quilibre financier en 2030.<\/span><span data-ccp-props=\"{&quot;134233117&quot;:false,&quot;134233118&quot;:false,&quot;335559738&quot;:300,&quot;335559739&quot;:300}\">\u00a0<\/span><\/p>\n<p><span data-contrast=\"none\">Vendredi dernier, l&rsquo;ancien Premier ministre Edouard Philippe qui se veut pr\u00e9sidentiable et le clame \u00e0 tout-va, avait lui jug\u00e9 sans ambages le conclave des partenaires sociaux \u00ab\u00a0compl\u00e8tement hors-sol\u00a0\u00bb au regard de la nouvelle donne internationale et de la volont\u00e9 du gouvernement d&rsquo;augmenter les d\u00e9penses militaires. Les vieux n\u2019ont qu\u2019\u00e0 bien se tenir, place aux jeunes chairs \u00e0 canon.<\/span><span data-ccp-props=\"{&quot;134233117&quot;:false,&quot;134233118&quot;:false,&quot;335559738&quot;:300,&quot;335559739&quot;:300}\">\u00a0<\/span><\/p>\n<p><span data-contrast=\"none\">Fran\u00e7ois Bayrou court-t-il \u00e0 sa fin ou retournera-t-il sa veste une fois encore ?<\/span><span data-ccp-props=\"{&quot;134233117&quot;:false,&quot;134233118&quot;:false,&quot;335559738&quot;:300,&quot;335559739&quot;:300}\">\u00a0<\/span><\/p>\n<\/div>\n<p><script>(function(d, s, id) {  var js, fjs = d.getElementsByTagName(s)[0];  if (d.getElementById(id)) return;  js = d.createElement(s); js.id = id;  js.src = \"\/\/connect.facebook.net\/fr_FR\/sdk.js#xfbml=1&version=v2.3\";  fjs.parentNode.insertBefore(js, fjs);}(document, \"script\", \"facebook-jssdk\"));<\/script><br \/>\n<br \/><br \/>\n<br \/><a href=\"https:\/\/www.francesoir.fr\/politique-france\/retraite-de-traitrises-en-trahisons-bayrou-se-fait-tacler-par-la-gauche-en-fermant\" target=\"_blank\"\">Source link <\/a><\/p>\n","protected":false},"excerpt":{"rendered":"<p>La gauche accuse lundi Fran\u00e7ois Bayrou de \u00ab\u00a0trahison\u00a0\u00bb en fermant la porte \u00e0 un retour de l&rsquo;\u00e2ge de d\u00e9part \u00e0 la retraite \u00e0 62 ans et lui demande de laisser&hellip; <\/p>\n","protected":false},"author":1,"featured_media":4748,"comment_status":"open","ping_status":"open","sticky":false,"template":"","format":"standard","meta":{"footnotes":""},"categories":[1],"tags":[],"class_list":["post-4747","post","type-post","status-publish","format-standard","has-post-thumbnail","hentry","category-non-classe"],"_links":{"self":[{"href":"https:\/\/monde25.info\/index.php\/wp-json\/wp\/v2\/posts\/4747","targetHints":{"allow":["GET"]}}],"collection":[{"href":"https:\/\/monde25.info\/index.php\/wp-json\/wp\/v2\/posts"}],"about":[{"href":"https:\/\/monde25.info\/index.php\/wp-json\/wp\/v2\/types\/post"}],"author":[{"embeddable":true,"href":"https:\/\/monde25.info\/index.php\/wp-json\/wp\/v2\/users\/1"}],"replies":[{"embeddable":true,"href":"https:\/\/monde25.info\/index.php\/wp-json\/wp\/v2\/comments?post=4747"}],"version-history":[{"count":0,"href":"https:\/\/monde25.info\/index.php\/wp-json\/wp\/v2\/posts\/4747\/revisions"}],"wp:featuredmedia":[{"embeddable":true,"href":"https:\/\/monde25.info\/index.php\/wp-json\/wp\/v2\/media\/4748"}],"wp:attachment":[{"href":"https:\/\/monde25.info\/index.php\/wp-json\/wp\/v2\/media?parent=4747"}],"wp:term":[{"taxonomy":"category","embeddable":true,"href":"https:\/\/monde25.info\/index.php\/wp-json\/wp\/v2\/categories?post=4747"},{"taxonomy":"post_tag","embeddable":true,"href":"https:\/\/monde25.info\/index.php\/wp-json\/wp\/v2\/tags?post=4747"}],"curies":[{"name":"wp","href":"https:\/\/api.w.org\/{rel}","templated":true}]}}