{"id":4751,"date":"2025-03-19T10:45:43","date_gmt":"2025-03-19T09:45:43","guid":{"rendered":"https:\/\/monde25.info\/index.php\/2025\/03\/19\/un-horizon-economique-maussade-rt-en-francais\/"},"modified":"2025-03-19T10:45:43","modified_gmt":"2025-03-19T09:45:43","slug":"un-horizon-economique-maussade-rt-en-francais","status":"publish","type":"post","link":"https:\/\/monde25.info\/index.php\/2025\/03\/19\/un-horizon-economique-maussade-rt-en-francais\/","title":{"rendered":"un horizon \u00e9conomique maussade \u2014 RT en fran\u00e7ais"},"content":{"rendered":"<p> <br \/>\n<br \/><img decoding=\"async\" src=\"https:\/\/mf.b37mrtl.ru\/french\/images\/2025.03\/thumbnail\/67da79f86f7ccc7e9c5df82d.jpg\" \/><\/p>\n<div>\n<p class=\"text__summary\">\n                                        L\u2019Insee a revu \u00e0 la baisse ses pr\u00e9visions de croissance pour le premier semestre 2025, tablant sur + 0,1% puis + 0,2%, signalant une \u00e9conomie fran\u00e7aise fragilis\u00e9e par des vents contraires alors que le taux de ch\u00f4mage est en augmentation.\n                                    <\/p>\n<p><a target=\"_blank\" href=\"https:\/\/x.com\/InseeFr\/status\/1902028001795084784\">L\u2019Institut national de la statistique et des \u00e9tudes \u00e9conomiques<\/a> (Insee) a publi\u00e9, le 18 mars 2025, une r\u00e9vision \u00e0 la baisse de ses pr\u00e9visions de croissance pour la France, assombrissant les perspectives \u00e9conomiques du pays. Alors que la note de conjoncture de d\u00e9cembre anticipait une progression plus soutenue, l\u2019Insee table d\u00e9sormais sur une hausse du PIB limit\u00e9e \u00e0 \u00ab+ 0,1%\u00bb au premier trimestre 2025, suivie d\u2019une l\u00e9g\u00e8re am\u00e9lioration \u00e0 \u00ab+ 0,2%\u00bb au deuxi\u00e8me trimestre. \u00c0 mi-parcours de l\u2019ann\u00e9e, l\u2019acquis de croissance ne devrait atteindre qu\u2019un modeste \u00ab+ 0,4%\u00bb, loin des attentes initiales. Cette r\u00e9vision, bien que modeste en apparence, traduit des fragilit\u00e9s structurelles et conjoncturelles qui p\u00e8sent sur l\u2019\u00e9conomie fran\u00e7aise.<\/p>\n<p><a target=\"_blank\" href=\"https:\/\/x.com\/InseeFr\/status\/1902028001795084784\"\/>Plusieurs facteurs expliquent ce repli des pr\u00e9visions. Tout d\u2019abord, la consommation des m\u00e9nages, moteur traditionnel de la croissance, reste atone. \u00abLe niveau de vie en baisse et la crainte pour l\u2019avenir font chuter la consommation\u00bb, souligne un observateur sur les r\u00e9seaux sociaux, \u00e9cho aux donn\u00e9es de l\u2019Insee. Malgr\u00e9 une inflation en recul, projet\u00e9e \u00e0 2,0% en 2024 selon les estimations r\u00e9centes, les m\u00e9nages h\u00e9sitent \u00e0 d\u00e9penser, pr\u00e9f\u00e9rant \u00e9pargner face \u00e0 l\u2019incertitude. Cette prudence est renforc\u00e9e par un march\u00e9 du travail en tension : le taux de ch\u00f4mage continue de grimper, passant de 7,4% en 2023 \u00e0 une projection de 7,8% d\u2019ici fin 2025, selon la Banque de France. Moins d\u2019emplois, moins de confiance : le cercle vicieux s\u2019installe.<\/p>\n<p>Ensuite, les entreprises, confront\u00e9es \u00e0 des conditions de financement plus strictes et \u00e0 une comp\u00e9titivit\u00e9 en berne, limitent leurs investissements.<\/p>\n<p>\u00a0<\/p>\n<h2>Stagnation industrielle et augmentation du ch\u00f4mage<\/h2>\n<p>\u00a0<\/p>\n<p>L\u2019Insee note que la production industrielle stagne, tandis que les exportations peinent \u00e0 d\u00e9coller dans un contexte de ralentissement du commerce mondial. \u00c0 cela s\u2019ajoute une politique budg\u00e9taire contrainte : les recettes fiscales pourraient fl\u00e9chir si la croissance reste durablement faible, creusant davantage le d\u00e9ficit public. Par ailleurs, <a target=\"_blank\" href=\"https:\/\/x.com\/InseeFr\/status\/1902028164815081521\">l\u2019Insee<\/a> d\u00e9plore le recul du march\u00e9 de l\u2019emploi et pr\u00e9voit un taux de ch\u00f4mage atteignant 7,6% \u00e0 la mi-2025.<\/p>\n<p><a target=\"_blank\" href=\"https:\/\/x.com\/InseeFr\/status\/1902028164815081521\"\/>Ces pr\u00e9visions s\u2019inscrivent dans un cadre europ\u00e9en contrast\u00e9. Si la Commission europ\u00e9enne anticipe une croissance de 1,5% pour l\u2019UE en 2025, la France semble \u00e0 la tra\u00eene, loin des dynamiques observ\u00e9es dans des pays comme l\u2019Espagne, port\u00e9s par le secteur des services. L\u2019industrie allemande, elle aussi en difficult\u00e9, n\u2019offre pas de relais de croissance \u00e0 l\u2019\u00e9chelle r\u00e9gionale. Par ailleurs, l\u2019absence de choc positif, comme une d\u00e9tente rapide des taux d\u2019int\u00e9r\u00eat ou une r\u00e9solution des tensions g\u00e9opolitiques, limite les espoirs de rebond.<\/p>\n<p>L\u2019Insee insiste toutefois sur un point : ces chiffres restent des projections, sensibles \u00e0 des \u00e9volutions impr\u00e9vues. Reste \u00e0 savoir si des mesures de relance ou un regain de confiance pourraient inverser la tendance. Pour l\u2019heure, l\u2019horizon 2025 s\u2019annonce maussade sinon incertain.<\/p>\n<\/div>\n<p><br \/>\n<br \/><a href=\"https:\/\/francais.rt.com\/economie\/118201-insee-abaisse-previsions-croissance-france\" target=\"_blank\"\">Source link <\/a><\/p>\n","protected":false},"excerpt":{"rendered":"<p>L\u2019Insee a revu \u00e0 la baisse ses pr\u00e9visions de croissance pour le premier semestre 2025, tablant sur + 0,1% puis + 0,2%, signalant une \u00e9conomie fran\u00e7aise fragilis\u00e9e par des vents&hellip; <\/p>\n","protected":false},"author":1,"featured_media":4752,"comment_status":"open","ping_status":"open","sticky":false,"template":"","format":"standard","meta":{"footnotes":""},"categories":[1],"tags":[],"class_list":["post-4751","post","type-post","status-publish","format-standard","has-post-thumbnail","hentry","category-non-classe"],"_links":{"self":[{"href":"https:\/\/monde25.info\/index.php\/wp-json\/wp\/v2\/posts\/4751","targetHints":{"allow":["GET"]}}],"collection":[{"href":"https:\/\/monde25.info\/index.php\/wp-json\/wp\/v2\/posts"}],"about":[{"href":"https:\/\/monde25.info\/index.php\/wp-json\/wp\/v2\/types\/post"}],"author":[{"embeddable":true,"href":"https:\/\/monde25.info\/index.php\/wp-json\/wp\/v2\/users\/1"}],"replies":[{"embeddable":true,"href":"https:\/\/monde25.info\/index.php\/wp-json\/wp\/v2\/comments?post=4751"}],"version-history":[{"count":0,"href":"https:\/\/monde25.info\/index.php\/wp-json\/wp\/v2\/posts\/4751\/revisions"}],"wp:featuredmedia":[{"embeddable":true,"href":"https:\/\/monde25.info\/index.php\/wp-json\/wp\/v2\/media\/4752"}],"wp:attachment":[{"href":"https:\/\/monde25.info\/index.php\/wp-json\/wp\/v2\/media?parent=4751"}],"wp:term":[{"taxonomy":"category","embeddable":true,"href":"https:\/\/monde25.info\/index.php\/wp-json\/wp\/v2\/categories?post=4751"},{"taxonomy":"post_tag","embeddable":true,"href":"https:\/\/monde25.info\/index.php\/wp-json\/wp\/v2\/tags?post=4751"}],"curies":[{"name":"wp","href":"https:\/\/api.w.org\/{rel}","templated":true}]}}