{"id":4757,"date":"2025-03-19T12:58:35","date_gmt":"2025-03-19T11:58:35","guid":{"rendered":"https:\/\/monde25.info\/index.php\/2025\/03\/19\/les-senateurs-de-droite-detricotent-lobjectif-zero-artificialisation-nette\/"},"modified":"2025-03-19T12:58:35","modified_gmt":"2025-03-19T11:58:35","slug":"les-senateurs-de-droite-detricotent-lobjectif-zero-artificialisation-nette","status":"publish","type":"post","link":"https:\/\/monde25.info\/index.php\/2025\/03\/19\/les-senateurs-de-droite-detricotent-lobjectif-zero-artificialisation-nette\/","title":{"rendered":"Les s\u00e9nateurs de droite d\u00e9tricotent l\u2019objectif z\u00e9ro artificialisation nette"},"content":{"rendered":"<p> <br \/>\n<\/p>\n<div style=\"position:relative;\">\n        <picture><source type=\"image\/webp\" srcset=\"https:\/\/reporterre.net\/local\/cache-vignettes\/L720xH480\/senat-4__47547673571_1_-ea1d0.jpg@.webp?1742384225\"><img loading=\"lazy\" decoding=\"async\" src=\"https:\/\/reporterre.net\/local\/cache-vignettes\/L720xH480\/senat-4__47547673571_1_-ea1d0.jpg?1742384225\" width=\"720\" height=\"480\" alt=\"Les s\u00e9nateurs de droite d\u00e9tricotent l'objectif z\u00e9ro artificialisation nette\" class=\"image_logo voir_logo\"\/><\/p>\n<p><\/source><\/picture>\n<p class=\"legende_logo\">Le S\u00e9nat, ici en 2018. (Photo d&rsquo;illustration) <span class=\"copyright_logo\">&#8211; Wikimedia Commons\/CC BY 2.0\/Jacques Paquier<\/span><\/p>\n<p class=\"legende_logo_480\">Le S\u00e9nat, ici en 2018. (Photo d&rsquo;illustration) <span class=\"copyright_logo\">&#8211; Wikimedia Commons\/CC BY 2.0\/Jacques Paquier<\/span><\/p>\n<\/p><\/div>\n<div>\n        <span class=\"date\">19 mars 2025  \u00e0 12h37<\/span><\/p>\n<p class=\"duree_lecture\">\n        Dur\u00e9e de lecture : 1 minute\n      <\/p>\n<\/p><\/div>\n<div>\n<p>Bient\u00f4t de nouveaux permis pour b\u00e9tonner \u00e0 tout-va<small class=\"fine d-inline\">\u00a0<\/small>? Le 18\u00a0mars, les s\u00e9nateurs ont adopt\u00e9 la <a target=\"_blank\" href=\"https:\/\/www.vie-publique.fr\/loi\/297753-assouplissement-zan-artificialisation-sols-proposition-de-loi-trace\" class=\"spip_out\" rel=\"external\">proposition de loi<\/a> de <i>\u00ab<small class=\"fine d-inline\">\u00a0<\/small>trajectoire de r\u00e9duction de l\u2019artificialisation concert\u00e9e avec les \u00e9lus<small class=\"fine d-inline\">\u00a0<\/small>\u00bb<\/i> (Trace). Derri\u00e8re ce nom abscons, se cache <a target=\"_blank\" href=\"https:\/\/reporterre.net\/Zero-artificialisation-nette-la-droite-veut-alleger-les-contraintes\" class=\"spip_in\">un v\u00e9ritable d\u00e9tricotage<\/a> de l\u2019objectif du z\u00e9ro artificialisation nette (<span class=\"caps\">ZAN<\/span>), mis en place dans la loi Climat et R\u00e9silience du 22\u00a0ao\u00fbt 2021.<\/p>\n<p>Initialement, la France pr\u00e9voyait d\u2019atteindre la neutralit\u00e9 pure et simple en mati\u00e8re d\u2019artificialisation \u00e0 l\u2019horizon 2050. Ce, avec un objectif interm\u00e9diaire en 2031, visant \u00e0 r\u00e9duire de 50<small class=\"fine d-inline\">\u00a0<\/small>% la consommation d\u2019espaces naturels, agricoles et forestiers. C\u2019est cette borne que la majorit\u00e9 s\u00e9natoriale de droite vient d\u2019abroger, avec 260\u00a0voix <i>\u00ab<small class=\"fine d-inline\">\u00a0<\/small>pour<small class=\"fine d-inline\">\u00a0<\/small>\u00bb<\/i> et 17\u00a0voix <i>\u00ab<small class=\"fine d-inline\">\u00a0<\/small>contre<small class=\"fine d-inline\">\u00a0<\/small>\u00bb<\/i>.<\/p>\n<p>Dans le d\u00e9tail, le texte adopt\u00e9 au Palais du Luxembourg pr\u00e9voit en outre l\u2019exclusion de nombreux projets \u2014 notamment industriels et de logements sociaux \u2014 du calcul de l\u2019artificialisation. De quoi largement sous-estimer l\u2019impact r\u00e9el de l\u2019urbanisation. Il offre aussi la possibilit\u00e9 aux communes de d\u00e9passer sans justification de 20<small class=\"fine d-inline\">\u00a0<\/small>% les objectifs fix\u00e9s.<\/p>\n<p><i>\u00ab<small class=\"fine d-inline\">\u00a0<\/small>Face \u00e0 l\u2019urgence climatique et \u00e9cologique, la priorit\u00e9 doit \u00eatre \u00e0 la protection des terres vivantes, pas \u00e0 leur destruction programm\u00e9e<small class=\"fine d-inline\">\u00a0<\/small>\u00bb<\/i>, s\u2019est indign\u00e9 Thomas Uthayakumar, directeur du plaidoyer \u00e0 la Fondation pour la nature et l\u2019Homme (<span class=\"caps\">FNH<\/span>). L\u2019arriv\u00e9e du texte \u00e0 l\u2019Assembl\u00e9e nationale devrait intervenir d\u2019ici cet \u00e9t\u00e9.<\/p>\n<aside class=\"boite_encarts\">\n<div class=\"encart encart_gris noprint\">\n<p><strong>Puisque vous \u00eates l\u00e0&#8230;<\/strong><\/p>\n<p>&#8230; nous avons un petit service \u00e0 vous demander.<br class=\"autobr\"\/><br \/>\nEntre la pr\u00e9sence d\u2019un climatosceptique \u00e0 la t\u00eate de la premi\u00e8re puissance mondiale, un gouvernement fran\u00e7ais qui flirte avec l\u2019extr\u00eame-droite, et les catastrophes climatiques qui s\u2019enchainent&#8230; Faire vivre l\u2019\u00e9cologie dans le d\u00e9bat public est un enjeu crucial.<\/p>\n<p>Personne ne modifie ce que nous publions. Nous n\u2019avons ni actionnaire, ni propri\u00e9taire milliardaire \u2014 seulement une \u00e9quipe d\u2019irr\u00e9ductibles journalistes, pleine de d\u00e9termination.<\/p>\n<p>Nous avons la conviction que l\u2019urgence \u00e9cologique est l\u2019enjeu majeur de notre \u00e9poque. Et comme plus de 2 millions de lectrices et lecteurs chaque mois, vous partagez sans doute cette conviction&#8230;<\/p>\n<p><strong>Depuis 12 ans, nous publions des articles de qualit\u00e9 sur l\u2019\u00e9cologie, en acc\u00e8s libre et sans publicit\u00e9, pour tous.<\/strong><br class=\"autobr\"\/><br \/>\nMais ce travail demande beaucoup de temps et de ressources.<\/p>\n<p>Alors, si vous en avez les moyens, sachez qu\u2019un don, m\u00eame d\u20191\u20ac, est un acte de soutien fort pour l\u2019\u00e9cologie et le journalisme ind\u00e9pendant.<br class=\"autobr\"\/><br \/>\n(Et \u00e7a vous prendra moins de temps que la lecture de ce texte).<\/p>\n<p><strong>Si vous le pouvez, choisissez un soutien mensuel. Merci.<\/strong><\/p>\n<p><a target=\"_blank\" href=\"https:\/\/reporterre.net\/dons\" class=\"bt_soutenir\">Je soutiens <i>Reporterre<\/i><\/a><\/p>\n<\/p><\/div>\n<div class=\"encart encart_vert noprint montre_1023\">\n<div class=\"infolettre-form-container noprint\">\n<p>Abonnez-vous \u00e0 la lettre d\u2019info de Reporterre<\/p>\n<\/div><\/div>\n<\/aside>\n<aside class=\"boite_apresarticle encart_note\">\n<h4>Apr\u00e8s cet article<\/h4>\n<p>      <a target=\"_blank\" href=\"https:\/\/reporterre.net\/Zero-artificialisation-nette-la-droite-veut-alleger-les-contraintes\" class=\"lien_article\">\n      <picture class=\"vignette_gauche\"><source type=\"image\/webp\" srcset=\"https:\/\/reporterre.net\/https:\/\/reporterre.net\/local\/cache-vignettes\/L450xH300\/afp__20241124__hl_nguyonnet_2584188__v2__highres__franceurbanismconstructionhousinge-cee89.jpg@.webp?1741795764\"><img decoding=\"async\" src=\"https:\/\/reporterre.net\/local\/cache-vignettes\/L450xH300\/afp__20241124__hl_nguyonnet_2584188__v2__highres__franceurbanismconstructionhousinge-cee89.jpg?1741795764\" width=\"450\" height=\"300\" alt=\"\" class=\"marge12\" loading=\"lazy\"\/><br \/>\n<\/source><\/picture>\n<p class=\"libelle\">\n<p>      Climat\n    <\/p>\n<p class=\"titre pol20\">La droite veut all\u00e9ger les \u00ab<small class=\"fine d-inline\">\u00a0<\/small>contraintes<small class=\"fine d-inline\">\u00a0<\/small>\u00bb de l\u2019objectif z\u00e9ro artificialisation nette<\/p>\n<p>      <\/a><br \/>\n    <\/aside>\n<aside class=\"boite_complement texte\">\n<p>      <!-- zone_forum --><br \/>\n          <\/aside>\n<aside class=\"boite_lireaussi noprint\">\n<\/aside>\n<aside class=\"colonne\">\n<div class=\"article_info cache_1023 noprint\">\n        <span class=\"date\">19 mars 2025  \u00e0 12h37<\/span><\/p>\n<p class=\"duree_lecture\">\n        Dur\u00e9e de lecture : 1 minute\n      <\/p>\n<\/p><\/div>\n<div class=\"bloc_infolettre\">\n<div class=\"infolettre-form-container noprint\">\n<p>Abonnez-vous \u00e0 la lettre d\u2019info de Reporterre<\/p>\n<\/div><\/div>\n<\/aside>\n<div id=\"galerie\">\n  <img decoding=\"async\" src=\"\" class=\"principale\" id=\"principale\"\/><\/p>\n<p id=\"legende\">legende<\/p>\n<\/div>\n<footer class=\"noprint\">\n<\/footer>\n<\/div>\n<p><br \/>\n<br \/><a href=\"https:\/\/reporterre.net\/Les-senateurs-de-droite-detricotent-l-objectif-zero-artificialisation-nette\" target=\"_blank\"\">Source link <\/a><\/p>\n","protected":false},"excerpt":{"rendered":"<p>Le S\u00e9nat, ici en 2018. (Photo d&rsquo;illustration) &#8211; Wikimedia Commons\/CC BY 2.0\/Jacques Paquier Le S\u00e9nat, ici en 2018. (Photo d&rsquo;illustration) &#8211; Wikimedia Commons\/CC BY 2.0\/Jacques Paquier 19 mars 2025 \u00e0&hellip; <\/p>\n","protected":false},"author":1,"featured_media":4758,"comment_status":"open","ping_status":"open","sticky":false,"template":"","format":"standard","meta":{"footnotes":""},"categories":[1],"tags":[],"class_list":["post-4757","post","type-post","status-publish","format-standard","has-post-thumbnail","hentry","category-non-classe"],"_links":{"self":[{"href":"https:\/\/monde25.info\/index.php\/wp-json\/wp\/v2\/posts\/4757","targetHints":{"allow":["GET"]}}],"collection":[{"href":"https:\/\/monde25.info\/index.php\/wp-json\/wp\/v2\/posts"}],"about":[{"href":"https:\/\/monde25.info\/index.php\/wp-json\/wp\/v2\/types\/post"}],"author":[{"embeddable":true,"href":"https:\/\/monde25.info\/index.php\/wp-json\/wp\/v2\/users\/1"}],"replies":[{"embeddable":true,"href":"https:\/\/monde25.info\/index.php\/wp-json\/wp\/v2\/comments?post=4757"}],"version-history":[{"count":0,"href":"https:\/\/monde25.info\/index.php\/wp-json\/wp\/v2\/posts\/4757\/revisions"}],"wp:featuredmedia":[{"embeddable":true,"href":"https:\/\/monde25.info\/index.php\/wp-json\/wp\/v2\/media\/4758"}],"wp:attachment":[{"href":"https:\/\/monde25.info\/index.php\/wp-json\/wp\/v2\/media?parent=4757"}],"wp:term":[{"taxonomy":"category","embeddable":true,"href":"https:\/\/monde25.info\/index.php\/wp-json\/wp\/v2\/categories?post=4757"},{"taxonomy":"post_tag","embeddable":true,"href":"https:\/\/monde25.info\/index.php\/wp-json\/wp\/v2\/tags?post=4757"}],"curies":[{"name":"wp","href":"https:\/\/api.w.org\/{rel}","templated":true}]}}