{"id":4759,"date":"2025-03-19T13:31:18","date_gmt":"2025-03-19T12:31:18","guid":{"rendered":"https:\/\/monde25.info\/index.php\/2025\/03\/19\/la-norvege-met-fin-aux-elevages-danimaux-pour-leur-fourrure\/"},"modified":"2025-03-19T13:31:18","modified_gmt":"2025-03-19T12:31:18","slug":"la-norvege-met-fin-aux-elevages-danimaux-pour-leur-fourrure","status":"publish","type":"post","link":"https:\/\/monde25.info\/index.php\/2025\/03\/19\/la-norvege-met-fin-aux-elevages-danimaux-pour-leur-fourrure\/","title":{"rendered":"La Norv\u00e8ge met fin aux \u00e9levages d\u2019animaux pour leur fourrure"},"content":{"rendered":"<p> <br \/>\n<\/p>\n<div>\n<h4><b>C\u2019est officiel. Depuis le 1er f\u00e9vrier 2025, en Norv\u00e8ge, aucun animal ne peut d\u00e9sormais \u00eatre \u00e9lev\u00e9 pour sa fourrure. L\u2019entr\u00e9e en vigueur de la loi scandinave, initi\u00e9e par un vote du parlement en 2019, est intervenue dans un contexte g\u00e9n\u00e9ral de diminution de la production de fourrure en Europe et ailleurs dans le monde. Une <strong><em>\u00ab <\/em><\/strong><\/b><b><i>tr\u00e8s bonne nouvelle \u00bb<\/i><\/b><b>, se r\u00e9jouissent les associations de protection du bien-\u00eatre animal qui m\u00e8nent un combat politique sans rel\u00e2che pour mettre fin \u00e0 ces pratiques cruelles et polluantes.<\/b><\/h4>\n<p><span style=\"font-weight: 400;\">Chaque ann\u00e9e, <strong>environ 100 millions d\u2019animaux sont \u00e9lev\u00e9s et tu\u00e9s pour leur fourrure dans le monde<\/strong>, <a target=\"_blank\" href=\"https:\/\/one-voice.fr\/nos-combats\/fourrure\/\">estime One Voice<\/a>, une association fran\u00e7aise de protection des animaux. <\/span><\/p>\n<p><span style=\"font-weight: 400;\">Seuls ou entass\u00e9s \u00e0 plusieurs dans des cages r\u00e9duites, <strong>ce sont principalement des visons, renards, chinchillas et lapins, <\/strong><\/span><strong><em>\u00ab<\/em>\u00a0<\/strong><i><span style=\"font-weight: 400;\"><strong>qui attendent la mort,<\/strong> clo\u00eetr\u00e9s, dans le plus complet d\u00e9ni de leurs besoins. La rentabilit\u00e9 passe avant tout <\/span><\/i><em>\u00bb<\/em><i\/><span style=\"font-weight: 400;\">, se d\u00e9sole l\u2019organisation.\u00a0<\/span><\/p>\n<p><img fetchpriority=\"high\" decoding=\"async\" class=\"alignnone size-medium wp-image-715373\" src=\"https:\/\/mrmondialisation.org\/wp-content\/uploads\/2025\/02\/fur-3117033-1280-1024x607.jpg\" alt=\"\" width=\"1024\" height=\"607\" srcset=\"https:\/\/mrmondialisation.org\/wp-content\/uploads\/2025\/02\/fur-3117033-1280-1024x607.jpg 1024w, https:\/\/mrmondialisation.org\/wp-content\/uploads\/2025\/02\/fur-3117033-1280-768x455.jpg 768w, https:\/\/mrmondialisation.org\/wp-content\/uploads\/2025\/02\/fur-3117033-1280-696x413.jpg 696w, https:\/\/mrmondialisation.org\/wp-content\/uploads\/2025\/02\/fur-3117033-1280-1068x633.jpg 1068w, https:\/\/mrmondialisation.org\/wp-content\/uploads\/2025\/02\/fur-3117033-1280-708x420.jpg 708w, https:\/\/mrmondialisation.org\/wp-content\/uploads\/2025\/02\/fur-3117033-1280.jpg 1280w\" sizes=\"(max-width: 1024px) 100vw, 1024px\"\/><\/p>\n<h2><b>Un march\u00e9 en plein d\u00e9clin<\/b><\/h2>\n<blockquote>\n<p><span style=\"font-weight: 400;\"><strong><em>\u00ab <\/em>Dans les ann\u00e9es 40, la Norv\u00e8ge \u00e9tait leader sur le march\u00e9 de la production de fourrure \u00bb.<\/strong> <\/span><\/p>\n<\/blockquote>\n<p><span style=\"font-weight: 400;\"><strong>Depuis le 1er f\u00e9vrier 2025, ce n\u2019est d\u00e9finitivement plus une r\u00e9alit\u00e9 en Norv\u00e8ge<\/strong>, pays qui occupait dans les ann\u00e9es 40 la place de leader sur le march\u00e9 de la production de fourrure. <\/span><\/p>\n<p><span style=\"font-weight: 400;\">E<\/span><span style=\"font-weight: 400;\">n 2019, lors du vote de la loi officiellement promulgu\u00e9e en 2025, le pays comptait toujours<strong> 250 fermes<\/strong> sur son territoire, exploitant au total <strong>610 000 visons et 150 000 renards pour leur fourrure.<\/strong> \u00c0 l\u2019\u00e9chelle mondiale, la Norv\u00e8ge produisait alors environ 1% des peaux de vison et entre 2 et 3% des peaux de renard.<\/span><\/p>\n<figure id=\"attachment_715374\" aria-describedby=\"caption-attachment-715374\" style=\"width: 1024px\" class=\"wp-caption alignnone\"><img loading=\"lazy\" decoding=\"async\" class=\"size-medium wp-image-715374\" src=\"https:\/\/mrmondialisation.org\/wp-content\/uploads\/2025\/02\/capture-decran-2025-02-17-a-180322-1024x695.jpg\" alt=\"\" width=\"1024\" height=\"695\" srcset=\"https:\/\/mrmondialisation.org\/wp-content\/uploads\/2025\/02\/capture-decran-2025-02-17-a-180322-1024x695.jpg 1024w, https:\/\/mrmondialisation.org\/wp-content\/uploads\/2025\/02\/capture-decran-2025-02-17-a-180322-768x521.jpg 768w, https:\/\/mrmondialisation.org\/wp-content\/uploads\/2025\/02\/capture-decran-2025-02-17-a-180322-696x472.jpg 696w, https:\/\/mrmondialisation.org\/wp-content\/uploads\/2025\/02\/capture-decran-2025-02-17-a-180322-1068x724.jpg 1068w, https:\/\/mrmondialisation.org\/wp-content\/uploads\/2025\/02\/capture-decran-2025-02-17-a-180322-619x420.jpg 619w, https:\/\/mrmondialisation.org\/wp-content\/uploads\/2025\/02\/capture-decran-2025-02-17-a-180322.jpg 1200w\" sizes=\"auto, (max-width: 1024px) 100vw, 1024px\"\/><figcaption id=\"caption-attachment-715374\" class=\"wp-caption-text\">Cr\u00e9dits : Fur Free Alliance<\/figcaption><\/figure>\n<p><span style=\"font-weight: 400;\">Pr\u00e8s de l\u2019int\u00e9gralit\u00e9 de cette production \u00e9tait destin\u00e9e \u00e0 l\u2019export (99%), \u00e0 destination principalement de la Russie et de la Chine, <strong>o\u00f9 l\u2019augmentation du niveau de vie avait raviv\u00e9 l\u2019int\u00e9r\u00eat des citoyens pour les pr\u00e9cieuses \u00e9toles<\/strong>.\u00a0<\/span><\/p>\n<p><span style=\"font-weight: 400;\">En Europe, les campagnes de sensibilisation et l\u2019attrait des consommateurs pour des modes de vie plus \u00ab responsables \u00bb ont sonn\u00e9 le d\u00e9clin de toute l\u2019industrie depuis deux d\u00e9cennies. <strong>Entre 2011 et 2021, les importations de fourrure sont ainsi pass\u00e9es d\u2019environ 318,8 millions d\u2019euros \u00e0 107,8 millions d\u2019euros<\/strong>.\u00a0<\/span><\/p>\n<p><span style=\"font-weight: 400;\">La production a \u00e9galement fortement diminu\u00e9 : \u00ab <\/span><i><span style=\"font-weight: 400;\">alors qu\u2019elle \u00e9tait encore <strong>d\u2019environ 38 millions de fourrures en 2018, elle est tomb\u00e9e \u00e0 environ 11 millions en 2021 <\/strong><\/span><\/i><span style=\"font-weight: 400;\"><strong><em>\u00bb<\/em><\/strong>, <\/span><a target=\"_blank\" href=\"https:\/\/www.quatre-pattes.org\/nos-recits\/presse\/lindustrie-de-la-fourrure-les-chiffres-de-production-sont-en-baisse-constante#:~:text=La%20production%20de%20fourrures%20a,environ%2011%20millions%20en%202021.\"><span style=\"font-weight: 400;\">rapporte l\u2019organisation de d\u00e9fense animale Quatres Pattes<\/span><\/a><span style=\"font-weight: 400;\">. En 2023, <strong>l\u2019Union europ\u00e9enne n\u2019abritait plus qu\u2019un petit millier d\u2019exploitations<\/strong>.<\/span><\/p>\n<h2><b>Grande victoire pour les associations de d\u00e9fense animale<\/b><\/h2>\n<p><span style=\"font-weight: 400;\">Une victoire sur les mentalit\u00e9s obtenue apr\u00e8s un long combat pour les associations du secteur. <strong>\u00ab<\/strong> <\/span><strong><i>Une d\u00e9cennie de campagnes cibl\u00e9es, r\u00e9v\u00e9lant les sombres r\u00e9alit\u00e9s du commerce de la fourrure tout en soulignant l\u2019app\u00e9tit croissant des consommateurs pour des produits \u00e9thiques, a chang\u00e9 la donne <strong><em>\u00bb<\/em><\/strong><\/i><\/strong><span style=\"font-weight: 400;\">, <a target=\"_blank\" href=\"https:\/\/www.furfreealliance.com\/fur-is-going-out-of-fashion-lowest-production-in-decades\/\">se f\u00e9licite la <\/a><\/span><i><span style=\"font-weight: 400;\">Fur Free Alliance<\/span><\/i><span style=\"font-weight: 400;\">, une coalition de plus de 50 groupes de protection animale du monde entier luttant contre l\u2019industrie de la fourrure.<\/span><\/p>\n<div class=\"td-a-rec td-a-rec-id-content_inline  tdi_1 td_block_template_1\">\n<span class=\"td-adspot-title\">&#8211; Pour une information libre ! &#8211;<\/span><a target=\"_blank\" href=\"https:\/\/fr.tipeee.com\/mr-mondialisation\" class=\"tipeee-project-small\">Soutenir Mr Japanization sur Tipeee<\/a>\n<\/div>\n<blockquote>\n<p><strong><i><span style=\"font-weight: 400;\">\u00ab <\/span>Les marques de mode d\u2019aujourd\u2019hui reconnaissent que le luxe n\u2019est plus synonyme de cruaut\u00e9 et donnent la priorit\u00e9 aux politiques de bien-\u00eatre animal et aux alternatives innovantes <\/i><i><em>\u00bb<\/em><\/i>.<\/strong><\/p>\n<\/blockquote>\n<p><span style=\"font-weight: 400;\">Si <strong>pr\u00e8s de 1600 marques tels que Gucci, Armani ou Michael Kors ont publiquement abandonn\u00e9 la fourrure animale<\/strong> apr\u00e8s avoir travaill\u00e9 avec le r\u00e9seau, de nombreuses victoires politiques marquent \u00e9galement l\u2019engagement des citoyens et associations.<\/span><\/p>\n<p><span style=\"font-weight: 400;\">\u00ab <\/span><i><span style=\"font-weight: 400;\">En plus de 25 ans d\u2019existence, le r\u00e9seau a contribu\u00e9 \u00e0 ce que <strong>plus de 25 pays aient adopt\u00e9 <\/strong><\/span><\/i><strong><i>des lois interdisant ou limitant la production de fourrure<\/i><\/strong><i><span style=\"font-weight: 400;\"><strong> sur la base du bien-\u00eatre animal et de la moralit\u00e9 publique<\/strong>. Le travail se poursuit dans plusieurs pays o\u00f9 des propositions d\u2019interdiction de l\u2019\u00e9levage d\u2019animaux \u00e0 fourrure sont \u00e0 l\u2019\u00e9tude <em>\u00bb<\/em><\/span><\/i><span style=\"font-weight: 400;\">, explique l\u2019organisation.\u00a0<\/span><\/p>\n<h2><b>Tour \u00e0 tour, les pays europ\u00e9ens s\u2019engagent en faveur du bien-\u00eatre animal<\/b><\/h2>\n<p><span style=\"font-weight: 400;\">Le Royaume-Uni, un leader en mati\u00e8re de droits des animaux, est ainsi devenu <strong>le premier pays europ\u00e9en \u00e0 interdire l\u2019\u00e9levage d\u2019animaux \u00e0 fourrure pour des raisons \u00e9thiques en 2003<\/strong>, rapidement suivi par l\u2019Autriche en 2004.\u00a0<\/span><\/p>\n<figure id=\"attachment_715375\" aria-describedby=\"caption-attachment-715375\" style=\"width: 1024px\" class=\"wp-caption alignnone\"><img loading=\"lazy\" decoding=\"async\" class=\"size-medium wp-image-715375\" src=\"https:\/\/mrmondialisation.org\/wp-content\/uploads\/2025\/02\/mink-7431838-1280-1024x683.jpg\" alt=\"\" width=\"1024\" height=\"683\" srcset=\"https:\/\/mrmondialisation.org\/wp-content\/uploads\/2025\/02\/mink-7431838-1280-1024x683.jpg 1024w, https:\/\/mrmondialisation.org\/wp-content\/uploads\/2025\/02\/mink-7431838-1280-768x512.jpg 768w, https:\/\/mrmondialisation.org\/wp-content\/uploads\/2025\/02\/mink-7431838-1280-696x464.jpg 696w, https:\/\/mrmondialisation.org\/wp-content\/uploads\/2025\/02\/mink-7431838-1280-1068x713.jpg 1068w, https:\/\/mrmondialisation.org\/wp-content\/uploads\/2025\/02\/mink-7431838-1280-630x420.jpg 630w, https:\/\/mrmondialisation.org\/wp-content\/uploads\/2025\/02\/mink-7431838-1280.jpg 1280w\" sizes=\"auto, (max-width: 1024px) 100vw, 1024px\"\/><figcaption id=\"caption-attachment-715375\" class=\"wp-caption-text\">Un vison dans son habitat naturel. \u2013 Cr\u00e9dits : Pixabay<\/figcaption><\/figure>\n<p><span style=\"font-weight: 400;\">Suite \u00e0 l\u2019apparition de foyers de COVID-19 dans des \u00e9levages et <strong>aux risques \u00e9lev\u00e9s de propagation mis en avant par l\u2019Organisation mondiale de la sant\u00e9 (OMS)<\/strong>, les Pays-Bas et le Danemark ont \u00e9galement mis fin \u00e0 leur production.<\/span><\/p>\n<p><span style=\"font-weight: 400;\">Pour la Fur Free Alliance, \u00ab <\/span><i><span style=\"font-weight: 400;\">il est clair que le vent tourne contre l\u2019\u00e9levage d\u2019animaux \u00e0 fourrure, car les d\u00e9fenseurs des animaux continuent de faire pression pour obtenir des lois prohibitives afin de prot\u00e9ger le bien-\u00eatre animal, la sant\u00e9 publique et l\u2019environnement <em>\u00bb<\/em><\/span><\/i><span style=\"font-weight: 400;\">. Et pour cause : <strong>au-del\u00e0 de la cruaut\u00e9 \u00e9vidente d\u2019un tel commerce, l\u2019\u00e9levage d\u2019animaux \u00e0 fourrure repr\u00e9sente \u00e9galement un poids \u00e9cologique non n\u00e9gligeable<\/strong>.\u00a0<\/span><\/p>\n<blockquote>\n<p><strong><i><span style=\"font-weight: 400;\">\u00ab <\/span>Grandes productrices de lisiers azot\u00e9s et phosphor\u00e9s de ces animaux carnivores, les \u00ab\u00a0fermes \u00e0 fourrure\u00a0\u00bb polluent eaux de surface et nappes phr\u00e9atiques, et lib\u00e8rent de grandes quantit\u00e9s d\u2019ammoniac, d\u2019oxyde d\u2019azote et de m\u00e9thane \u00bb<\/i><\/strong><\/p>\n<\/blockquote>\n<p><span style=\"font-weight: 400;\">En outre, <strong>le traitement des peaux requiert \u00e9galement nombre de produits toxiques pour les travailleurs de l\u2019industrie et l\u2019environnement.\u00a0<\/strong><\/span><\/p>\n<h2><b>Vers une interdiction totale \u00e0 l\u2019\u00e9chelle europ\u00e9enne ?\u00a0<\/b><\/h2>\n<p><span style=\"font-weight: 400;\">En 2021, Isra\u00ebl est devenu le premier pays au monde \u00e0 interdire totalement la vente de fourrure. Aux \u00c9tats-Unis, <strong>certaines villes et certains \u00c9tats ont impos\u00e9 leurs propres interdictions, notamment <\/strong><\/span><strong>la Californie<\/strong><span style=\"font-weight: 400;\"><strong>, le Connecticut ou encore Hawaii<\/strong>.\u00a0<\/span><\/p>\n<p><iframe loading=\"lazy\" title=\"European Citizens&#039; Initiative Fur Free Europe - Thank You!\" width=\"1110\" height=\"624\" src=\"https:\/\/www.youtube.com\/embed\/F_Okb5ivb2E?feature=oembed\" frameborder=\"0\" allow=\"accelerometer; autoplay; clipboard-write; encrypted-media; gyroscope; picture-in-picture; web-share\" referrerpolicy=\"strict-origin-when-cross-origin\" allowfullscreen><\/iframe><\/p>\n<p><span style=\"font-weight: 400;\">\u00c0 l\u2019\u00e9chelle europ\u00e9enne, si l\u2019importation et le commerce de peaux de phoques, de fourrures de chiens et de chats sont interdits depuis 2009, la vente de fourrure en g\u00e9n\u00e9ral reste l\u00e9gale sur le territoire. En mai 2022, <strong>l\u2019initiative citoyenne \u00ab <\/strong><\/span><strong>Une Europe sans fourrure \u00bb<\/strong><span style=\"font-weight: 400;\"><strong>, port\u00e9e par les associations du secteur, avait r\u00e9colt\u00e9 plus de 1 500 000 signatures<\/strong>.\u00a0<\/span><\/p>\n<blockquote>\n<p><strong><i><span style=\"font-weight: 400;\">\u00ab <\/span>M\u00eame si le commerce de la fourrure est en d\u00e9clin, le travail est loin d\u2019\u00eatre termin\u00e9 : la souffrance de 20 millions d\u2019animaux chaque ann\u00e9e reste 20 millions de trop. \u00bb <\/i><\/strong><\/p>\n<\/blockquote>\n<p><i><span style=\"font-weight: 400;\">\u00ab En continuant \u00e0 demander des comptes aux marques et en plaidant pour un changement l\u00e9gislatif, <strong>nous pouvons garantir des progr\u00e8s plus significatifs vers l\u2019\u00e9limination d\u00e9finitive du commerce mondial de la fourrure \u00bb<\/strong><\/span><\/i><span style=\"font-weight: 400;\">, <a target=\"_blank\" href=\"https:\/\/www.furfreealliance.com\/fur-is-going-out-of-fashion-lowest-production-in-decades\/\">conclut Fur Free Alliance<\/a>, d\u00e9termin\u00e9e \u00e0 poursuivre le combat.<\/span><\/p>\n<p style=\"text-align: right;\"><em><strong class=\"gmail_sendername\" dir=\"auto\">\u2013 Lou Aendekerk<\/strong><\/em><\/p>\n<hr\/>\n<p>Photo de couverture : Un Vison d\u2019Europe (<i>Mustela lutreola<\/i>) au Zoo Osnabr\u00fcck. Wikimedia<\/p>\n<div class=\"td-a-rec td-a-rec-id-content_bottom  tdi_2 td_block_template_1\">\n<span class=\"td-adspot-title\">&#8211; Cet article gratuit et ind\u00e9pendant existe gr\u00e2ce \u00e0 vous &#8211;<\/span><\/p>\n<div class=\"td-all-devices\">\n    <a target=\"_blank\" href=\"https:\/\/mrmondialisation.org\/donation\/\" title=\"Faire_un_don\"><img decoding=\"async\" class=\"donationArticle\" src=\"https:\/\/mrmondialisation.org\/wp-content\/uploads\/2022\/12\/220405-flikalicious-final.jpg\" alt=\"Donation\"\/><\/a>\n<\/div>\n<\/div><\/div>\n<p><br \/>\n<br \/><a href=\"https:\/\/mrmondialisation.org\/la-norvege-met-fin-aux-elevages-danimaux-pour-leur-fourrure\/\" target=\"_blank\"\">Source link <\/a><\/p>\n","protected":false},"excerpt":{"rendered":"<p>C\u2019est officiel. Depuis le 1er f\u00e9vrier 2025, en Norv\u00e8ge, aucun animal ne peut d\u00e9sormais \u00eatre \u00e9lev\u00e9 pour sa fourrure. L\u2019entr\u00e9e en vigueur de la loi scandinave, initi\u00e9e par un vote&hellip; <\/p>\n","protected":false},"author":1,"featured_media":4760,"comment_status":"open","ping_status":"open","sticky":false,"template":"","format":"standard","meta":{"footnotes":""},"categories":[1],"tags":[],"class_list":["post-4759","post","type-post","status-publish","format-standard","has-post-thumbnail","hentry","category-non-classe"],"_links":{"self":[{"href":"https:\/\/monde25.info\/index.php\/wp-json\/wp\/v2\/posts\/4759","targetHints":{"allow":["GET"]}}],"collection":[{"href":"https:\/\/monde25.info\/index.php\/wp-json\/wp\/v2\/posts"}],"about":[{"href":"https:\/\/monde25.info\/index.php\/wp-json\/wp\/v2\/types\/post"}],"author":[{"embeddable":true,"href":"https:\/\/monde25.info\/index.php\/wp-json\/wp\/v2\/users\/1"}],"replies":[{"embeddable":true,"href":"https:\/\/monde25.info\/index.php\/wp-json\/wp\/v2\/comments?post=4759"}],"version-history":[{"count":0,"href":"https:\/\/monde25.info\/index.php\/wp-json\/wp\/v2\/posts\/4759\/revisions"}],"wp:featuredmedia":[{"embeddable":true,"href":"https:\/\/monde25.info\/index.php\/wp-json\/wp\/v2\/media\/4760"}],"wp:attachment":[{"href":"https:\/\/monde25.info\/index.php\/wp-json\/wp\/v2\/media?parent=4759"}],"wp:term":[{"taxonomy":"category","embeddable":true,"href":"https:\/\/monde25.info\/index.php\/wp-json\/wp\/v2\/categories?post=4759"},{"taxonomy":"post_tag","embeddable":true,"href":"https:\/\/monde25.info\/index.php\/wp-json\/wp\/v2\/tags?post=4759"}],"curies":[{"name":"wp","href":"https:\/\/api.w.org\/{rel}","templated":true}]}}