{"id":4767,"date":"2025-03-19T15:44:19","date_gmt":"2025-03-19T14:44:19","guid":{"rendered":"https:\/\/monde25.info\/index.php\/2025\/03\/19\/quatre-marocains-interpelles-pour-la-vente-dun-nouveau-ne-rt-en-francais\/"},"modified":"2025-03-19T15:44:19","modified_gmt":"2025-03-19T14:44:19","slug":"quatre-marocains-interpelles-pour-la-vente-dun-nouveau-ne-rt-en-francais","status":"publish","type":"post","link":"https:\/\/monde25.info\/index.php\/2025\/03\/19\/quatre-marocains-interpelles-pour-la-vente-dun-nouveau-ne-rt-en-francais\/","title":{"rendered":"quatre Marocains interpell\u00e9s pour la vente d&rsquo;un nouveau-n\u00e9 \u2014 RT en fran\u00e7ais"},"content":{"rendered":"<p> <br \/>\n<br \/><img decoding=\"async\" src=\"https:\/\/mf.b37mrtl.ru\/french\/images\/2025.03\/thumbnail\/67dabf6087f3ec633f004371.jpg\" \/><\/p>\n<div>\n<p class=\"text__summary\">\n                                        Les autorit\u00e9s italiennes ont d\u00e9mantel\u00e9 un r\u00e9seau criminel compos\u00e9 de ressortissants marocains impliqu\u00e9s dans l&rsquo;introduction ill\u00e9gale d&rsquo;un nouveau-n\u00e9 en Italie dans des conditions particuli\u00e8rement p\u00e9rilleuses.\n                                    <\/p>\n<p>L&rsquo;enqu\u00eate a \u00e9t\u00e9 lanc\u00e9e \u00e0 la suite d&rsquo;une information anonyme faisant \u00e9tat de la pr\u00e9sence au sein d&rsquo;une famille marocaine vivant \u00e0 Turin d\u2019un nouveau-n\u00e9 destin\u00e9 \u00e0 \u00eatre vendu. Cette alerte a rapidement r\u00e9v\u00e9l\u00e9 une situation bien plus grave : celle de la mise en danger de la vie de l&rsquo;enfant, en raison des conditions extr\u00eames dans lesquelles il se trouvait.<\/p>\n<p>La petite fille, n\u00e9e en ao\u00fbt 2024 et sans lien de parent\u00e9 avec la famille, a \u00e9t\u00e9 transport\u00e9e du Maroc vers l&rsquo;Italie dans un sac \u00e0 provisions, dissimul\u00e9e parmi les passagers d&rsquo;un ferry reliant Tanger \u00e0 G\u00eanes en octobre dernier. Quatre personnes, dont les parents de l\u2019enfant, ont \u00e9t\u00e9 interpell\u00e9es.<\/p>\n<p>Un enqu\u00eateur a expliqu\u00e9 que leur comportement avait mis la vie de l\u2019enfant en danger et qu&rsquo;il \u00e9tait impossible de rester\u00a0insensible face \u00e0 une telle\u00a0situation. Deux autres Marocains ont \u00e9galement \u00e9t\u00e9 arr\u00eat\u00e9s pour complicit\u00e9. Ils ont pris en charge le nourrisson \u00e0 son arriv\u00e9e en Italie et assur\u00e9 sa garde ill\u00e9gale, ont rapport\u00e9 des m\u00e9dias italiens.<\/p>\n<p>D&rsquo;apr\u00e8s la m\u00eame source, \u00e0 l&rsquo;arriv\u00e9e en Italie, la petite fille a \u00e9t\u00e9 transport\u00e9e \u00e0 l\u2019h\u00f4pital\u00a0de Turin pour recevoir les soins n\u00e9cessaires apr\u00e8s un long p\u00e9riple. Les enqu\u00eateurs ont, par la suite, r\u00e9v\u00e9l\u00e9 que la vente de l\u2019enfant faisait partie d&rsquo;un plan complexe.<\/p>\n<p>Les parents avaient pr\u00e9vu de vendre leur fille \u00e0 une troisi\u00e8me famille et, en attendant, l&rsquo;avaient confi\u00e9e \u00e0 un autre couple. Si la vente n&rsquo;avait pas abouti, ils envisageaient de la\u00a0faire sortir d&rsquo;Italie pour \u00e9chapper aux autorit\u00e9s, a affirm\u00e9 l&rsquo;agence italienne AGI.<\/p>\n<p>Le 12 mars, les suspects ont \u00e9t\u00e9 arr\u00eat\u00e9s en flagrant d\u00e9lit par\u00a0les forces de l&rsquo;ordre. L&rsquo;enfant a \u00e9t\u00e9 hospitalis\u00e9e avant d&rsquo;\u00eatre plac\u00e9e dans une famille d&rsquo;accueil.<\/p>\n<h2>Trafic d&rsquo;\u00eatres humains : des ressortissants africains dans le viseur des autorit\u00e9s<\/h2>\n<p>Des r\u00e9seaux criminels exploitent des ressortissants marocains et d&rsquo;autres Africains pour le trafic d&rsquo;\u00eatres humains. Ils utilisent des m\u00e9thodes similaires pour faire traverser les fronti\u00e8res \u00e0 des mineurs ou des adultes en situation irr\u00e9guli\u00e8re, les exposant ainsi \u00e0 de graves dangers physiques et psychologiques.<\/p>\n<p>Des enqu\u00eates r\u00e9centes ont mis en lumi\u00e8re l\u2019implication de migrants, souvent originaires du Maghreb ou d\u2019Afrique subsaharienne, dans des r\u00e9seaux de trafic dont ils sont parfois les complices, parfois les victimes.<\/p>\n<p>En qu\u00eate d\u2019une vie meilleure ou pouss\u00e9es par des difficult\u00e9s \u00e9conomiques, certaines familles tombent dans le pi\u00e8ge de ces r\u00e9seaux, esp\u00e9rant \u00e9chapper \u00e0 la pauvret\u00e9.<\/p>\n<\/div>\n<p><br \/>\n<br \/><a href=\"https:\/\/francais.rt.com\/afrique\/118220-trafic-etres-humains-italie-quatre-marocains-interpelles\" target=\"_blank\"\">Source link <\/a><\/p>\n","protected":false},"excerpt":{"rendered":"<p>Les autorit\u00e9s italiennes ont d\u00e9mantel\u00e9 un r\u00e9seau criminel compos\u00e9 de ressortissants marocains impliqu\u00e9s dans l&rsquo;introduction ill\u00e9gale d&rsquo;un nouveau-n\u00e9 en Italie dans des conditions particuli\u00e8rement p\u00e9rilleuses. L&rsquo;enqu\u00eate a \u00e9t\u00e9 lanc\u00e9e \u00e0&hellip; <\/p>\n","protected":false},"author":1,"featured_media":4768,"comment_status":"open","ping_status":"open","sticky":false,"template":"","format":"standard","meta":{"footnotes":""},"categories":[1],"tags":[],"class_list":["post-4767","post","type-post","status-publish","format-standard","has-post-thumbnail","hentry","category-non-classe"],"_links":{"self":[{"href":"https:\/\/monde25.info\/index.php\/wp-json\/wp\/v2\/posts\/4767","targetHints":{"allow":["GET"]}}],"collection":[{"href":"https:\/\/monde25.info\/index.php\/wp-json\/wp\/v2\/posts"}],"about":[{"href":"https:\/\/monde25.info\/index.php\/wp-json\/wp\/v2\/types\/post"}],"author":[{"embeddable":true,"href":"https:\/\/monde25.info\/index.php\/wp-json\/wp\/v2\/users\/1"}],"replies":[{"embeddable":true,"href":"https:\/\/monde25.info\/index.php\/wp-json\/wp\/v2\/comments?post=4767"}],"version-history":[{"count":0,"href":"https:\/\/monde25.info\/index.php\/wp-json\/wp\/v2\/posts\/4767\/revisions"}],"wp:featuredmedia":[{"embeddable":true,"href":"https:\/\/monde25.info\/index.php\/wp-json\/wp\/v2\/media\/4768"}],"wp:attachment":[{"href":"https:\/\/monde25.info\/index.php\/wp-json\/wp\/v2\/media?parent=4767"}],"wp:term":[{"taxonomy":"category","embeddable":true,"href":"https:\/\/monde25.info\/index.php\/wp-json\/wp\/v2\/categories?post=4767"},{"taxonomy":"post_tag","embeddable":true,"href":"https:\/\/monde25.info\/index.php\/wp-json\/wp\/v2\/tags?post=4767"}],"curies":[{"name":"wp","href":"https:\/\/api.w.org\/{rel}","templated":true}]}}