{"id":4774,"date":"2025-03-19T17:55:53","date_gmt":"2025-03-19T16:55:53","guid":{"rendered":"https:\/\/monde25.info\/index.php\/2025\/03\/19\/la-place-des-femmes-dans-le-pacifique-par-fanny-privat-le-monde-diplomatique-avril-2025\/"},"modified":"2025-03-19T17:55:53","modified_gmt":"2025-03-19T16:55:53","slug":"la-place-des-femmes-dans-le-pacifique-par-fanny-privat-le-monde-diplomatique-avril-2025","status":"publish","type":"post","link":"https:\/\/monde25.info\/index.php\/2025\/03\/19\/la-place-des-femmes-dans-le-pacifique-par-fanny-privat-le-monde-diplomatique-avril-2025\/","title":{"rendered":"La place des femmes dans le Pacifique, par Fanny Privat (Le Monde diplomatique, avril 2025)"},"content":{"rendered":"<p> <br \/>\n<\/p>\n<div id=\"\">\n<div class=\"couvmav\">\n\t\t<img loading=\"lazy\" decoding=\"async\" class=\"spip_logo spip_logos\" alt=\"\" src=\"https:\/\/www.monde-diplomatique.fr\/\/local\/cache-vignettes\/L300xH375\/arton68185-7388c.jpg?1742307121\" width=\"300\" height=\"375\"\/>\n\t\t<\/div>\n<h3>Japon, Extr\u00eame-Orient ou Extr\u00eame-Occident<small class=\"fine\">\u00a0<\/small>?<\/h3>\n<p>\u00ab Mani\u00e8re de voir \u00bb #200,<br \/>\n\t\t\tavril &#8211; mai\u00a02025\n\t\t<\/p>\n<p>\n\t\t\tMais o\u00f9 est pass\u00e9 le Japon<small class=\"fine\">\u00a0<\/small>? Il fut un temps, dans les ann\u00e9es 1980, o\u00f9 Tokyo attirait tous les regards. Mais depuis une trentaine d\u2019ann\u00e9es, le pays semble avoir disparu dans l\u2019ombre de Washington. L\u2019\u00e9lection de M.\u00a0Donald Trump aux \u00c9tats- Unis contribuera-t-elle \u00e0 redonner sa voix \u00e0 l\u2019Archipel<small class=\"fine\">\u00a0<\/small>?<\/p>\n<\/p><\/div>\n<p><br \/>\n<br \/><a href=\"https:\/\/www.monde-diplomatique.fr\/cartes\/pacifique-place-des-femmes\" target=\"_blank\"\">Source link <\/a><\/p>\n","protected":false},"excerpt":{"rendered":"<p>Japon, Extr\u00eame-Orient ou Extr\u00eame-Occident\u00a0? \u00ab Mani\u00e8re de voir \u00bb #200, avril &#8211; mai\u00a02025 Mais o\u00f9 est pass\u00e9 le Japon\u00a0? Il fut un temps, dans les ann\u00e9es 1980, o\u00f9 Tokyo attirait&hellip; <\/p>\n","protected":false},"author":1,"featured_media":4775,"comment_status":"open","ping_status":"open","sticky":false,"template":"","format":"standard","meta":{"footnotes":""},"categories":[1],"tags":[],"class_list":["post-4774","post","type-post","status-publish","format-standard","has-post-thumbnail","hentry","category-non-classe"],"_links":{"self":[{"href":"https:\/\/monde25.info\/index.php\/wp-json\/wp\/v2\/posts\/4774","targetHints":{"allow":["GET"]}}],"collection":[{"href":"https:\/\/monde25.info\/index.php\/wp-json\/wp\/v2\/posts"}],"about":[{"href":"https:\/\/monde25.info\/index.php\/wp-json\/wp\/v2\/types\/post"}],"author":[{"embeddable":true,"href":"https:\/\/monde25.info\/index.php\/wp-json\/wp\/v2\/users\/1"}],"replies":[{"embeddable":true,"href":"https:\/\/monde25.info\/index.php\/wp-json\/wp\/v2\/comments?post=4774"}],"version-history":[{"count":0,"href":"https:\/\/monde25.info\/index.php\/wp-json\/wp\/v2\/posts\/4774\/revisions"}],"wp:featuredmedia":[{"embeddable":true,"href":"https:\/\/monde25.info\/index.php\/wp-json\/wp\/v2\/media\/4775"}],"wp:attachment":[{"href":"https:\/\/monde25.info\/index.php\/wp-json\/wp\/v2\/media?parent=4774"}],"wp:term":[{"taxonomy":"category","embeddable":true,"href":"https:\/\/monde25.info\/index.php\/wp-json\/wp\/v2\/categories?post=4774"},{"taxonomy":"post_tag","embeddable":true,"href":"https:\/\/monde25.info\/index.php\/wp-json\/wp\/v2\/tags?post=4774"}],"curies":[{"name":"wp","href":"https:\/\/api.w.org\/{rel}","templated":true}]}}