{"id":4776,"date":"2025-03-19T18:29:03","date_gmt":"2025-03-19T17:29:03","guid":{"rendered":"https:\/\/monde25.info\/index.php\/2025\/03\/19\/ecologistes-mobilisons-nous-pour-les-exiles\/"},"modified":"2025-03-19T18:29:03","modified_gmt":"2025-03-19T17:29:03","slug":"ecologistes-mobilisons-nous-pour-les-exiles","status":"publish","type":"post","link":"https:\/\/monde25.info\/index.php\/2025\/03\/19\/ecologistes-mobilisons-nous-pour-les-exiles\/","title":{"rendered":"\u00ab\u00a0\u00c9cologistes, mobilisons-nous pour les exil\u00e9s\u00a0\u00bb"},"content":{"rendered":"<p> <br \/>\n<\/p>\n<div>\n<p>L\u2019Observatoire Terre-Monde est le centre d\u2019\u00e9tude des \u00e9cologies politiques des Outre-mer fran\u00e7ais et de leurs proches r\u00e9gions. Vietnam Dioxine est un collectif d\u2019\u00e9cologie d\u00e9coloniale en soutien aux victimes de l\u2019agent orange.<\/p>\n<hr class=\"spip\"\/>\n<p>Nous, militant<span aria-hidden=\"true\">\u00b7<\/span>es et acteur<span aria-hidden=\"true\">\u00b7<\/span>ices des luttes antiracistes, \u00e9cologistes et d\u00e9coloniales en France, condamnons fermement la d\u00e9cision prise par l\u2019\u00c9tat fran\u00e7ais, via la pr\u00e9fecture de Paris, d\u2019expulser soudainement et violemment de la Ga\u00eet\u00e9 lyrique <i>[un lieu culturel parisien]<\/i> 450 jeunes mineur<span aria-hidden=\"true\">\u00b7<\/span>es non accompagn\u00e9<span aria-hidden=\"true\">\u00b7<\/span>es (<span class=\"caps\">MNA<\/span>) \u00e0 la rue, sans leur laisser le temps n\u00e9cessaire pour un recours effectif et alors qu\u2019aucune solution d\u2019h\u00e9bergement digne ou p\u00e9renne ne leur a \u00e9t\u00e9 propos\u00e9e.<\/p>\n<p>Il est urgent de donner \u00e0 ces jeunes ce \u00e0 quoi ils ont droit\u00a0: le respect de la pr\u00e9somption de minorit\u00e9, des conditions de vie dignes, un logement imm\u00e9diat et durable leur permettant d\u2019assurer leurs besoins administratifs, une vie personnelle et familiale comme tout<span aria-hidden=\"true\">\u00b7<\/span>e un<span aria-hidden=\"true\">\u00b7<\/span>e chacun<span aria-hidden=\"true\">\u00b7<\/span>e, un acc\u00e8s \u00e0 l\u2019\u00e9ducation, aux soins et aux transports gratuits.<\/p>\n<p>Il est aussi n\u00e9cessaire de s\u2019attarder et de saisir la gravit\u00e9 de ce qui se joue dans le traitement \u00e9tatique des mineur<span aria-hidden=\"true\">\u00b7<\/span>es non accompagn\u00e9<span aria-hidden=\"true\">\u00b7<\/span>es en France. C\u2019est l\u2019\u00e9manation de violences coloniales pass\u00e9es qui se perp\u00e9tuent quelle que soit l\u2019alternance gouvernementale, par le <i>\u00ab<small class=\"fine d-inline\">\u00a0<\/small>tri<small class=\"fine d-inline\">\u00a0<\/small>\u00bb<\/i> entre les personnes sur la base de crit\u00e8res racistes. Nous alertons, depuis de longs mois, sur l\u2019augmentation des violences d\u2019\u00c9tat exerc\u00e9es en Kanaky, \u00e0 Mayotte, \u00e0 la R\u00e9union, dans les quartiers populaires d\u2019Hexagone ou m\u00eame lors des mobilisations contre la vie ch\u00e8re en Martinique et en Guadeloupe.<\/p>\n<p><a target=\"_blank\" href=\"https:\/\/reporterre.net\/Le-peuple-kanak-est-en-etat-d-urgence-colonial-et-climatique\" class=\"lien_lireaussi\"><strong>Lire aussi : <\/strong> <span>\u00ab<small class=\"fine d-inline\">\u00a0<\/small>Le peuple kanak est en \u00e9tat d\u2019urgence colonial et climatique<small class=\"fine d-inline\">\u00a0<\/small>\u00bb<\/span><\/a><\/p>\n<p>C\u2019est ce m\u00eame pouvoir colonial qui a men\u00e9 des campagnes de <i>\u00ab<small class=\"fine d-inline\">\u00a0<\/small>s\u00e9curisation contre la d\u00e9linquance<small class=\"fine d-inline\">\u00a0<\/small>\u00bb<\/i> aupr\u00e8s des mineur<span aria-hidden=\"true\">\u00b7<\/span>es isol\u00e9<span aria-hidden=\"true\">\u00b7<\/span>es, mahorais<span aria-hidden=\"true\">\u00b7<\/span>es pour la plupart, dans le quartier de Fayard \u00e0 Saint-Andr\u00e9 de La\u00a0R\u00e9union \u00e0 la demande de la pr\u00e9fecture. C\u2019est ce m\u00eame pouvoir colonial qui refuse aux mineur<span aria-hidden=\"true\">\u00b7<\/span>es comorien<span aria-hidden=\"true\">\u00b7<\/span>nes \u00e0 Mayotte le droit d\u2019habiter et d\u2019\u00eatre de la terre, comme les imp\u00e9tueuses <a target=\"_blank\" href=\"https:\/\/reporterre.net\/A-Mayotte-les-militants-anti-immigration-surfent-sur-la-crise-de-l-eau\">op\u00e9rations Wambushu<\/a> nous l\u2019ont montr\u00e9.<\/p>\n<h2 class=\"spip\">Violence raciale des autorit\u00e9s fran\u00e7aises<\/h2>\n<p>Nous interpellons sur la tendance aggrav\u00e9e \u00e0 l\u2019autoritarisme et \u00e0 une normalisation de la violence raciale de la part des autorit\u00e9s fran\u00e7aises. Dos \u00e0 dos, les administrations (Pr\u00e9fecture, D\u00e9partement et Ville de Paris) semblent d\u00e9cid\u00e9es \u00e0 se renvoyer la balle de la responsabilit\u00e9 plut\u00f4t qu\u2019\u00e0 agir. Elles gagnent ainsi du temps, pi\u00e9tinant le droit et aggravant la pr\u00e9carit\u00e9 d\u00e9j\u00e0 flagrante des <span class=\"caps\">MNA<\/span> \u2014 voici leur <a target=\"_blank\" href=\"https:\/\/www.helloasso.com\/associations\/liberte-egalite-papiers\/formulaires\/1?fbclid=PAZXh0bgNhZW0CMTEAAaY87UleeXEJsg8rHWTXABNMXdyWWP6vCS7yMxApcd0MSc94gdOCm3KhlCg_aem_nFoUfrpFhE3vWHee9-iGrw\" class=\"spip_out\" rel=\"external\">cagnotte<\/a> \u2014 en les emp\u00eachant de pr\u00e9tendre \u00e0 un logement digne.<\/p>\n<p>Le gouvernement, d\u00e9sormais infiltr\u00e9 par l\u2019extr\u00eame droite, appara\u00eet, lui, au service d\u2019un projet de renaissance d\u2019une communaut\u00e9 imaginaire passant par une stigmatisation des personnes exil\u00e9es et de leurs descendant<span aria-hidden=\"true\">\u00b7<\/span>es, et la diffusion d\u2019un fantasme populiste de <i>\u00ab<small class=\"fine d-inline\">\u00a0<\/small>submersion migratoire<small class=\"fine d-inline\">\u00a0<\/small>\u00bb<\/i>. Il est d\u00e8s lors d\u2019une urgence absolue de faire preuve de responsabilit\u00e9 et de recourir \u00e0 la rationalit\u00e9.<\/p>\n<p>Qu\u2019y a-t-il de plus urgent \u00e0 l\u2019heure actuelle, \u00e0 Paris, que de reloger de fa\u00e7on p\u00e9renne et durable, les 450 jeunes concern\u00e9<span aria-hidden=\"true\">\u00b7<\/span>es<small class=\"fine d-inline\">\u00a0<\/small>? L\u2019\u00e9cologie, qui est l\u2019\u00e9tendard de cette mairie, ne devrait pas \u00eatre l\u2019affaire de r\u00e9unions, de conf\u00e9rences et d\u2019ateliers maintenus au d\u00e9triment de jeunes gens qui dorment dans la rue.<\/p>\n<p>Lutter pour l\u2019\u00e9cologie, c\u2019est se pr\u00e9occuper et agir pour le droit d\u2019avoir acc\u00e8s \u00e0 la terre et donc \u00e0 un logement, qui que nous soyons et d\u2019o\u00f9 que l\u2019on vienne. Et la rue n\u2019est un lieu favorable ni pour dormir, ni pour vivre, ni pour grandir. Le gouvernement de droite macroniste gouvernant avec l\u2019extr\u00eame droite, la gauche institutionnelle ne peut plus se contenter de renvoyer la balle au camp adverse, sans se battre pour des mineur<span aria-hidden=\"true\">\u00b7<\/span>es, seul<span aria-hidden=\"true\">\u00b7<\/span>es et livr\u00e9<span aria-hidden=\"true\">\u00b7<\/span>es \u00e0 eux-m\u00eames.<\/p>\n<p>Elle a le devoir de proposer d\u2019autres solutions. Que sont <a target=\"_blank\" href=\"https:\/\/www.infomie.net\/article4282.html\" class=\"spip_out\" rel=\"external\">90 euros par jour<\/a> \u2014 co\u00fbt maximum pour la prise en charge d\u2019un <span class=\"caps\">MNA<\/span> par l\u2019administration \u2014 pour 450 vies humaines, par rapport \u00e0 <a target=\"_blank\" href=\"https:\/\/www.lexpress.fr\/economie\/politique-economique\/paris-2024-lardoise-cachee-des-jeux-olympiques-OYXDVOIGUZBHBCDQXEEV4C7WOY\/\" class=\"spip_out\" rel=\"external\">170 millions d\u2019euros<\/a> investis par la Ville de Paris pour les Jeux olympiques<small class=\"fine d-inline\">\u00a0<\/small>? La situation des <span class=\"caps\">MNA<\/span> est la vitrine du traitement d\u00e9faillant de l\u2019ensemble de l\u2019administration fran\u00e7aise \u00e0 l\u2019\u00e9gard de certaines vies, et chacune des parties a le devoir imp\u00e9ratif d\u2019en changer, urgemment.<\/p>\n<h2 class=\"spip\">Combien parmi nous ont \u00e9t\u00e9 jug\u00e9s ind\u00e9sirables en France<small class=\"fine d-inline\">\u00a0<\/small>?<\/h2>\n<p>Nous demandons \u00e0 la France de cesser ces pratiques qui s\u2019inscrivent malheureusement dans la longue tradition d\u2019un accueil \u00e0 la fran\u00e7aise. Combien parmi nous, nos parents ou grands-parents, ont \u00e9t\u00e9 jug\u00e9s ind\u00e9sirables et sont pass\u00e9s par les dispositifs dits d\u2019accueil et pourtant mortif\u00e8res dans ce pays\u00a0: camps de transit et d\u2019h\u00e9bergement, bidonvilles, <span class=\"caps\">CRA<\/span> <i>[centres de r\u00e9tentions administratives],<\/i> <i>\u00ab<small class=\"fine d-inline\">\u00a0<\/small>jungles<small class=\"fine d-inline\">\u00a0<\/small>\u00bb<\/i>, etc. Combien parmi nous et nos a\u00een\u00e9<span aria-hidden=\"true\">\u00b7<\/span>es ont \u00e9t\u00e9 d\u00e9shumanis\u00e9<span aria-hidden=\"true\">\u00b7<\/span>es, essentialis\u00e9<span aria-hidden=\"true\">\u00b7<\/span>es, rejet\u00e9<span aria-hidden=\"true\">\u00b7<\/span>es pour ce qu\u2019iels sont<small class=\"fine d-inline\">\u00a0<\/small>? Les mots et les dispositifs changent, la violence et le mobile raciste, eux, restent inchang\u00e9s.<\/p>\n<p>Les blessures physiques et psychologiques caus\u00e9es par ces conditions d\u2019arriv\u00e9e en France ne concernent d\u2019ailleurs pas uniquement ceux qui en sont directement victimes. La France engendre, depuis trop d\u2019ann\u00e9es, des g\u00e9n\u00e9rations enti\u00e8res marqu\u00e9es par les traumatismes h\u00e9rit\u00e9s des exp\u00e9riences v\u00e9cues par leurs a\u00een\u00e9<span aria-hidden=\"true\">\u00b7<\/span>es, sans qu\u2019aucune forme de r\u00e9paration ni de soin ne soit apport\u00e9e.<\/p>\n<p><a target=\"_blank\" href=\"https:\/\/web-cdn.bsky.app\/profile\/vietnamdioxine.bsky.social\/post\/3ljnyl5djkx2j\" class=\"spip_out\" rel=\"external\">Comme nous l\u2019\u00e9crivions<\/a> avec d\u2019autres collectifs \u00e9cologistes, <i>\u00ab<small class=\"fine d-inline\">\u00a0<\/small>l\u2019\u00e9cologie d\u00e9coloniale invite \u00e0 une int\u00e9gration plus large des questions antiracistes et d\u00e9coloniales, et non uniquement quand les probl\u00e8mes sont cadr\u00e9s d\u2019un point de vue \u00e9cologiste<small class=\"fine d-inline\">\u00a0<\/small>\u00bb<\/i>.<\/p>\n<blockquote class=\"spip\">\n<p>\u00ab<small class=\"fine d-inline\">\u00a0<\/small>Comment vouloir pr\u00e9server les terres si certain<span aria-hidden=\"true\">\u00b7<\/span>es en sont exclu<span aria-hidden=\"true\">\u00b7<\/span>es<small class=\"fine d-inline\">\u00a0<\/small>?<small class=\"fine d-inline\">\u00a0<\/small>\u00bb<\/p>\n<\/blockquote>\n<p>Nous interpellons donc les \u00e9cologistes (\u00e9lus, militant<span aria-hidden=\"true\">\u00b7<\/span>es, organisations et collectifs) \u00e0 une mobilisation solidaire contre le racisme d\u2019\u00c9tat dont sont victimes les <span class=\"caps\">MNA<\/span>. Comment parler d\u2019un monde plus durable sans demander plus de justice<small class=\"fine d-inline\">\u00a0<\/small>? Comment vouloir pr\u00e9server les terres si certain<span aria-hidden=\"true\">\u00b7<\/span>es en sont exclu<span aria-hidden=\"true\">\u00b7<\/span>es<small class=\"fine d-inline\">\u00a0<\/small>? Et alors m\u00eame que les modes de vie occidentaux, responsables de la crise climatique, devraient amplifier les ph\u00e9nom\u00e8nes migratoires<small class=\"fine d-inline\">\u00a0<\/small>?<\/p>\n<p>Nous souhaitons, militants \u00e9cologistes d\u00e9coloniaux, par la pr\u00e9sente tribune, b\u00e2tir un pont entre ces deux champs de lutte afin de cr\u00e9er et renforcer un front \u00e9cologiste antiraciste.<\/p>\n<p><br class=\"autobr\"\/><br \/>\n<strong>Les premiers signataires\u00a0:<\/strong><\/p>\n<p>Action Justice Climat Paris <br class=\"autobr\"\/><br \/>\nAssembl\u00e9e des Quartiers <br class=\"autobr\"\/><br \/>\nBon Pote, m\u00e9dia ind\u00e9pendant <br class=\"autobr\"\/><br \/>\nVal\u00e9rie Cabanes, juriste sp\u00e9cialis\u00e9e dans les droits de l\u2019Homme <br class=\"autobr\"\/><br \/>\nCliMates<br class=\"autobr\"\/><br \/>\nComit\u00e9 V\u00e9rit\u00e9 pour Adama<br class=\"autobr\"\/><br \/>\nCyril Dion, \u00e9crivain et r\u00e9alisateur <br class=\"autobr\"\/><br \/>\nD\u00e9sob\u00e9issance \u00e9colo Paris<br class=\"autobr\"\/><br \/>\nDestins li\u00e9s<br class=\"autobr\"\/><br \/>\nDroit dans les yeux<br class=\"autobr\"\/><br \/>\nFrance Nature Environnement Ile-de-France <br class=\"autobr\"\/><br \/>\nG\u00e9n\u00e9ration Panasiatique <br class=\"autobr\"\/><br \/>\nJeunesse populaire <br class=\"autobr\"\/><br \/>\nLa Collective Kwir <br class=\"autobr\"\/><br \/>\nL\u00e9na Lazare, porte-parole des Soul\u00e8vements de la Terre<br class=\"autobr\"\/><br \/>\nLes Impactrices<br class=\"autobr\"\/><br \/>\nLilith du <span class=\"caps\">COAADEP<\/span><br class=\"autobr\"\/><br \/>\nMarie Chureau, activiste pour l\u2019\u00e9cologie et la justice sociale <br class=\"autobr\"\/><br \/>\nObservatoire f\u00e9ministe des violences m\u00e9dicales<br class=\"autobr\"\/><br \/>\nPikPik Environnement<br class=\"autobr\"\/><br \/>\nReha Simon, Histoires Cr\u00e9pues<br class=\"autobr\"\/><br \/>\nR\u00e9union Palestine <br class=\"autobr\"\/><br \/>\n<span class=\"caps\">SOS<\/span> Paris<br class=\"autobr\"\/><br \/>\nVincent Verzat, vid\u00e9aste <br class=\"autobr\"\/><br \/>\nJonathan Ruff-Zahn, Tsedek<small class=\"fine d-inline\">\u00a0<\/small>!<br class=\"autobr\"\/><br \/>\nThu-An Duong, Bissai Media<br class=\"autobr\"\/><br \/>\nSam Leter, Decolonial Film Festival<br class=\"autobr\"\/><br \/>\nYouth for Climate <span class=\"caps\">IDF<\/span><br class=\"autobr\"\/><br \/>\nDavid Maenda Kithoko, G\u00e9n\u00e9ration Lumi\u00e8re\/<span class=\"caps\">OTM<\/span><br class=\"autobr\"\/><br \/>\nCamille Etienne, militante \u00e9cologiste<br class=\"autobr\"\/><br \/>\nLissell Quiroz (<span class=\"caps\">CY<\/span> Cergy Paris Universit\u00e9)<br class=\"autobr\"\/><br \/>\nVinz Kant\u00e9 &#8211; <span class=\"caps\">LIMIT<\/span><br class=\"autobr\"\/><br \/>\nVipulan Puvaneswaran, militant \u00e9cologiste et antiraciste<br class=\"autobr\"\/><br \/>\nUrgence Palestine Paris 19<sup class=\"typo_exposants\">e<\/sup><br class=\"autobr\"\/><br \/>\nCollectif Voix d\u00e9terres<br class=\"autobr\"\/><br \/>\n<span class=\"caps\">SAMBA<\/span> (Section antifasciste Montreuil Bagnolet &amp; alentours)<br class=\"autobr\"\/><br \/>\n<span class=\"caps\">SURVIE<\/span> <br class=\"autobr\"\/><br \/>\nFrah, chanteur de Shaka Ponk<br class=\"autobr\"\/><br \/>\nJason Temaui Man, President de Te Motu<br class=\"autobr\"\/><br \/>\nJohan Reboul &#8211; Le jeune engag\u00e9<br class=\"autobr\"\/><br \/>\nLes Digitales<br class=\"autobr\"\/><br \/>\nComit\u00e9 Palestine SciencesPo<br class=\"autobr\"\/><br \/>\nComit\u00e9 Palestine Paris-Saclay<br class=\"autobr\"\/><br \/>\n#NousToutes<br class=\"autobr\"\/><br \/>\nAssembl\u00e9e pour des soins antiracistes et populaires (<span class=\"caps\">ASAP<\/span>)<\/p>\n<aside class=\"boite_encarts\">\n<div class=\"encart encart_vert noprint montre_1023\">\n<div class=\"infolettre-form-container noprint\">\n<p>Abonnez-vous \u00e0 la lettre d\u2019info de Reporterre<\/p>\n<\/div><\/div>\n<\/aside>\n<aside class=\"boite_apresarticle encart_note\">\n<h4>Apr\u00e8s cet article<\/h4>\n<p>      <a target=\"_blank\" href=\"https:\/\/reporterre.net\/Fatima-Ouassak-Chez-les-ecologistes-la-question-coloniale-est-un-angle-mort\" class=\"lien_article\">\n      <picture class=\"vignette_gauche\"><source type=\"image\/webp\" srcset=\"https:\/\/reporterre.net\/local\/cache-vignettes\/L450xH300\/arton27821-265df.jpg@.webp?1737370678\"><img decoding=\"async\" src=\"https:\/\/reporterre.net\/local\/cache-vignettes\/L450xH300\/arton27821-265df.jpg?1737370678\" width=\"450\" height=\"300\" alt=\"\" class=\"marge12\" loading=\"lazy\"\/><br \/>\n<\/source><\/picture>\n<p class=\"libelle\">\n<p>          Entretien \u2014<\/p>\n<p>      \u00c9cologies populaires\n    <\/p>\n<p class=\"titre pol20\">Fatima Ouassak\u00a0: \u00ab<small class=\"fine d-inline\">\u00a0<\/small>Chez les \u00e9cologistes, la question coloniale est un angle mort<small class=\"fine d-inline\">\u00a0<\/small>\u00bb<\/p>\n<p>      <\/a><br \/>\n    <\/aside>\n<aside class=\"boite_complement texte\">\n<p>      <!-- zone_forum --><br \/>\n          <\/aside>\n<aside class=\"boite_lireaussi noprint\">\n<\/aside>\n<aside class=\"colonne\">\n<div class=\"article_info cache_1023 noprint\">\n        <svg class=\"grosse_icone cache_1023\">\n  <use xlink:href=\"#megaphone\"\/>\n<\/svg><\/p>\n<p>    <span class=\"date\">19 mars 2025  \u00e0 17h31<\/span><\/p>\n<p class=\"duree_lecture\">\n        Dur\u00e9e de lecture : 7 minutes\n      <\/p>\n<\/p><\/div>\n<div class=\"bloc_infolettre\">\n<div class=\"infolettre-form-container noprint\">\n<p>Abonnez-vous \u00e0 la lettre d\u2019info de Reporterre<\/p>\n<\/div><\/div>\n<\/aside>\n<div id=\"galerie\">\n  <img decoding=\"async\" src=\"\" class=\"principale\" id=\"principale\"\/><\/p>\n<p id=\"legende\">legende<\/p>\n<\/div>\n<footer class=\"noprint\">\n<\/footer>\n<\/div>\n<p><br \/>\n<br \/><a href=\"https:\/\/reporterre.net\/Ecologistes-mobilisons-nous-pour-les-exiles\" target=\"_blank\"\">Source link <\/a><\/p>\n","protected":false},"excerpt":{"rendered":"<p>L\u2019Observatoire Terre-Monde est le centre d\u2019\u00e9tude des \u00e9cologies politiques des Outre-mer fran\u00e7ais et de leurs proches r\u00e9gions. Vietnam Dioxine est un collectif d\u2019\u00e9cologie d\u00e9coloniale en soutien aux victimes de l\u2019agent&hellip; <\/p>\n","protected":false},"author":1,"featured_media":4777,"comment_status":"open","ping_status":"open","sticky":false,"template":"","format":"standard","meta":{"footnotes":""},"categories":[1],"tags":[],"class_list":["post-4776","post","type-post","status-publish","format-standard","has-post-thumbnail","hentry","category-non-classe"],"_links":{"self":[{"href":"https:\/\/monde25.info\/index.php\/wp-json\/wp\/v2\/posts\/4776","targetHints":{"allow":["GET"]}}],"collection":[{"href":"https:\/\/monde25.info\/index.php\/wp-json\/wp\/v2\/posts"}],"about":[{"href":"https:\/\/monde25.info\/index.php\/wp-json\/wp\/v2\/types\/post"}],"author":[{"embeddable":true,"href":"https:\/\/monde25.info\/index.php\/wp-json\/wp\/v2\/users\/1"}],"replies":[{"embeddable":true,"href":"https:\/\/monde25.info\/index.php\/wp-json\/wp\/v2\/comments?post=4776"}],"version-history":[{"count":0,"href":"https:\/\/monde25.info\/index.php\/wp-json\/wp\/v2\/posts\/4776\/revisions"}],"wp:featuredmedia":[{"embeddable":true,"href":"https:\/\/monde25.info\/index.php\/wp-json\/wp\/v2\/media\/4777"}],"wp:attachment":[{"href":"https:\/\/monde25.info\/index.php\/wp-json\/wp\/v2\/media?parent=4776"}],"wp:term":[{"taxonomy":"category","embeddable":true,"href":"https:\/\/monde25.info\/index.php\/wp-json\/wp\/v2\/categories?post=4776"},{"taxonomy":"post_tag","embeddable":true,"href":"https:\/\/monde25.info\/index.php\/wp-json\/wp\/v2\/tags?post=4776"}],"curies":[{"name":"wp","href":"https:\/\/api.w.org\/{rel}","templated":true}]}}