{"id":4780,"date":"2025-03-19T19:35:08","date_gmt":"2025-03-19T18:35:08","guid":{"rendered":"https:\/\/monde25.info\/index.php\/2025\/03\/19\/macron-mise-sur-les-rafales-pour-que-nous-soyons-proteges\/"},"modified":"2025-03-19T19:35:08","modified_gmt":"2025-03-19T18:35:08","slug":"macron-mise-sur-les-rafales-pour-que-nous-soyons-proteges","status":"publish","type":"post","link":"https:\/\/monde25.info\/index.php\/2025\/03\/19\/macron-mise-sur-les-rafales-pour-que-nous-soyons-proteges\/","title":{"rendered":"Macron mise sur les Rafales pour que \u00ab\u00a0nous soyons prot\u00e9g\u00e9s\u00a0\u00bb"},"content":{"rendered":"<p> <br \/>\n<\/p>\n<div>\n<p><strong>Emmanuel Macron a annonc\u00e9 mardi un renforcement des commandes de Rafale pour l\u2019arm\u00e9e de l\u2019air, lors d&rsquo;une visite \u00e0 Luxeuil-les-Bains. L\u2019objectif ? Pr\u00e9parer la France face \u00e0 une \u00ab bascule g\u00e9opolitique \u00bb. Un investissement strat\u00e9gique port\u00e9 par un contexte incertain, notamment nourri par les discussions entre Trump et Poutine.<\/strong><\/p>\n<p>Bient\u00f4t le retour de son \u00ab\u00a0Nous sommes en guerre\u00a0\u00bb ? On le sait, Emmanuel Macron ne manque jamais une occasion de rappeler la n\u00e9cessit\u00e9 de se pr\u00e9parer \u00e0 tout sc\u00e9nario. En plein renforcement des tensions mondiales, le pr\u00e9sident a choisi de faire du Rafale le symbole de cette protection nationale renforc\u00e9e. \u00ab\u00a0Ce que je veux, c\u2019est que nous soyons prot\u00e9g\u00e9s\u00a0\u00bb, a-t-il dit, avant de promettre \u00ab\u00a0accro\u00eetre et acc\u00e9l\u00e9rer les commandes de Rafale\u00a0\u00bb. Mais il ne s&rsquo;agit pas que de la France.<\/p>\n<p>La commande de nouveaux appareils s&rsquo;inscrit aussi dans la volont\u00e9 claire de r\u00e9pondre aux besoins sp\u00e9cifiques de la guerre en Ukraine, o\u00f9 la France a d\u00e9j\u00e0 envoy\u00e9 des Mirages. Dans cette logique, la base de Luxeuil-les-Bains devient le centre strat\u00e9gique pour accueillir les nouvelles versions du Rafale, notamment celles int\u00e9grant un missile nucl\u00e9aire hypersonique. Pr\u00e8s de 1,5 milliard d\u2019euros seront investis pour moderniser cette base d\u2019ici \u00e0 2035, elle qui a jou\u00e9 un r\u00f4le cl\u00e9 dans l\u2019histoire de la dissuasion a\u00e9roport\u00e9e.<\/p>\n<p>\u00c0 l&rsquo;heure o\u00f9 les relations internationales se tendent, notamment avec le rapprochement entre Donald Trump et Vladimir Poutine, Emmanuel Macron joue les gros bras avec la dissuasion nucl\u00e9aire. Comme le rapporte l&rsquo;<em>AFP<\/em>, en soutenant ces investissements, Macron cherche \u00e0 maintenir la France en position de force au sein de l\u2019OTAN.<\/p>\n<p>Pour autant, ces annonces n\u2019ont pas manqu\u00e9 de susciter des critiques, notamment de la part du Rassemblement national, qui accuse le pr\u00e9sident de jouer sur les peurs collectives. Mais ce choix de renforcer les capacit\u00e9s a\u00e9riennes et nucl\u00e9aires est per\u00e7u par certains comme un imp\u00e9ratif face \u00e0 des menaces globales. \u00c0 Luxeuil, le maire Fr\u00e9d\u00e9ric Burghard a salu\u00e9 cette nouvelle \u00e9tape, soulignant que l\u2019emplacement strat\u00e9gique de la base constitue \u00ab\u00a0un atout suppl\u00e9mentaire pour l\u2019Europe\u00a0\u00bb.<\/p>\n<\/div>\n<p><script>(function(d, s, id) {  var js, fjs = d.getElementsByTagName(s)[0];  if (d.getElementById(id)) return;  js = d.createElement(s); js.id = id;  js.src = \"\/\/connect.facebook.net\/fr_FR\/sdk.js#xfbml=1&version=v2.3\";  fjs.parentNode.insertBefore(js, fjs);}(document, \"script\", \"facebook-jssdk\"));<\/script><br \/>\n<br \/><br \/>\n<br \/><a href=\"https:\/\/www.francesoir.fr\/politique-france\/macron-mise-sur-les-rafales-pour-que-nous-soyons-proteges\" target=\"_blank\"\">Source link <\/a><\/p>\n","protected":false},"excerpt":{"rendered":"<p>Emmanuel Macron a annonc\u00e9 mardi un renforcement des commandes de Rafale pour l\u2019arm\u00e9e de l\u2019air, lors d&rsquo;une visite \u00e0 Luxeuil-les-Bains. L\u2019objectif ? Pr\u00e9parer la France face \u00e0 une \u00ab bascule&hellip; <\/p>\n","protected":false},"author":1,"featured_media":4781,"comment_status":"open","ping_status":"open","sticky":false,"template":"","format":"standard","meta":{"footnotes":""},"categories":[1],"tags":[],"class_list":["post-4780","post","type-post","status-publish","format-standard","has-post-thumbnail","hentry","category-non-classe"],"_links":{"self":[{"href":"https:\/\/monde25.info\/index.php\/wp-json\/wp\/v2\/posts\/4780","targetHints":{"allow":["GET"]}}],"collection":[{"href":"https:\/\/monde25.info\/index.php\/wp-json\/wp\/v2\/posts"}],"about":[{"href":"https:\/\/monde25.info\/index.php\/wp-json\/wp\/v2\/types\/post"}],"author":[{"embeddable":true,"href":"https:\/\/monde25.info\/index.php\/wp-json\/wp\/v2\/users\/1"}],"replies":[{"embeddable":true,"href":"https:\/\/monde25.info\/index.php\/wp-json\/wp\/v2\/comments?post=4780"}],"version-history":[{"count":0,"href":"https:\/\/monde25.info\/index.php\/wp-json\/wp\/v2\/posts\/4780\/revisions"}],"wp:featuredmedia":[{"embeddable":true,"href":"https:\/\/monde25.info\/index.php\/wp-json\/wp\/v2\/media\/4781"}],"wp:attachment":[{"href":"https:\/\/monde25.info\/index.php\/wp-json\/wp\/v2\/media?parent=4780"}],"wp:term":[{"taxonomy":"category","embeddable":true,"href":"https:\/\/monde25.info\/index.php\/wp-json\/wp\/v2\/categories?post=4780"},{"taxonomy":"post_tag","embeddable":true,"href":"https:\/\/monde25.info\/index.php\/wp-json\/wp\/v2\/tags?post=4780"}],"curies":[{"name":"wp","href":"https:\/\/api.w.org\/{rel}","templated":true}]}}