{"id":4790,"date":"2025-03-20T00:06:35","date_gmt":"2025-03-19T23:06:35","guid":{"rendered":"https:\/\/monde25.info\/index.php\/2025\/03\/20\/loceanographe-leticia-carvalho-un-espoir-pour-les-fonds-marins\/"},"modified":"2025-03-20T00:06:35","modified_gmt":"2025-03-19T23:06:35","slug":"loceanographe-leticia-carvalho-un-espoir-pour-les-fonds-marins","status":"publish","type":"post","link":"https:\/\/monde25.info\/index.php\/2025\/03\/20\/loceanographe-leticia-carvalho-un-espoir-pour-les-fonds-marins\/","title":{"rendered":"L\u2019oc\u00e9anographe Leticia Carvalho, un espoir pour les fonds marins"},"content":{"rendered":"<p> <br \/>\n<\/p>\n<div>\n<p>L\u2019horizon s\u2019\u00e9claircit quelque peu pour les abysses. Depuis le 17\u00a0mars, et jusqu\u2019au 28, les 168 \u00c9tats membres de l\u2019Autorit\u00e9 internationale des fonds marins sont r\u00e9unis \u00e0 Kingston, en Jama\u00efque, afin d\u2019\u00e9dicter un r\u00e8glement encadrant l\u2019extraction mini\u00e8re dans les eaux internationales. Ces n\u00e9gociations, dont l\u2019issue sera d\u00e9cisive pour la vie sous-marine, patinent depuis plus de dix ans. Cette fois-ci, une nouvelle \u00e8re pourrait cependant s\u2019ouvrir, esp\u00e8rent les d\u00e9fenseurs de l\u2019oc\u00e9an. Les discussions seront pour la premi\u00e8re fois men\u00e9es par une oc\u00e9anographe de formation, Leticia Carvalho, nouvellement \u00e9lue secr\u00e9taire g\u00e9n\u00e9rale de l\u2019Autorit\u00e9 internationale des fonds marins.<\/p>\n<p>L\u2019arriv\u00e9e de cette scientifique br\u00e9silienne \u00e0 la t\u00eate de l\u2019organisation internationale constitue une <i>\u00ab<small class=\"fine d-inline\">\u00a0<\/small>minir\u00e9volution<small class=\"fine d-inline\">\u00a0<\/small>\u00bb<\/i>, se r\u00e9jouit l\u2019activiste Anne-Sophie Roux, cofondatrice du mouvement citoyen LookDown qui lutte depuis 2021 contre l\u2019exploitation mini\u00e8re des abysses. Il faut dire que l\u2019Autorit\u00e9 internationale des fonds marins revient de loin. Le pr\u00e9d\u00e9cesseur de Leticia Carvalho, Michael Lodge, a r\u00e9gn\u00e9 sur l\u2019organisation internationale de 2016 \u00e0 2024. Au cours de son mandat, il a \u00e9t\u00e9 \u00e0 plusieurs reprises mis en cause pour sa proximit\u00e9 avec l\u2019industrie mini\u00e8re.<\/p>\n<h2 class=\"spip\">Exploitation des fonds marins<\/h2>\n<p>Le <i>Los Angeles Times<\/i> a notamment <a target=\"_blank\" href=\"https:\/\/www.latimes.com\/politics\/story\/2022-04-19\/gold-rush-in-the-deep-sea-raises-questions-about-international-seabed-authority\" class=\"spip_out\" rel=\"external\">d\u00e9terr\u00e9<\/a> une vid\u00e9o promotionnelle de la soci\u00e9t\u00e9 canadienne DeepGreen Metals \u2014 l\u2019ancien nom de The Metals Company, figure de proue des d\u00e9fenseurs de l\u2019exploitation mini\u00e8re des abysses \u2014 dans laquelle appara\u00eet Michael Lodge. <i>\u00ab<small class=\"fine d-inline\">\u00a0<\/small>Les ressources terrestres sont de plus en plus difficiles d\u2019acc\u00e8s. Nous avons d\u00e9j\u00e0 pris les meilleures ressources<small class=\"fine d-inline\">\u00a0<\/small>\u00bb<\/i>, d\u00e9clarait l\u2019avocat britannique dans cette publicit\u00e9 publi\u00e9e en 2018, depuis supprim\u00e9e de la plateforme Vimeo. Michael Lodge y expliquait ensuite que son organisation soutenait les projets de l\u2019entreprise, par exemple via l\u2019octroi d\u2019un contrat d\u2019exploration d\u2019une dur\u00e9e de quinze ans.<\/p>\n<p>D\u2019apr\u00e8s le <a target=\"_blank\" href=\"https:\/\/www.nytimes.com\/2022\/08\/29\/world\/deep-sea-mining.html\" class=\"spip_out\" rel=\"external\"><i>New York Times<\/i><\/a>, des hauts fonctionnaires de l\u2019Autorit\u00e9 internationale des fonds marins ont par ailleurs, sous son mandat, fourni des donn\u00e9es confidentielles sur les zones de l\u2019oc\u00e9an Pacifique les plus riches en minerais \u00e0 des cadres de The Metals Company. Michael Lodge aurait fait <a target=\"_blank\" href=\"https:\/\/www.nytimes.com\/2023\/03\/19\/us\/politics\/seabed-mining-metals-united-nations.html\" class=\"spip_out\" rel=\"external\">pression<\/a> afin d\u2019acc\u00e9l\u00e9rer le d\u00e9marrage de l\u2019exploitation mini\u00e8re en eaux profondes, dont il juge les effets <i>\u00ab<small class=\"fine d-inline\">\u00a0<\/small>pr\u00e9visibles et g\u00e9rables<small class=\"fine d-inline\">\u00a0<\/small>\u00bb<\/i>.<\/p>\n<div class=\"spip_document_89552 spip_document spip_documents spip_document_image spip_documents_center spip_document_center spip_document_avec_legende\" data-legende-len=\"235\" data-legende-lenx=\"xxx\">\n<figure class=\"spip_doc_inner\">\n      <picture><source type=\"image\/webp\" srcset=\"https:\/\/reporterre.net\/local\/cache-vignettes\/L1050xH700\/34751-6fb60.jpg@.webp?1742387365\"><img decoding=\"async\" src=\"https:\/\/reporterre.net\/IMG\/jpg\/34751.jpg\" width=\"1200\" height=\"800\" loading=\"lazy\" alt=\"\"\/><br \/>\n    <\/source><\/picture><figcaption class=\"spip_doc_legende\">\n<div class=\"spip_doc_titre\">Des nodules polym\u00e9talliques photographi\u00e9s afin d\u2019\u00e9tudier l\u2019effet potentiel d\u2019une \u00e9ventuelle exploitation. Ces gros galets situ\u00e9s entre 4 000 et 5 000 m\u00e8tres de profondeur agr\u00e8gent les minerais pr\u00e9sents dans l\u2019eau.<br \/>\n<i><a target=\"_blank\" href=\"https:\/\/image.ifremer.fr\/data\/00424\/53575\/\" class=\"spip_out\" rel=\"external\">Ifremer<\/a> \/  <span class=\"caps\">CC<\/span> <span class=\"caps\">BY<\/span> 4.0<br \/>\n<\/i><\/div>\n<\/figcaption><\/figure>\n<\/p><\/div>\n<p>Et ce, alors que les scientifiques <a target=\"_blank\" href=\"https:\/\/reporterre.net\/L-exploitation-miniere-transforme-les-fonds-marins-en-deserts\">alertent<\/a> depuis des ann\u00e9es sur les dommages irr\u00e9versibles que l\u2019industrie mini\u00e8re pourrait infliger au royaume des abysses, l\u2019habitat le plus vaste \u2014 et le moins connu \u2014 de notre plan\u00e8te. Nombre d\u2019entre elles et eux <a target=\"_blank\" href=\"https:\/\/easac.eu\/news\/details\/deep-sea-mining-press-release#:~:text=EASAC concludes that the science,the international conventions in place.\" class=\"spip_out\" rel=\"external\">recommandent<\/a> une mise en pause de tous les projets visant \u00e0 extraire cuivre, cobalt, mangan\u00e8se ou nickel des\u00a0nodules polym\u00e9talliques (des sortes de boules de p\u00e9tanque concentr\u00e9es en minerais) qui jonchent les profondeurs.<\/p>\n<p>Avec Leticia Carvalho aux manettes, les activistes \u00e9cologistes s\u2019attendent \u00e0 un virage \u00e0 180 degr\u00e9s. <i>\u00ab<small class=\"fine d-inline\">\u00a0<\/small>On peut esp\u00e9rer un vrai changement<small class=\"fine d-inline\">\u00a0<\/small>\u00bb<\/i>, estime Fran\u00e7ois Chartier, charg\u00e9 de campagne Oc\u00e9ans au sein de Greenpeace France.<\/p>\n<h2 class=\"spip\">L\u2019oc\u00e9an, \u00ab<small class=\"fine d-inline\">\u00a0<\/small>matrice de la vie<small class=\"fine d-inline\">\u00a0<\/small>\u00bb<\/h2>\n<p>La quinquag\u00e9naire, \u00e9lue par les \u00c9tats membres en juillet avec 79 voix pour et 34 contre, a d\u00e9clar\u00e9 \u00e0 plusieurs reprises vouloir rendre l\u2019organisation plus neutre et transparente. Signal encourageant\u00a0: depuis sa prise de poste, l\u2019organisation est <i>\u00ab<small class=\"fine d-inline\">\u00a0<\/small>beaucoup plus r\u00e9ceptive<small class=\"fine d-inline\">\u00a0<\/small>\u00bb<\/i> aux demandes des journalistes souhaitant assister aux s\u00e9ances, l\u00e0 o\u00f9, sous Michael Lodge, <i>\u00ab<small class=\"fine d-inline\">\u00a0<\/small>ils \u00e9taient souvent mis dans une petite salle obscure, sans fen\u00eatre, avec un \u00e9cran pour suivre \u00e0 distance<\/i>, d\u00e9crit Fran\u00e7ois Chartier. <i>Tout \u00e9tait fait pour que les m\u00e9dias ne suivent surtout pas le sujet sur place.<small class=\"fine d-inline\">\u00a0<\/small>\u00bb<\/i><\/p>\n<p>Dans son <a target=\"_blank\" href=\"https:\/\/www.isa.org.jm\/news\/leticia-carvalho-assumes-role-as-secretary-general-of-the-international-seabed-authority\/\" class=\"spip_out\" rel=\"external\">discours inaugural<\/a>, la Br\u00e9silienne, qui a fait sa carri\u00e8re dans les instances environnementales du Br\u00e9sil et des Nations Unies, a compar\u00e9 l\u2019oc\u00e9an profond \u00e0 la <i>\u00ab<small class=\"fine d-inline\">\u00a0<\/small>matrice de la vie<small class=\"fine d-inline\">\u00a0<\/small>\u00bb<\/i>. Elle a \u00e9galement <a target=\"_blank\" href=\"https:\/\/www.isa.org.jm\/news\/leticia-carvalho-assumes-role-as-secretary-general-of-the-international-seabed-authority\/\" class=\"spip_out\" rel=\"external\">annonc\u00e9<\/a> vouloir davantage dialoguer avec les scientifiques, les <span class=\"caps\">ONG<\/span> et les peuples autochtones, ces derniers n\u2019ayant jusqu\u2019\u00e0 pr\u00e9sent <i>\u00ab<small class=\"fine d-inline\">\u00a0<\/small>quasiment pas eu voix au chapitre<small class=\"fine d-inline\">\u00a0<\/small>\u00bb<\/i>, d\u00e9plore Anne-Sophie Roux.<\/p>\n<p>N\u00e9e \u00e0 Rio de Janeiro, \u00e9lev\u00e9e \u00e0 Brasilia, Leticia Carvalho est la premi\u00e8re femme et la premi\u00e8re latino-am\u00e9ricaine \u00e9lue \u00e0 la t\u00eate de l\u2019Autorit\u00e9 internationale des fonds marins. L\u2019activiste salue une avanc\u00e9e <i>\u00ab<small class=\"fine d-inline\">\u00a0<\/small>en termes de repr\u00e9sentativit\u00e9 et de diversit\u00e9<small class=\"fine d-inline\">\u00a0<\/small>\u00bb<\/i> dans les instances de gouvernance de l\u2019oc\u00e9an.<\/p>\n<p>Les activistes ne s\u2019attendent pas pour autant \u00e0 ce que Leticia Carvalho prennent fermement position contre l\u2019exploitation des abysses. <i>\u00ab<small class=\"fine d-inline\">\u00a0<\/small>Ce n\u2019est pas son r\u00f4le<\/i>, explique Fran\u00e7ois Chartier. <i>Son r\u00f4le, c\u2019est de d\u00e9fendre l\u2019institution et de la faire fonctionner correctement, en laissant de la place aux scientifiques, aux peuples autochtones\u2026<small class=\"fine d-inline\">\u00a0<\/small>\u00bb<\/i> <i>\u00ab<small class=\"fine d-inline\">\u00a0<\/small>En tant que secr\u00e9taire g\u00e9n\u00e9rale, elle doit \u00eatre neutre<\/i>, ajoute Anne-Sophie Roux. <i>Tenir ce genre de discours pourrait braquer les \u00c9tats pro-exploitation.<small class=\"fine d-inline\">\u00a0<\/small>\u00bb<\/i> Leticia Carvalho a en revanche <a target=\"_blank\" href=\"https:\/\/www.nytimes.com\/2024\/08\/02\/us\/politics\/mining-cobalt-nickel-electric-vehicle-batteries.html\" class=\"spip_out\" rel=\"external\">d\u00e9clar\u00e9<\/a> qu\u2019elle ne pensait pas que l\u2019exploitation devait commencer avant que les r\u00e9glementations environnementales soient finalis\u00e9es, m\u00eame si cela devait prendre du temps.<\/p>\n<h2 class=\"spip\">Le rapport de force s\u2019inverse<\/h2>\n<p>L\u2019experte en hydroacoustique br\u00e9silienne prend les r\u00eanes de l\u2019organisation \u00e0 un moment crucial. The Metals Company, soutenue par l\u2019\u00eele de <a target=\"_blank\" href=\"https:\/\/reporterre.net\/Nauru-l-ile-qui-veut-vendre-ses-fonds-marins\">Nauru<\/a>, pr\u00e9voit de d\u00e9poser une demande de licence d\u2019exploitation le 27\u00a0juin prochain. Un vide juridique lui permet, th\u00e9oriquement, de commencer \u00e0 ratisser le plancher oc\u00e9anique avant que le Code minier aboutisse. Les \u00c9tats membres devront statuer dans la foul\u00e9e sur cette tentative de passage en force. Leur feu sera-t-il vert, ou rouge<small class=\"fine d-inline\">\u00a0<\/small>? <i>\u00ab<small class=\"fine d-inline\">\u00a0<\/small>[Leticia Carvalho] a un r\u00f4le \u00e9norme \u00e0 jouer, en s\u2019assurant que le processus normal de prise de d\u00e9cision soit respect\u00e9, que rien ne soit adopt\u00e9 dans la pr\u00e9cipitation<small class=\"fine d-inline\">\u00a0<\/small>\u00bb<\/i>, indique Anne-Sophie Roux.<\/p>\n<p>Si la menace est r\u00e9elle, l\u2019espoir reste permis. Le rapport de force semble peu \u00e0 peu s\u2019inverser au sein de l\u2019organisation internationale. Au d\u00e9but des ann\u00e9es 2020, aucun pays ne s\u2019opposait publiquement \u00e0 l\u2019exploitation des fonds marins. Aujourd\u2019hui, 32 \u00c9tats (parmi lesquels la France, le Costa Rica, le Chili et le Br\u00e9sil) appellent officiellement \u00e0 un moratoire, au moins jusqu\u2019\u00e0 ce qu\u2019un code minier robuste entre en vigueur. Ne faisant pas partie de l\u2019Autorit\u00e9 internationale des fonds marins, Les \u00c9tats-Unis de Donald Trump ne se sont pas positionn\u00e9s sur la question.<\/p>\n<p>Une poign\u00e9e d\u2019\u00c9tats, dont la Chine, la Russie et Nauru, poussent quant \u00e0 eux pour d\u00e9marrer les bulldozers au plus vite. Le risque\u00a0: d\u00e9truire irr\u00e9m\u00e9diablement des \u00e9cosyst\u00e8mes dont il reste tout \u00e0 d\u00e9couvrir. En juillet dernier, une \u00e9quipe de scientifiques a <a target=\"_blank\" href=\"https:\/\/reporterre.net\/Oxygene-noir-une-decouverte-cruciale-pour-la-protection-des-abysses\">d\u00e9couvert<\/a> que les nodules polym\u00e9talliques sur lesquels lorgnent les industriels produisent de l\u2019oxyg\u00e8ne, source de la vie sur Terre.<\/p>\n<aside class=\"boite_encarts\">\n<div class=\"encart encart_gris noprint\">\n<p><strong>Puisque vous \u00eates l\u00e0&#8230;<\/strong><\/p>\n<p>&#8230; nous avons un petit service \u00e0 vous demander.<br class=\"autobr\"\/><br \/>\nEntre la pr\u00e9sence d\u2019un climatosceptique \u00e0 la t\u00eate de la premi\u00e8re puissance mondiale, un gouvernement fran\u00e7ais qui flirte avec l\u2019extr\u00eame-droite, et les catastrophes climatiques qui s\u2019enchainent&#8230; Faire vivre l\u2019\u00e9cologie dans le d\u00e9bat public est un enjeu crucial.<\/p>\n<p>Personne ne modifie ce que nous publions. Nous n\u2019avons ni actionnaire, ni propri\u00e9taire milliardaire \u2014 seulement une \u00e9quipe d\u2019irr\u00e9ductibles journalistes, pleine de d\u00e9termination.<\/p>\n<p>Nous avons la conviction que l\u2019urgence \u00e9cologique est l\u2019enjeu majeur de notre \u00e9poque. Et comme plus de 2 millions de lectrices et lecteurs chaque mois, vous partagez sans doute cette conviction&#8230;<\/p>\n<p><strong>Depuis 12 ans, nous publions des articles de qualit\u00e9 sur l\u2019\u00e9cologie, en acc\u00e8s libre et sans publicit\u00e9, pour tous.<\/strong><br class=\"autobr\"\/><br \/>\nMais ce travail demande beaucoup de temps et de ressources.<\/p>\n<p>Alors, si vous en avez les moyens, sachez qu\u2019un don, m\u00eame d\u20191\u20ac, est un acte de soutien fort pour l\u2019\u00e9cologie et le journalisme ind\u00e9pendant.<br class=\"autobr\"\/><br \/>\n(Et \u00e7a vous prendra moins de temps que la lecture de ce texte).<\/p>\n<p><strong>Si vous le pouvez, choisissez un soutien mensuel. Merci.<\/strong><\/p>\n<p><a target=\"_blank\" href=\"https:\/\/reporterre.net\/dons\" class=\"bt_soutenir\">Je soutiens <i>Reporterre<\/i><\/a><\/p>\n<\/p><\/div>\n<div class=\"encart encart_vert noprint montre_1023\">\n<div class=\"infolettre-form-container noprint\">\n<p>Abonnez-vous \u00e0 la lettre d\u2019info de Reporterre<\/p>\n<\/div><\/div>\n<\/aside>\n<aside class=\"boite_apresarticle encart_note\">\n<h4>Apr\u00e8s cet article<\/h4>\n<p>      <a target=\"_blank\" href=\"https:\/\/reporterre.net\/L-exploitation-miniere-transforme-les-fonds-marins-en-deserts\" class=\"lien_article\">\n      <picture class=\"vignette_gauche\"><source type=\"image\/webp\" srcset=\"https:\/\/reporterre.net\/local\/cache-vignettes\/L450xH300\/26697_1_1_-b968e.jpg@.webp?1737369106\"><img decoding=\"async\" src=\"https:\/\/reporterre.net\/local\/cache-vignettes\/L450xH300\/26697_1_1_-b968e.jpg?1737369106\" width=\"450\" height=\"300\" alt=\"\" class=\"marge12\" loading=\"lazy\"\/><br \/>\n<\/source><\/picture>\n<p class=\"libelle\">\n<p>      Oc\u00e9ans\n    <\/p>\n<p class=\"titre pol20\">L\u2019exploitation mini\u00e8re transforme les fonds marins en d\u00e9serts<\/p>\n<p>      <\/a><br \/>\n    <\/aside>\n<aside class=\"boite_complement texte\">\n<p>      <!-- zone_forum --><br \/>\n          <\/aside>\n<aside class=\"boite_lireaussi noprint\">\n<\/aside>\n<aside class=\"colonne\">\n<div class=\"article_info cache_1023 noprint\">\n<p>    <span class=\"date\">19 mars 2025  \u00e0 17h13<\/span><\/p>\n<p class=\"duree_lecture\">\n        Dur\u00e9e de lecture : 6 minutes\n      <\/p>\n<\/p><\/div>\n<div class=\"bloc_infolettre\">\n<div class=\"infolettre-form-container noprint\">\n<p>Abonnez-vous \u00e0 la lettre d\u2019info de Reporterre<\/p>\n<\/div><\/div>\n<\/aside>\n<div id=\"galerie\">\n  <img decoding=\"async\" src=\"\" class=\"principale\" id=\"principale\"\/><\/p>\n<p id=\"legende\">legende<\/p>\n<\/div>\n<footer class=\"noprint\">\n<\/footer>\n<\/div>\n<p><br \/>\n<br \/><a href=\"https:\/\/reporterre.net\/L-oceanographe-Leticia-Carvalho-un-espoir-pour-les-fonds-marins\" target=\"_blank\"\">Source link <\/a><\/p>\n","protected":false},"excerpt":{"rendered":"<p>L\u2019horizon s\u2019\u00e9claircit quelque peu pour les abysses. Depuis le 17\u00a0mars, et jusqu\u2019au 28, les 168 \u00c9tats membres de l\u2019Autorit\u00e9 internationale des fonds marins sont r\u00e9unis \u00e0 Kingston, en Jama\u00efque, afin&hellip; <\/p>\n","protected":false},"author":1,"featured_media":4791,"comment_status":"open","ping_status":"open","sticky":false,"template":"","format":"standard","meta":{"footnotes":""},"categories":[1],"tags":[],"class_list":["post-4790","post","type-post","status-publish","format-standard","has-post-thumbnail","hentry","category-non-classe"],"_links":{"self":[{"href":"https:\/\/monde25.info\/index.php\/wp-json\/wp\/v2\/posts\/4790","targetHints":{"allow":["GET"]}}],"collection":[{"href":"https:\/\/monde25.info\/index.php\/wp-json\/wp\/v2\/posts"}],"about":[{"href":"https:\/\/monde25.info\/index.php\/wp-json\/wp\/v2\/types\/post"}],"author":[{"embeddable":true,"href":"https:\/\/monde25.info\/index.php\/wp-json\/wp\/v2\/users\/1"}],"replies":[{"embeddable":true,"href":"https:\/\/monde25.info\/index.php\/wp-json\/wp\/v2\/comments?post=4790"}],"version-history":[{"count":0,"href":"https:\/\/monde25.info\/index.php\/wp-json\/wp\/v2\/posts\/4790\/revisions"}],"wp:featuredmedia":[{"embeddable":true,"href":"https:\/\/monde25.info\/index.php\/wp-json\/wp\/v2\/media\/4791"}],"wp:attachment":[{"href":"https:\/\/monde25.info\/index.php\/wp-json\/wp\/v2\/media?parent=4790"}],"wp:term":[{"taxonomy":"category","embeddable":true,"href":"https:\/\/monde25.info\/index.php\/wp-json\/wp\/v2\/categories?post=4790"},{"taxonomy":"post_tag","embeddable":true,"href":"https:\/\/monde25.info\/index.php\/wp-json\/wp\/v2\/tags?post=4790"}],"curies":[{"name":"wp","href":"https:\/\/api.w.org\/{rel}","templated":true}]}}