{"id":4792,"date":"2025-03-20T00:39:10","date_gmt":"2025-03-19T23:39:10","guid":{"rendered":"https:\/\/monde25.info\/index.php\/2025\/03\/20\/ri-zap-du-19-mars-2025-zelensky-lache-par-ladministration-trump\/"},"modified":"2025-03-20T00:39:10","modified_gmt":"2025-03-19T23:39:10","slug":"ri-zap-du-19-mars-2025-zelensky-lache-par-ladministration-trump","status":"publish","type":"post","link":"https:\/\/monde25.info\/index.php\/2025\/03\/20\/ri-zap-du-19-mars-2025-zelensky-lache-par-ladministration-trump\/","title":{"rendered":"RI Zap du 19 mars 2025 : Zelensky l\u00e2ch\u00e9 par l\u2019administration Trump"},"content":{"rendered":"<p> <br \/>\n<\/p>\n<div>\n<p>\u00abCe sont les m\u00eames \u00c9tats-Unis d\u2019Am\u00e9rique qui hier disaient le caract\u00e8re vital de cette guerre pour la plan\u00e8te, pour la civilisation, qui aujourd\u2019hui lui font comprendre qu\u2019il n\u2019aurait jamais d\u00fb partir en guerre, qu\u2019il a eu tort et que d\u00e9sormais il doit accepter d\u2019y mettre un terme sans condition. <\/p>\n<p>On lui impose la reddition, les millions de morts d\u00e9plor\u00e9s et la destruction de son pays, c\u2019est cadeau\u00bb.<\/p>\n<p><iframe id=\"odysee-iframe\" style=\"width:100%; aspect-ratio:16 \/ 9;\" src=\"https:\/\/odysee.com\/%24\/embed\/%40R%C3%A9seauinternational%3A5%2FRI-Zap-du-19-mars-2025---Zelensky-la%CC%82che%CC%81-par-l%E2%80%99administration-Trump%3Aa?r=2fAyFXpN9K3xTqjhUHaRVn7UAq4nn7Wm\" allowfullscreen=\"\"><\/iframe><\/p>\n<p><iframe loading=\"lazy\" title=\"RI Zap du 19 mars 2025 : Zelensky l\u00e2ch\u00e9 par l\u2019administration Trump\" width=\"1110\" height=\"624\" src=\"https:\/\/www.youtube.com\/embed\/scR7CmsfX_I?feature=oembed\" frameborder=\"0\" allow=\"accelerometer; autoplay; clipboard-write; encrypted-media; gyroscope; picture-in-picture; web-share\" referrerpolicy=\"strict-origin-when-cross-origin\" allowfullscreen><\/iframe><\/p>\n<figure class=\"wp-block-embed is-type-rich is-provider-twitter wp-block-embed-twitter\">\n<div class=\"wp-block-embed__wrapper\">\n<blockquote class=\"twitter-tweet\" data-width=\"550\" data-dnt=\"true\">\n<p lang=\"fr\" dir=\"ltr\">RI Zap du 19 mars 2025 : Zelensky l\u00e2ch\u00e9 par l\u2019administration Trump<\/p>\n<p>\u00abCe sont les m\u00eames \u00c9tats-Unis d\u2019Am\u00e9rique qui hier disaient le caract\u00e8re vital de cette guerre pour la plan\u00e8te, pour la civilisation, qui aujourd\u2019hui lui font comprendre qu\u2019il n\u2019aurait jamais d\u00fb partir en guerre,\u2026 <a target=\"_blank\" href=\"https:\/\/t.co\/aFuuOinXCo\">pic.twitter.com\/aFuuOinXCo<\/a><\/p>\n<p>\u2014 R\u00e9seau International (@reseau_internat) <a target=\"_blank\" href=\"https:\/\/twitter.com\/reseau_internat\/status\/1902218082082550254?ref_src=twsrc%5Etfw\">March 19, 2025<\/a><\/p><\/blockquote>\n<\/div>\n<\/figure>\n<p>sources :<\/p>\n<p><a target=\"_blank\" href=\"https:\/\/t.me\/Ritvzap\/3778\" target=\"_blank\" rel=\"noopener\" title=\"\">Telegram\/RI TV<\/a><\/p>\n<p><a target=\"_blank\" href=\"https:\/\/www.youtube.com\/watch?v=scR7CmsfX_I&amp;t=54s\" target=\"_blank\" rel=\"noopener\" title=\"\">YouTube\/R\u00e9seau International<\/a><\/p>\n<p><a target=\"_blank\" href=\"https:\/\/odysee.com\/@R%C3%A9seauinternational:5\/RI-Zap-du-19-mars-2025---Zelensky-la%CC%82che%CC%81-par-l%E2%80%99administration-Trump:a\" target=\"_blank\" rel=\"noopener\" title=\"\">Odysee\/R\u00e9seau International<\/a><\/p>\n<div class=\"sharedaddy sd-block sd-like jetpack-likes-widget-wrapper jetpack-likes-widget-unloaded\" id=\"like-post-wrapper-237719536-448459-67db436cdb4e3\" data-src=\"https:\/\/widgets.wp.com\/likes\/?ver=14.2.1#blog_id=237719536&amp;post_id=448459&amp;origin=reseauinternational.net&amp;obj_id=237719536-448459-67db436cdb4e3&amp;n=1\" data-name=\"like-post-frame-237719536-448459-67db436cdb4e3\" data-title=\"Aimer ou rebloguer\">\n<h3 class=\"sd-title\">J\u2019aime \u00e7a\u00a0:<\/h3>\n<p><span class=\"button\"><span>J\u2019aime<\/span><\/span> <span class=\"loading\">chargement\u2026<\/span><\/p>\n<p><span class=\"sd-text-color\"\/><a target=\"_blank\" class=\"sd-link-color\"\/><\/div>\n<p><meta itemscope=\"\" itemprop=\"mainEntityOfPage\" itemtype=\"https:\/\/schema.org\/WebPage\" itemid=\"https:\/\/reseauinternational.net\/ri-zap-du-19-mars-2025-zelensky-lache-par-ladministration-trump\/\"\/><meta itemprop=\"headline\" content=\"RI Zap du 19 mars 2025 : Zelensky l\u00e2ch\u00e9 par l\u2019administration Trump\"\/><span style=\"display: none;\" itemprop=\"author\" itemscope=\"\" itemtype=\"https:\/\/schema.org\/Person\"><meta itemprop=\"name\" content=\"R\u00e9seau International\"\/><\/span><span style=\"display: none;\" itemprop=\"image\" itemscope=\"\" itemtype=\"https:\/\/schema.org\/ImageObject\"><meta itemprop=\"url\" content=\"https:\/\/i0.wp.com\/reseauinternational.net\/wp-content\/uploads\/2025\/03\/Sans-titre-7.jpg?fit=800%2C467&amp;quality=100&amp;ssl=1\"\/><meta itemprop=\"width\" content=\"800\"\/><meta itemprop=\"height\" content=\"467\"\/><\/span><span style=\"display: none;\" itemprop=\"publisher\" itemscope=\"\" itemtype=\"https:\/\/schema.org\/Organization\"><span style=\"display: none;\" itemprop=\"logo\" itemscope=\"\" itemtype=\"https:\/\/schema.org\/ImageObject\"><meta itemprop=\"url\" content=\"https:\/\/reseauinternational.net\/wp-content\/uploads\/2022\/06\/Capture-de\u0301cran-2022-06-14-a\u0300-16.51.07.png\"\/><\/span><meta itemprop=\"name\" content=\"R\u00e9seau International\"\/><\/span><meta itemprop=\"datePublished\" content=\"2025-03-19T20:34:15+00:00\"\/><meta itemprop=\"dateModified\" content=\"2025-03-19T20:34:32+00:00\"\/><\/div>\n<p><script async src=\"\/\/platform.twitter.com\/widgets.js\" charset=\"utf-8\"><\/script><br \/>\n<br \/><br \/>\n<br \/><a href=\"https:\/\/reseauinternational.net\/ri-zap-du-19-mars-2025-zelensky-lache-par-ladministration-trump\/\" target=\"_blank\"\">Source link <\/a><\/p>\n","protected":false},"excerpt":{"rendered":"<p>\u00abCe sont les m\u00eames \u00c9tats-Unis d\u2019Am\u00e9rique qui hier disaient le caract\u00e8re vital de cette guerre pour la plan\u00e8te, pour la civilisation, qui aujourd\u2019hui lui font comprendre qu\u2019il n\u2019aurait jamais d\u00fb&hellip; <\/p>\n","protected":false},"author":1,"featured_media":4793,"comment_status":"open","ping_status":"open","sticky":false,"template":"","format":"standard","meta":{"footnotes":""},"categories":[1],"tags":[],"class_list":["post-4792","post","type-post","status-publish","format-standard","has-post-thumbnail","hentry","category-non-classe"],"_links":{"self":[{"href":"https:\/\/monde25.info\/index.php\/wp-json\/wp\/v2\/posts\/4792","targetHints":{"allow":["GET"]}}],"collection":[{"href":"https:\/\/monde25.info\/index.php\/wp-json\/wp\/v2\/posts"}],"about":[{"href":"https:\/\/monde25.info\/index.php\/wp-json\/wp\/v2\/types\/post"}],"author":[{"embeddable":true,"href":"https:\/\/monde25.info\/index.php\/wp-json\/wp\/v2\/users\/1"}],"replies":[{"embeddable":true,"href":"https:\/\/monde25.info\/index.php\/wp-json\/wp\/v2\/comments?post=4792"}],"version-history":[{"count":0,"href":"https:\/\/monde25.info\/index.php\/wp-json\/wp\/v2\/posts\/4792\/revisions"}],"wp:featuredmedia":[{"embeddable":true,"href":"https:\/\/monde25.info\/index.php\/wp-json\/wp\/v2\/media\/4793"}],"wp:attachment":[{"href":"https:\/\/monde25.info\/index.php\/wp-json\/wp\/v2\/media?parent=4792"}],"wp:term":[{"taxonomy":"category","embeddable":true,"href":"https:\/\/monde25.info\/index.php\/wp-json\/wp\/v2\/categories?post=4792"},{"taxonomy":"post_tag","embeddable":true,"href":"https:\/\/monde25.info\/index.php\/wp-json\/wp\/v2\/tags?post=4792"}],"curies":[{"name":"wp","href":"https:\/\/api.w.org\/{rel}","templated":true}]}}