{"id":4794,"date":"2025-03-20T01:12:16","date_gmt":"2025-03-20T00:12:16","guid":{"rendered":"https:\/\/monde25.info\/index.php\/2025\/03\/20\/la-politique-monetaire-plombe-les-comptes-de-la-banque-de-france\/"},"modified":"2025-03-20T01:12:16","modified_gmt":"2025-03-20T00:12:16","slug":"la-politique-monetaire-plombe-les-comptes-de-la-banque-de-france","status":"publish","type":"post","link":"https:\/\/monde25.info\/index.php\/2025\/03\/20\/la-politique-monetaire-plombe-les-comptes-de-la-banque-de-france\/","title":{"rendered":"La politique mon\u00e9taire plombe les comptes de la Banque de France"},"content":{"rendered":"<p> <br \/>\n<\/p>\n<div>\n<p><span data-contrast=\"auto\">La Banque de France a publi\u00e9 mercredi une perte nette record pour l&rsquo;ann\u00e9e 2024, de 7,7 milliards d&rsquo;euros, cons\u00e9quence des taux \u00e9lev\u00e9s fix\u00e9s par la Banque centrale europ\u00e9enne (BCE) l&rsquo;an dernier et malgr\u00e9 le secours d&rsquo;une partie de ses r\u00e9serves.<\/span><span data-ccp-props=\"{&quot;134233117&quot;:false,&quot;134233118&quot;:false,&quot;335559738&quot;:300,&quot;335559739&quot;:300}\">\u00a0<\/span><\/p>\n<p><span data-contrast=\"auto\">\u00ab\u00a0C&rsquo;est un chiffre qui n&rsquo;a pas exist\u00e9 dans l&rsquo;histoire de la Banque de France\u00a0\u00bb, a comment\u00e9 son gouverneur Fran\u00e7ois Villeroy de Galhau lors d&rsquo;une conf\u00e9rence de presse, \u00ab\u00a0et qui n&rsquo;existera plus non plus dans l&rsquo;avenir pr\u00e9visible\u00a0\u00bb.<\/span><span data-ccp-props=\"{&quot;134233117&quot;:false,&quot;134233118&quot;:false,&quot;335559738&quot;:300,&quot;335559739&quot;:300}\">\u00a0<\/span><\/p>\n<p><span data-contrast=\"auto\">Dans le d\u00e9tail, la Banque de France affiche une perte op\u00e9rationnelle de 17,9 milliards d&rsquo;euros compens\u00e9e \u00e0 hauteur de 10,1 milliards d&rsquo;euros par des r\u00e9serves constitu\u00e9es par le pass\u00e9.<\/span><span data-ccp-props=\"{&quot;134233117&quot;:false,&quot;134233118&quot;:false,&quot;335559738&quot;:300,&quot;335559739&quot;:300}\">\u00a0<\/span><\/p>\n<p><span data-contrast=\"auto\">Elle accusait d\u00e9j\u00e0 une perte op\u00e9rationnelle en 2023, de 12,4 milliards d&rsquo;euros, mais l&rsquo;avait alors enti\u00e8rement compens\u00e9e pour publier un r\u00e9sultat net \u00e0 z\u00e9ro.<\/span><span data-ccp-props=\"{&quot;134233117&quot;:false,&quot;134233118&quot;:false,&quot;335559738&quot;:300,&quot;335559739&quot;:300}\">\u00a0<\/span><\/p>\n<p><span data-contrast=\"auto\">La perte nette, qui prive l\u2019\u00c9tat d&rsquo;imp\u00f4ts et de dividendes, est la cons\u00e9quence de \u00ab\u00a0la succession de deux \u00e9pisodes dont chacun d&rsquo;eux \u00e9tait hautement improbables et dont l&rsquo;enchainement \u00e9tait absolument exceptionnel\u00a0\u00bb, a r\u00e9sum\u00e9 M. Villeroy de Galhau: le Covid-19 en 2020 et l&rsquo;invasion de l&rsquo;Ukraine par la Russie deux ans plus tard.<\/span><span data-ccp-props=\"{&quot;134233117&quot;:false,&quot;134233118&quot;:false,&quot;335559738&quot;:300,&quot;335559739&quot;:300}\">\u00a0<\/span><\/p>\n<p><span data-contrast=\"auto\">Ces deux \u00e9v\u00e9nements, d\u00e9flationniste pour le premier et inflationniste pour le second, ont entra\u00een\u00e9 deux r\u00e9ponses de politiques mon\u00e9taires tr\u00e8s diff\u00e9rentes de la BCE, appliqu\u00e9es par l&rsquo;ensemble des banques centrales de la zone euro.<\/span><span data-ccp-props=\"{&quot;134233117&quot;:false,&quot;134233118&quot;:false,&quot;335559738&quot;:300,&quot;335559739&quot;:300}\">\u00a0<\/span><\/p>\n<p><span data-contrast=\"auto\">La Banque de France a dans un premier cycle de taux bas achet\u00e9 \u00e0 tour de bras des obligations d&rsquo;\u00c9tats et d&rsquo;entreprises dont les int\u00e9r\u00eats sont fixes et assez faibles, de l&rsquo;ordre de 0,7%, qu&rsquo;elle conserve \u00e0 son bilan pendant des ann\u00e9es.<\/span><span data-ccp-props=\"{&quot;134233117&quot;:false,&quot;134233118&quot;:false,&quot;335559738&quot;:300,&quot;335559739&quot;:300}\">\u00a0<\/span><\/p>\n<p><span data-contrast=\"auto\">Mais elle doit dans le m\u00eame temps r\u00e9mun\u00e9rer les d\u00e9p\u00f4ts des banques \u00e0 un taux variable, que la BCE fixe r\u00e9union apr\u00e8s r\u00e9union, orient\u00e9 aujourd&rsquo;hui \u00e0 la baisse mais qui est mont\u00e9 jusqu&rsquo;\u00e0 4%.<\/span><span data-ccp-props=\"{&quot;134233117&quot;:false,&quot;134233118&quot;:false,&quot;335559738&quot;:300,&quot;335559739&quot;:300}\">\u00a0<\/span><\/p>\n<p><span data-contrast=\"auto\">C&rsquo;est la diff\u00e9rence entre ces deux taux qui creuse la facture pour la Banque de France.<\/span><span data-ccp-props=\"{&quot;134233117&quot;:false,&quot;134233118&quot;:false,&quot;335559738&quot;:300,&quot;335559739&quot;:300}\">\u00a0<\/span><\/p>\n<p><span data-contrast=\"auto\">\u00ab\u00a0La situation financi\u00e8re de la Banque de France est suffisamment solide\u00a0\u00bb, a insist\u00e9 M. Villeroy de Galhau, qui a pr\u00e9venu que la perte pour 2025 serait moindre et a \u00e9cart\u00e9 tout besoin de recapitalisation de la part de l\u2019\u00c9tat actionnaire.<\/span><span data-ccp-props=\"{&quot;134233117&quot;:false,&quot;134233118&quot;:false,&quot;335559738&quot;:300,&quot;335559739&quot;:300}\">\u00a0<\/span><\/p>\n<p><span data-contrast=\"auto\">Les comptes de la banque centrale allemande ont aussi \u00e9t\u00e9 affect\u00e9s : elle a fait \u00e9tat le 25 f\u00e9vrier d&rsquo;une perte historique de 19,2 milliards d&rsquo;euros en 2024, sa premi\u00e8re depuis 1979.<\/span><span data-ccp-props=\"{&quot;134233117&quot;:false,&quot;134233118&quot;:false,&quot;335559738&quot;:300,&quot;335559739&quot;:300}\">\u00a0<\/span><\/p>\n<p><span data-ccp-props=\"{}\">\u00a0<\/span><\/p>\n<\/div>\n<p><script>(function(d, s, id) {  var js, fjs = d.getElementsByTagName(s)[0];  if (d.getElementById(id)) return;  js = d.createElement(s); js.id = id;  js.src = \"\/\/connect.facebook.net\/fr_FR\/sdk.js#xfbml=1&version=v2.3\";  fjs.parentNode.insertBefore(js, fjs);}(document, \"script\", \"facebook-jssdk\"));<\/script><br \/>\n<br \/><br \/>\n<br \/><a href=\"https:\/\/www.francesoir.fr\/politique-france\/la-politique-monetaire-plombe-les-comptes-de-la-banque-de-france\" target=\"_blank\"\">Source link <\/a><\/p>\n","protected":false},"excerpt":{"rendered":"<p>La Banque de France a publi\u00e9 mercredi une perte nette record pour l&rsquo;ann\u00e9e 2024, de 7,7 milliards d&rsquo;euros, cons\u00e9quence des taux \u00e9lev\u00e9s fix\u00e9s par la Banque centrale europ\u00e9enne (BCE) l&rsquo;an&hellip; <\/p>\n","protected":false},"author":1,"featured_media":4795,"comment_status":"open","ping_status":"open","sticky":false,"template":"","format":"standard","meta":{"footnotes":""},"categories":[1],"tags":[],"class_list":["post-4794","post","type-post","status-publish","format-standard","has-post-thumbnail","hentry","category-non-classe"],"_links":{"self":[{"href":"https:\/\/monde25.info\/index.php\/wp-json\/wp\/v2\/posts\/4794","targetHints":{"allow":["GET"]}}],"collection":[{"href":"https:\/\/monde25.info\/index.php\/wp-json\/wp\/v2\/posts"}],"about":[{"href":"https:\/\/monde25.info\/index.php\/wp-json\/wp\/v2\/types\/post"}],"author":[{"embeddable":true,"href":"https:\/\/monde25.info\/index.php\/wp-json\/wp\/v2\/users\/1"}],"replies":[{"embeddable":true,"href":"https:\/\/monde25.info\/index.php\/wp-json\/wp\/v2\/comments?post=4794"}],"version-history":[{"count":0,"href":"https:\/\/monde25.info\/index.php\/wp-json\/wp\/v2\/posts\/4794\/revisions"}],"wp:featuredmedia":[{"embeddable":true,"href":"https:\/\/monde25.info\/index.php\/wp-json\/wp\/v2\/media\/4795"}],"wp:attachment":[{"href":"https:\/\/monde25.info\/index.php\/wp-json\/wp\/v2\/media?parent=4794"}],"wp:term":[{"taxonomy":"category","embeddable":true,"href":"https:\/\/monde25.info\/index.php\/wp-json\/wp\/v2\/categories?post=4794"},{"taxonomy":"post_tag","embeddable":true,"href":"https:\/\/monde25.info\/index.php\/wp-json\/wp\/v2\/tags?post=4794"}],"curies":[{"name":"wp","href":"https:\/\/api.w.org\/{rel}","templated":true}]}}