{"id":480,"date":"2024-11-19T20:17:02","date_gmt":"2024-11-19T19:17:02","guid":{"rendered":"https:\/\/monde25.info\/index.php\/2024\/11\/19\/les-abeilles-sauvages-victimes-oubliees-des-pesticides\/"},"modified":"2024-11-19T20:17:02","modified_gmt":"2024-11-19T19:17:02","slug":"les-abeilles-sauvages-victimes-oubliees-des-pesticides","status":"publish","type":"post","link":"https:\/\/monde25.info\/index.php\/2024\/11\/19\/les-abeilles-sauvages-victimes-oubliees-des-pesticides\/","title":{"rendered":"Les abeilles sauvages, victimes oubli\u00e9es des pesticides"},"content":{"rendered":"<p> <br \/>\n<br \/><img loading=\"lazy\" decoding=\"async\" src=\"https:\/\/reporterre.net\/local\/cache-vignettes\/L700xH467\/screenshot_2024-11-19_at_17-08-35_peponapis_pruinosacane-12_-_picryl_-_public_domain_media_search_engine_public_domain_search-c1350.jpg?1732034098\" class=\"spip_logo\" width=\"700\" height=\"467\" alt=\"\" \/><\/p>\n<p>Les abeilles sauvages qui nichent au sol sont particuli\u00e8rement vuln\u00e9rables aux pesticides. C&rsquo;est le constat d&rsquo;une \u00e9tude publi\u00e9e le 14\u00a0novembre dans Science. Or ces insectes passent sous les radars des \u00e9valuations de risque des pesticides. Ces derni\u00e8res sont en effet r\u00e9alis\u00e9es principalement sur d&rsquo;autres abeilles, les domestiques qui produisent le miel. <br class=\"autobr\" \/><br \/>\n\u00ab<small class=\"fine d-inline\">\u00a0<\/small>Nous avons d\u00e9couvert que 70<small class=\"fine d-inline\">\u00a0<\/small>% des esp\u00e8ces d&rsquo;abeilles sauvages, indispensables \u00e0 la pollinisation des cultures vivri\u00e8res, sont grandement\u00a0(\u2026)<\/p>\n<p>                    <a target=\"_blank\" href=\"https:\/\/reporterre.net\/Les-abeilles-sauvages-plus-sensibles-aux-pesticides-que-les-abeilles-domestiques?utm_source=RSS&amp;utm_medium=RSS\">Lire la suite<\/a><\/p>\n<p>                    &#8211;<br \/>\n                        <a target=\"_blank\" href=\"https:\/\/reporterre.net\/Breves-20\" rel=\"directory\">En bref<\/a><\/p>\n<p>                    \/<br \/>\n                        <a target=\"_blank\" href=\"https:\/\/reporterre.net\/Animaux\" rel=\"tag\">Animaux<\/a><br \/>\n                    ,<br \/>\n                        <a target=\"_blank\" href=\"https:\/\/reporterre.net\/Nature\" rel=\"tag\">Nature<\/a><br \/>\n<br \/><br \/>\n<br \/><a href=\"https:\/\/reporterre.net\/Les-abeilles-sauvages-plus-sensibles-aux-pesticides-que-les-abeilles-domestiques\" target=\"_blank\"\">Source link <\/a><\/p>\n","protected":false},"excerpt":{"rendered":"<p>Les abeilles sauvages qui nichent au sol sont particuli\u00e8rement vuln\u00e9rables aux pesticides. C&rsquo;est le constat d&rsquo;une \u00e9tude publi\u00e9e le 14\u00a0novembre dans Science. Or ces insectes passent sous les radars des&hellip; <\/p>\n","protected":false},"author":1,"featured_media":481,"comment_status":"open","ping_status":"open","sticky":false,"template":"","format":"standard","meta":{"footnotes":""},"categories":[1],"tags":[],"class_list":["post-480","post","type-post","status-publish","format-standard","has-post-thumbnail","hentry","category-non-classe"],"_links":{"self":[{"href":"https:\/\/monde25.info\/index.php\/wp-json\/wp\/v2\/posts\/480","targetHints":{"allow":["GET"]}}],"collection":[{"href":"https:\/\/monde25.info\/index.php\/wp-json\/wp\/v2\/posts"}],"about":[{"href":"https:\/\/monde25.info\/index.php\/wp-json\/wp\/v2\/types\/post"}],"author":[{"embeddable":true,"href":"https:\/\/monde25.info\/index.php\/wp-json\/wp\/v2\/users\/1"}],"replies":[{"embeddable":true,"href":"https:\/\/monde25.info\/index.php\/wp-json\/wp\/v2\/comments?post=480"}],"version-history":[{"count":0,"href":"https:\/\/monde25.info\/index.php\/wp-json\/wp\/v2\/posts\/480\/revisions"}],"wp:featuredmedia":[{"embeddable":true,"href":"https:\/\/monde25.info\/index.php\/wp-json\/wp\/v2\/media\/481"}],"wp:attachment":[{"href":"https:\/\/monde25.info\/index.php\/wp-json\/wp\/v2\/media?parent=480"}],"wp:term":[{"taxonomy":"category","embeddable":true,"href":"https:\/\/monde25.info\/index.php\/wp-json\/wp\/v2\/categories?post=480"},{"taxonomy":"post_tag","embeddable":true,"href":"https:\/\/monde25.info\/index.php\/wp-json\/wp\/v2\/tags?post=480"}],"curies":[{"name":"wp","href":"https:\/\/api.w.org\/{rel}","templated":true}]}}