{"id":4806,"date":"2025-03-20T06:12:30","date_gmt":"2025-03-20T05:12:30","guid":{"rendered":"https:\/\/monde25.info\/index.php\/2025\/03\/20\/incendies-cyclones-un-nombre-record-dexiles-climatiques-en-2024\/"},"modified":"2025-03-20T06:12:30","modified_gmt":"2025-03-20T05:12:30","slug":"incendies-cyclones-un-nombre-record-dexiles-climatiques-en-2024","status":"publish","type":"post","link":"https:\/\/monde25.info\/index.php\/2025\/03\/20\/incendies-cyclones-un-nombre-record-dexiles-climatiques-en-2024\/","title":{"rendered":"Incendies, cyclones&#8230; Un nombre record d\u2019exil\u00e9s climatiques en 2024"},"content":{"rendered":"<p> <br \/>\n<\/p>\n<div style=\"position:relative;\">\n        <picture><source type=\"image\/webp\" srcset=\"https:\/\/reporterre.net\/local\/cache-vignettes\/L720xH480\/chido_2024-12-14_1000z_1_-2-66eb2.jpg@.webp?1742389470\"><img loading=\"lazy\" decoding=\"async\" src=\"https:\/\/reporterre.net\/local\/cache-vignettes\/L720xH480\/chido_2024-12-14_1000z_1_-2-66eb2.jpg?1742389470\" width=\"720\" height=\"480\" alt=\"Incendies, cyclones... Un nombre record d'exil\u00e9s climatiques en 2024\" class=\"image_logo voir_logo\"\/><\/p>\n<p><\/source><\/picture>\n<p class=\"legende_logo\">Le cyclone Chido, le 14 d\u00e9cembre 2024.  <span class=\"copyright_logo\">&#8211; Wikimedia Commons \/ Public domain \/ Nasa<\/span><\/p>\n<p class=\"legende_logo_480\">Le cyclone Chido, le 14 d\u00e9cembre 2024.  <span class=\"copyright_logo\">&#8211; Wikimedia Commons \/ Public domain \/ Nasa<\/span><\/p>\n<\/p><\/div>\n<div>\n        <span class=\"date\">19 mars 2025  \u00e0 16h38<\/span><\/p>\n<p class=\"duree_lecture\">\n        Dur\u00e9e de lecture : 1 minute\n      <\/p>\n<\/p><\/div>\n<div>\n<p>Des centaines de milliers de personnes ont d\u00fb fuir les incendies, cyclones, s\u00e9cheresses et autres al\u00e9as climatiques en 2024. Un sombre record depuis 2008, assure l\u2019Organisation m\u00e9t\u00e9orologique mondiale (<span class=\"caps\">OMM<\/span>) dans <a target=\"_blank\" href=\"https:\/\/wmo.int\/news\/media-centre\/wmo-report-documents-spiralling-weather-and-climate-impacts\" class=\"spip_out\" rel=\"external\">son rapport annuel<\/a>.<\/p>\n<p>Au lendemain du cyclone Chido, quelque 100\u00a0000 exil\u00e9s climatiques ont notamment \u00e9t\u00e9 recens\u00e9s au Mozambique. Bien que les pays pauvres soient les plus durement frapp\u00e9s, l\u2019Europe et l\u2019Am\u00e9rique du Nord ne sont pas \u00e9pargn\u00e9es pour autant. Les <a target=\"_blank\" href=\"https:\/\/reporterre.net\/Inondations-en-Espagne-Je-priais-pour-que-mes-enfants-s-en-sortent\">inondations meurtri\u00e8res \u00e0 Valence<\/a>, en Espagne, ainsi que les m\u00e9gafeux canadiens et \u00e9tasuniens ont contraint plus de 300\u00a0000 habitants \u00e0 abandonner leur maison menac\u00e9e ou d\u00e9truite.<\/p>\n<p>Celeste Saulo, secr\u00e9taire g\u00e9n\u00e9rale de l\u2019agence onusienne, appelle la communaut\u00e9 internationale \u00e0 investir d\u2019urgence dans des \u00e9quipements d\u2019alerte pr\u00e9coce\u00a0: <i>\u00ab<small class=\"fine d-inline\">\u00a0<\/small>Nous r\u00e9alisons des progr\u00e8s, mais il faut aller plus loin et plus vite. Seule la moiti\u00e9 des pays du monde dispose de syst\u00e8mes ad\u00e9quats.<small class=\"fine d-inline\">\u00a0<\/small>\u00bb<\/i><\/p>\n<p>Cette d\u00e9claration s\u2019inscrit dans une v\u00e9ritable p\u00e9riode d\u2019incertitude, li\u00e9e au retour de Donald Trump \u00e0 la pr\u00e9sidence des \u00c9tats-Unis. Ouvertement climatod\u00e9nialiste, le milliardaire new-yorkais a d\u00e9j\u00e0 licenci\u00e9 des centaines de scientifiques et experts. Il a par ailleurs nomm\u00e9 \u00e0 la t\u00eate de la <span class=\"caps\">NOAA<\/span>, principale agence des \u00c9tats-Unis charg\u00e9e des pr\u00e9visions m\u00e9t\u00e9orologiques, <a target=\"_blank\" href=\"https:\/\/reporterre.net\/Trump-nomme-un-meteorologue-controverse-a-la-tete-d-une-importante-agence-scientifique\">un climatologue ayant induit en erreur<\/a> la population concernant le passage d\u2019un ouragan en 2019.<\/p>\n<aside class=\"boite_encarts\">\n<div class=\"encart encart_gris noprint\">\n<p><strong>Puisque vous \u00eates l\u00e0&#8230;<\/strong><\/p>\n<p>&#8230; nous avons un petit service \u00e0 vous demander.<br class=\"autobr\"\/><br \/>\nEntre la pr\u00e9sence d\u2019un climatosceptique \u00e0 la t\u00eate de la premi\u00e8re puissance mondiale, un gouvernement fran\u00e7ais qui flirte avec l\u2019extr\u00eame-droite, et les catastrophes climatiques qui s\u2019enchainent&#8230; Faire vivre l\u2019\u00e9cologie dans le d\u00e9bat public est un enjeu crucial.<\/p>\n<p>Personne ne modifie ce que nous publions. Nous n\u2019avons ni actionnaire, ni propri\u00e9taire milliardaire \u2014 seulement une \u00e9quipe d\u2019irr\u00e9ductibles journalistes, pleine de d\u00e9termination.<\/p>\n<p>Nous avons la conviction que l\u2019urgence \u00e9cologique est l\u2019enjeu majeur de notre \u00e9poque. Et comme plus de 2 millions de lectrices et lecteurs chaque mois, vous partagez sans doute cette conviction&#8230;<\/p>\n<p><strong>Depuis 12 ans, nous publions des articles de qualit\u00e9 sur l\u2019\u00e9cologie, en acc\u00e8s libre et sans publicit\u00e9, pour tous.<\/strong><br class=\"autobr\"\/><br \/>\nMais ce travail demande beaucoup de temps et de ressources.<\/p>\n<p>Alors, si vous en avez les moyens, sachez qu\u2019un don, m\u00eame d\u20191\u20ac, est un acte de soutien fort pour l\u2019\u00e9cologie et le journalisme ind\u00e9pendant.<br class=\"autobr\"\/><br \/>\n(Et \u00e7a vous prendra moins de temps que la lecture de ce texte).<\/p>\n<p><strong>Si vous le pouvez, choisissez un soutien mensuel. Merci.<\/strong><\/p>\n<p><a target=\"_blank\" href=\"https:\/\/reporterre.net\/dons\" class=\"bt_soutenir\">Je soutiens <i>Reporterre<\/i><\/a><\/p>\n<\/p><\/div>\n<div class=\"encart encart_vert noprint montre_1023\">\n<div class=\"infolettre-form-container noprint\">\n<p>Abonnez-vous \u00e0 la lettre d\u2019info de Reporterre<\/p>\n<\/div><\/div>\n<\/aside>\n<aside class=\"boite_apresarticle encart_note\">\n<h4>Apr\u00e8s cet article<\/h4>\n<p>      <a target=\"_blank\" href=\"https:\/\/reporterre.net\/Face-a-la-montee-des-eaux-l-exil-climatique-est-un-drame-existentiel\" class=\"lien_article\">\n      <picture class=\"vignette_gauche\"><source type=\"image\/webp\" srcset=\"https:\/\/reporterre.net\/local\/cache-vignettes\/L450xH300\/ilecart-03626.jpg@.webp?1737368118\"><img decoding=\"async\" src=\"https:\/\/reporterre.net\/local\/cache-vignettes\/L450xH300\/ilecart-03626.jpg?1737368118\" width=\"450\" height=\"300\" alt=\"\" class=\"marge12\" loading=\"lazy\"\/><br \/>\n<\/source><\/picture>\n<p class=\"libelle\">\n<p>          Tribune \u2014<\/p>\n<p>      Climat\n    <\/p>\n<p class=\"titre pol20\">Face \u00e0 la mont\u00e9e des eaux, \u00ab<small class=\"fine d-inline\">\u00a0<\/small>l\u2019exil climatique est un drame existentiel<small class=\"fine d-inline\">\u00a0<\/small>\u00bb<\/p>\n<p>      <\/a><br \/>\n    <\/aside>\n<aside class=\"boite_complement texte\">\n<p>      <!-- zone_forum --><br \/>\n          <\/aside>\n<aside class=\"boite_lireaussi noprint\">\n<\/aside>\n<aside class=\"colonne\">\n<div class=\"article_info cache_1023 noprint\">\n        <span class=\"date\">19 mars 2025  \u00e0 16h38<\/span><\/p>\n<p class=\"duree_lecture\">\n        Dur\u00e9e de lecture : 1 minute\n      <\/p>\n<\/p><\/div>\n<div class=\"bloc_infolettre\">\n<div class=\"infolettre-form-container noprint\">\n<p>Abonnez-vous \u00e0 la lettre d\u2019info de Reporterre<\/p>\n<\/div><\/div>\n<\/aside>\n<div id=\"galerie\">\n  <img decoding=\"async\" src=\"\" class=\"principale\" id=\"principale\"\/><\/p>\n<p id=\"legende\">legende<\/p>\n<\/div>\n<footer class=\"noprint\">\n<\/footer>\n<\/div>\n<p><br \/>\n<br \/><a href=\"https:\/\/reporterre.net\/Incendies-cyclones-Un-nombre-record-d-exiles-climatiques-en-2024\" target=\"_blank\"\">Source link <\/a><\/p>\n","protected":false},"excerpt":{"rendered":"<p>Le cyclone Chido, le 14 d\u00e9cembre 2024. &#8211; Wikimedia Commons \/ Public domain \/ Nasa Le cyclone Chido, le 14 d\u00e9cembre 2024. &#8211; Wikimedia Commons \/ Public domain \/ Nasa&hellip; <\/p>\n","protected":false},"author":1,"featured_media":4807,"comment_status":"open","ping_status":"open","sticky":false,"template":"","format":"standard","meta":{"footnotes":""},"categories":[1],"tags":[],"class_list":["post-4806","post","type-post","status-publish","format-standard","has-post-thumbnail","hentry","category-non-classe"],"_links":{"self":[{"href":"https:\/\/monde25.info\/index.php\/wp-json\/wp\/v2\/posts\/4806","targetHints":{"allow":["GET"]}}],"collection":[{"href":"https:\/\/monde25.info\/index.php\/wp-json\/wp\/v2\/posts"}],"about":[{"href":"https:\/\/monde25.info\/index.php\/wp-json\/wp\/v2\/types\/post"}],"author":[{"embeddable":true,"href":"https:\/\/monde25.info\/index.php\/wp-json\/wp\/v2\/users\/1"}],"replies":[{"embeddable":true,"href":"https:\/\/monde25.info\/index.php\/wp-json\/wp\/v2\/comments?post=4806"}],"version-history":[{"count":0,"href":"https:\/\/monde25.info\/index.php\/wp-json\/wp\/v2\/posts\/4806\/revisions"}],"wp:featuredmedia":[{"embeddable":true,"href":"https:\/\/monde25.info\/index.php\/wp-json\/wp\/v2\/media\/4807"}],"wp:attachment":[{"href":"https:\/\/monde25.info\/index.php\/wp-json\/wp\/v2\/media?parent=4806"}],"wp:term":[{"taxonomy":"category","embeddable":true,"href":"https:\/\/monde25.info\/index.php\/wp-json\/wp\/v2\/categories?post=4806"},{"taxonomy":"post_tag","embeddable":true,"href":"https:\/\/monde25.info\/index.php\/wp-json\/wp\/v2\/tags?post=4806"}],"curies":[{"name":"wp","href":"https:\/\/api.w.org\/{rel}","templated":true}]}}