{"id":4814,"date":"2025-03-20T08:25:41","date_gmt":"2025-03-20T07:25:41","guid":{"rendered":"https:\/\/monde25.info\/index.php\/2025\/03\/20\/trump-declare-que-sa-conversation-avec-zelensky-sest-bien-passe-rt-en-francais\/"},"modified":"2025-03-20T08:25:41","modified_gmt":"2025-03-20T07:25:41","slug":"trump-declare-que-sa-conversation-avec-zelensky-sest-bien-passe-rt-en-francais","status":"publish","type":"post","link":"https:\/\/monde25.info\/index.php\/2025\/03\/20\/trump-declare-que-sa-conversation-avec-zelensky-sest-bien-passe-rt-en-francais\/","title":{"rendered":"Trump d\u00e9clare que sa conversation avec Zelensky s&rsquo;est bien pass\u00e9 \u2014 RT en fran\u00e7ais"},"content":{"rendered":"<p> <br \/>\n<br \/><img decoding=\"async\" src=\"https:\/\/mf.b37mrtl.ru\/french\/images\/2025.03\/thumbnail\/67dadea86f7ccc7eb4037f87.jpg\" \/><\/p>\n<div>\n<p class=\"text__summary\">\n                                        Les pr\u00e9sidents ukrainien et am\u00e9ricain ont eu une conversation t\u00e9l\u00e9phonique le 19 mars. La veille, Zelensky a d\u00e9clar\u00e9 qu&rsquo;il esp\u00e9rait discuter des d\u00e9tails des \u00abprochaines \u00e9tapes\u00bb et entendre les d\u00e9tails de la conversation de Donald Trump avec Vladimir Poutine.\n                                    <\/p>\n<p>Les pr\u00e9sidents ukrainien et am\u00e9ricain Volodymyr Zelensky et Donald Trump se sont appel\u00e9s le 19 mars, apr\u00e8s la conversation r\u00e9ussie entre les pr\u00e9sidents am\u00e9ricain et russe. Parmi les sujets br\u00fblants, il reste la question du cessez-le-feu de 30 jours, ainsi que \u00abdes questions plus complexes\u00bb, comme l&rsquo;a <a target=\"_blank\" href=\"https:\/\/t.me\/RBC_ua_news\/135064\" target=\"_blank\" rel=\"noopener noreferrer\">d\u00e9clar\u00e9<\/a>\u00a0Zelensky la veille.<\/p>\n<p>\u00c0 l&rsquo;issue de la conversation qui a dur\u00e9 \u00abenviron une heure\u00bb, le pr\u00e9sident am\u00e9ricain a \u00e9crit sur\u00a0Truth Social que la\u00a0discussion \u00abs\u2019\u00e9tait bas\u00e9e essentiellement sur la conversation t\u00e9l\u00e9phonique d\u2019hier avec le pr\u00e9sident Poutine afin d\u2019aligner les demandes et les besoins de la Russie et de l\u2019Ukraine\u00bb.<\/p>\n<p>\u00abNous sommes sur la bonne voie, et je demanderai au secr\u00e9taire d\u2019\u00c9tat Marco Rubio et au conseiller \u00e0 la s\u00e9curit\u00e9 nationale Michael Waltz de donner une description d\u00e9taill\u00e9e des points abord\u00e9s.\u00bb, a-t-il \u00e9crit.\u00a0<\/p>\n<p><iframe src=\"https:\/\/truthsocial.com\/@realDonaldTrump\/114189841352600682\/embed\" class=\"truthsocial-embed\" style=\"max-width: 100%; border: 0\" width=\"600\" allowfullscreen=\"allowfullscreen\"><\/iframe><\/p>\n<p>Plut\u00f4t dans la journ\u00e9e,\u00a0<a target=\"_blank\" href=\"https:\/\/francais.rt.com\/international\/118202-pourparlers-sur-details-accords-conclus-par-poutine-et-trump\">l&rsquo;envoy\u00e9 sp\u00e9cial du dirigeant am\u00e9ricain Steve Witkoff a annonc\u00e9 l&rsquo;\u00e9tape suivante des discussions <\/a>qui auraient lieu le 23 mars \u00e0 Djeddah o\u00f9 les d\u00e9tails des accords conclus entre les pr\u00e9sidents russe et am\u00e9ricain Vladimir Poutine et Donald Trump doivent \u00eatre abord\u00e9s.<\/p>\n<h2\/><\/div>\n<p><br \/>\n<br \/><a href=\"https:\/\/francais.rt.com\/international\/118230-discussions-sur-cessez-feu-trump-zelensky\" target=\"_blank\"\">Source link <\/a><\/p>\n","protected":false},"excerpt":{"rendered":"<p>Les pr\u00e9sidents ukrainien et am\u00e9ricain ont eu une conversation t\u00e9l\u00e9phonique le 19 mars. La veille, Zelensky a d\u00e9clar\u00e9 qu&rsquo;il esp\u00e9rait discuter des d\u00e9tails des \u00abprochaines \u00e9tapes\u00bb et entendre les d\u00e9tails&hellip; <\/p>\n","protected":false},"author":1,"featured_media":4815,"comment_status":"open","ping_status":"open","sticky":false,"template":"","format":"standard","meta":{"footnotes":""},"categories":[1],"tags":[],"class_list":["post-4814","post","type-post","status-publish","format-standard","has-post-thumbnail","hentry","category-non-classe"],"_links":{"self":[{"href":"https:\/\/monde25.info\/index.php\/wp-json\/wp\/v2\/posts\/4814","targetHints":{"allow":["GET"]}}],"collection":[{"href":"https:\/\/monde25.info\/index.php\/wp-json\/wp\/v2\/posts"}],"about":[{"href":"https:\/\/monde25.info\/index.php\/wp-json\/wp\/v2\/types\/post"}],"author":[{"embeddable":true,"href":"https:\/\/monde25.info\/index.php\/wp-json\/wp\/v2\/users\/1"}],"replies":[{"embeddable":true,"href":"https:\/\/monde25.info\/index.php\/wp-json\/wp\/v2\/comments?post=4814"}],"version-history":[{"count":0,"href":"https:\/\/monde25.info\/index.php\/wp-json\/wp\/v2\/posts\/4814\/revisions"}],"wp:featuredmedia":[{"embeddable":true,"href":"https:\/\/monde25.info\/index.php\/wp-json\/wp\/v2\/media\/4815"}],"wp:attachment":[{"href":"https:\/\/monde25.info\/index.php\/wp-json\/wp\/v2\/media?parent=4814"}],"wp:term":[{"taxonomy":"category","embeddable":true,"href":"https:\/\/monde25.info\/index.php\/wp-json\/wp\/v2\/categories?post=4814"},{"taxonomy":"post_tag","embeddable":true,"href":"https:\/\/monde25.info\/index.php\/wp-json\/wp\/v2\/tags?post=4814"}],"curies":[{"name":"wp","href":"https:\/\/api.w.org\/{rel}","templated":true}]}}