{"id":4816,"date":"2025-03-20T08:59:28","date_gmt":"2025-03-20T07:59:28","guid":{"rendered":"https:\/\/monde25.info\/index.php\/2025\/03\/20\/nicolas-sarkozy-au-proces-des-financements-libyens-je-ne-suis-pas-un-bandit\/"},"modified":"2025-03-20T08:59:28","modified_gmt":"2025-03-20T07:59:28","slug":"nicolas-sarkozy-au-proces-des-financements-libyens-je-ne-suis-pas-un-bandit","status":"publish","type":"post","link":"https:\/\/monde25.info\/index.php\/2025\/03\/20\/nicolas-sarkozy-au-proces-des-financements-libyens-je-ne-suis-pas-un-bandit\/","title":{"rendered":"Nicolas Sarkozy au proc\u00e8s des financements libyens: \u00abJe ne suis pas un bandit\u00bb"},"content":{"rendered":"<p> <br \/>\n<br \/>L\u2019ancien pr\u00e9sident a \u00e9t\u00e9 interrog\u00e9 une derni\u00e8re fois avant les r\u00e9quisitions pr\u00e9vues la semaine prochaine. Il a d\u00e9nonc\u00e9 le \u00abpostulat\u00bb de sa culpabilit\u00e9 d\u00e9fendu, selon lui, par le Parquet national financier.<br \/>\n<br \/><br \/>\n<br \/><a href=\"https:\/\/www.mediapart.fr\/journal\/france\/200325\/nicolas-sarkozy-au-proces-des-financements-libyens-je-ne-suis-pas-un-bandit\" target=\"_blank\"\">Source link <\/a><\/p>\n","protected":false},"excerpt":{"rendered":"<p>L\u2019ancien pr\u00e9sident a \u00e9t\u00e9 interrog\u00e9 une derni\u00e8re fois avant les r\u00e9quisitions pr\u00e9vues la semaine prochaine. Il a d\u00e9nonc\u00e9 le \u00abpostulat\u00bb de sa culpabilit\u00e9 d\u00e9fendu, selon lui, par le Parquet national&hellip; <\/p>\n","protected":false},"author":1,"featured_media":4817,"comment_status":"open","ping_status":"open","sticky":false,"template":"","format":"standard","meta":{"footnotes":""},"categories":[1],"tags":[],"class_list":["post-4816","post","type-post","status-publish","format-standard","has-post-thumbnail","hentry","category-non-classe"],"_links":{"self":[{"href":"https:\/\/monde25.info\/index.php\/wp-json\/wp\/v2\/posts\/4816","targetHints":{"allow":["GET"]}}],"collection":[{"href":"https:\/\/monde25.info\/index.php\/wp-json\/wp\/v2\/posts"}],"about":[{"href":"https:\/\/monde25.info\/index.php\/wp-json\/wp\/v2\/types\/post"}],"author":[{"embeddable":true,"href":"https:\/\/monde25.info\/index.php\/wp-json\/wp\/v2\/users\/1"}],"replies":[{"embeddable":true,"href":"https:\/\/monde25.info\/index.php\/wp-json\/wp\/v2\/comments?post=4816"}],"version-history":[{"count":0,"href":"https:\/\/monde25.info\/index.php\/wp-json\/wp\/v2\/posts\/4816\/revisions"}],"wp:featuredmedia":[{"embeddable":true,"href":"https:\/\/monde25.info\/index.php\/wp-json\/wp\/v2\/media\/4817"}],"wp:attachment":[{"href":"https:\/\/monde25.info\/index.php\/wp-json\/wp\/v2\/media?parent=4816"}],"wp:term":[{"taxonomy":"category","embeddable":true,"href":"https:\/\/monde25.info\/index.php\/wp-json\/wp\/v2\/categories?post=4816"},{"taxonomy":"post_tag","embeddable":true,"href":"https:\/\/monde25.info\/index.php\/wp-json\/wp\/v2\/tags?post=4816"}],"curies":[{"name":"wp","href":"https:\/\/api.w.org\/{rel}","templated":true}]}}