{"id":4821,"date":"2025-03-20T11:13:45","date_gmt":"2025-03-20T10:13:45","guid":{"rendered":"https:\/\/monde25.info\/index.php\/2025\/03\/20\/greenpeace-usa-assommee-par-une-amende-de-665-millions-de-dollars\/"},"modified":"2025-03-20T11:13:45","modified_gmt":"2025-03-20T10:13:45","slug":"greenpeace-usa-assommee-par-une-amende-de-665-millions-de-dollars","status":"publish","type":"post","link":"https:\/\/monde25.info\/index.php\/2025\/03\/20\/greenpeace-usa-assommee-par-une-amende-de-665-millions-de-dollars\/","title":{"rendered":"Greenpeace USA assomm\u00e9e par une amende de 665 millions de dollars"},"content":{"rendered":"<p> <br \/>\n<\/p>\n<div style=\"position:relative;\">\n        <picture><source type=\"image\/webp\" srcset=\"https:\/\/reporterre.net\/local\/cache-vignettes\/L720xH480\/afp__20170310__ftptrial-aa_10032017_473554__v1__highres__dakotaaccesspipelineprotest-ff5b5.jpg@.webp?1742459588\"><img loading=\"lazy\" decoding=\"async\" src=\"https:\/\/reporterre.net\/local\/cache-vignettes\/L720xH480\/afp__20170310__ftptrial-aa_10032017_473554__v1__highres__dakotaaccesspipelineprotest-ff5b5.jpg?1742459588\" width=\"720\" height=\"480\" alt=\"Greenpeace &lt;span class=&quot;caps&quot;&gt;USA&lt;\/span&gt; assomm\u00e9e par une amende de 665 millions de dollars\" class=\"image_logo voir_logo\"\/><\/p>\n<p><\/source><\/picture>\n<p class=\"legende_logo\">Des milliers de personnes, dont des autochtones de la r\u00e9serve sioux de Standing Rock, marchaient, le 10 mars 2017, contre l&rsquo;ol\u00e9oduc Dakota access. <span class=\"copyright_logo\">&#8211; \u00a9 Samuel Corum \/ Anadolu Agency via AFP<\/span><\/p>\n<p class=\"legende_logo_480\">Des milliers de personnes, dont des autochtones de la r\u00e9serve sioux de Standing Rock, marchaient, le 10 mars 2017, contre l&rsquo;ol\u00e9oduc Dakota access. <span class=\"copyright_logo\">&#8211; \u00a9 Samuel Corum \/ Anadolu Agency via AFP<\/span><\/p>\n<\/p><\/div>\n<div>\n<p>    <span class=\"date\">20 mars 2025  \u00e0 09h45<\/span><\/p>\n<p>    <span class=\"date_modif\">Mis \u00e0 jour le 20 mars 2025 \u00e0 11h02<\/span>      <\/p>\n<p class=\"duree_lecture\">\n        Dur\u00e9e de lecture : 3 minutes\n      <\/p>\n<\/p><\/div>\n<div>\n<p class=\"indication_lieu\">Atlanta (\u00c9tats-Unis), correspondance<\/p>\n<p>Greenpeace d\u00e9non\u00e7ait une <i>\u00ab<small class=\"fine d-inline\">\u00a0<\/small>proc\u00e9dure-b\u00e2illon<small class=\"fine d-inline\">\u00a0<\/small>\u00bb<\/i> destin\u00e9e \u00e0 la faire taire et qui pouvait entra\u00eener la faillite de sa branche \u00e9tasunienne. L\u2019<span class=\"caps\">ONG<\/span> environnementale a \u00e9t\u00e9 condamn\u00e9e mercredi 19\u00a0mars, \u00e0 Mandan, dans le Dakota du Nord, \u00e0 payer plus de 665 millions de dollars (613 millions d\u2019euros) de dommages et int\u00e9r\u00eats \u00e0 Energy Transfer.<\/p>\n<p><i>\u00ab<small class=\"fine d-inline\">\u00a0<\/small>La r\u00e9alit\u00e9, c\u2019est qu\u2019on ne peut pas mettre en faillite un mouvement<small class=\"fine d-inline\">\u00a0<\/small>\u00bb<\/i>, affirme Sushma Raman, directrice de Greenpeace <span class=\"caps\">USA<\/span>. L\u2019<span class=\"caps\">ONG<\/span> a annonc\u00e9 qu\u2019elle ferait appel.<\/p>\n<p>Le groupe \u00e9nerg\u00e9tique l\u2019accusait de diffamation et d\u2019avoir orchestr\u00e9 les manifestations contre la construction de son pipeline Dakota Access \u2014 mis en service en 2017, il court sur 1\u00a0800 km. Des dizaines de milliers de manifestants avaient d\u00e9ferl\u00e9 dans le Dakota du Nord en 2016 et 2017 pour soutenir les peuples des Premi\u00e8res Nations sioux de Standing Rock. Ils s\u2019opposaient \u00e0 la construction de l\u2019ol\u00e9oduc, dont un tron\u00e7on se trouvait \u00e0 moins de 2 km de la r\u00e9serve, arguant que celui-ci traverse des sites sacr\u00e9s et menace la qualit\u00e9 de l\u2019eau.<\/p>\n<blockquote class=\"spip\">\n<p>\u00ab<small class=\"fine d-inline\">\u00a0<\/small>On ne peut pas mettre en faillite un mouvement<small class=\"fine d-inline\">\u00a0<\/small>\u00bb<\/p>\n<\/blockquote>\n<p>Des actions de d\u00e9sob\u00e9issance civile avaient eu lieu, ainsi que des affrontements violents avec des forces de s\u00e9curit\u00e9 publiques et priv\u00e9es. Des centaines de personnes avaient \u00e9t\u00e9 arr\u00eat\u00e9es. Greenpeace s\u2019\u00e9tait joint aux manifestations, comme d\u2019autres groupes \u00e9cologistes, et avait organis\u00e9 des formations\u00a0\u00e0 la non-violence. Energy Transfer, lui, l\u2019accusait d\u2019avoir propag\u00e9 des propos calomnieux et d\u2019avoir \u00e9t\u00e9 la figure de proue des mobilisations, ce qui nie l\u2019<span class=\"caps\">ONG<\/span>.<\/p>\n<p>Trois entit\u00e9s de Greenpeace ont \u00e9t\u00e9 jug\u00e9es dans ce proc\u00e8s \u2014 Greenpeace International, Greenpeace <span class=\"caps\">USA<\/span>, et Greenpeace Fund (une organisation qui offre de l\u2019aide financi\u00e8re). Les trois ont \u00e9t\u00e9 reconnues coupables de presque l\u2019int\u00e9gralit\u00e9 des chefs d\u2019inculpation. Energy Transfer a qualifi\u00e9 la d\u00e9cision de <i>\u00ab<small class=\"fine d-inline\">\u00a0<\/small>victoire<small class=\"fine d-inline\">\u00a0<\/small>\u00bb<\/i> pour les <i>\u00ab<small class=\"fine d-inline\">\u00a0<\/small>Am\u00e9ricains qui comprennent la diff\u00e9rence entre le droit \u00e0 la libert\u00e9 d\u2019expression et une enfreinte \u00e0 la loi<small class=\"fine d-inline\">\u00a0<\/small>\u00bb<\/i>, dans une d\u00e9claration faite \u00e0 l\u2019Associated Press.<\/p>\n<h2 class=\"spip\">Cette d\u00e9cision \u00ab<small class=\"fine d-inline\">\u00a0<\/small>devrait tous nous inqui\u00e9ter<small class=\"fine d-inline\">\u00a0<\/small>\u00bb<\/h2>\n<p>L\u2019<span class=\"caps\">ONG<\/span> et d\u2019autres organisations de d\u00e9fense des libert\u00e9s individuelles s\u2019inqui\u00e8tent des implications de cette d\u00e9cision. <i>\u00ab<small class=\"fine d-inline\">\u00a0<\/small>Cela va avoir des cons\u00e9quences importantes pour l\u2019avenir des manifestations pacifiques, que ce soit pour l\u2019environnement et le climat ou d\u2019autres questions li\u00e9es \u00e0 la d\u00e9mocratie,<\/i> explique la directrice par int\u00e9rim de Greenpeace <span class=\"caps\">USA<\/span>, Sushma Raman. <i>Cela devrait tous nous inqui\u00e9ter.<small class=\"fine d-inline\">\u00a0<\/small>\u00bb<\/i><\/p>\n<p>L\u2019organisation environnementale d\u00e9nonce une <i>\u00ab<small class=\"fine d-inline\">\u00a0<\/small>proc\u00e9dure-b\u00e2illon<small class=\"fine d-inline\">\u00a0<\/small>\u00bb<\/i>, une strat\u00e9gie juridique utilis\u00e9e pour intimider individus, associations ou manifestants. <i>\u00ab<small class=\"fine d-inline\">\u00a0<\/small>Cela va cr\u00e9er un pr\u00e9c\u00e9dent qui pourrait limiter la libert\u00e9 d\u2019expression pour les groupes climatiques et les autres <span class=\"caps\">ONG<\/span><small class=\"fine d-inline\">\u00a0<\/small>\u00bb<\/i>, s\u2019inqui\u00e8te la directrice du Center for Environment, Community &amp; Equity, Dana R. Fisher, dans un post sur le r\u00e9seau social <a target=\"_blank\" href=\"https:\/\/bsky.app\/profile\/fisherdanar.bsky.social\/post\/3lkr22w2d2c2l\" class=\"spip_out\" rel=\"external\">Bluesky<\/a>.<\/p>\n<p>Le proc\u00e8s s\u2019est d\u00e9roul\u00e9 dans un tribunal local, qui d\u00e9pend des lois de l\u2019\u00c9tat du Dakota du Nord. Trente-cinq \u00c9tats ont des lois contre les proc\u00e9dures-b\u00e2illons, mais pas le Dakota du Nord, pr\u00e9cise l\u2019organisme de d\u00e9fense de la libert\u00e9 de la presse <a target=\"_blank\" href=\"https:\/\/www.rcfp.org\/anti-slapp-legal-guide\/\" class=\"spip_out\" rel=\"external\">Reporters Committee for Freedom of the Press<\/a>. Sushma Raman d\u00e9nonce l\u2019utilisation de telles proc\u00e9dures dites de <i>strategic lawsuit against public participation<\/i> (plaintes en justice strat\u00e9giques contre la participation du public) comme d\u2019un <i>\u00ab<small class=\"fine d-inline\">\u00a0<\/small>outil \u00e9labor\u00e9 pour faire taire les critiques<small class=\"fine d-inline\">\u00a0<\/small>\u00bb<\/i>.\u00a0<\/p>\n<p>Le proc\u00e8s avait mal d\u00e9marr\u00e9 pour l\u2019<span class=\"caps\">ONG<\/span>. Greenpeace avait demand\u00e9 \u00e0 qu\u2019il se tienne ailleurs, dans une localit\u00e9 qui n\u2019a pas \u00e9t\u00e9 touch\u00e9e par les manifestations. La justice avait d\u00e9bout\u00e9 cette demande. Des <a target=\"_blank\" href=\"https:\/\/www.theguardian.com\/us-news\/2025\/feb\/27\/greenpeace-dapl-jurors\" class=\"spip_out\" rel=\"external\">tracts<\/a>, d\u00e9non\u00e7ant les manifestations anti-ol\u00e9oduc, avaient m\u00eame \u00e9t\u00e9 envoy\u00e9s chez certains habitants.<\/p>\n<aside class=\"boite_encarts\">\n<div class=\"encart encart_gris noprint\">\n<p><strong>Puisque vous \u00eates l\u00e0&#8230;<\/strong><\/p>\n<p>&#8230; nous avons un petit service \u00e0 vous demander.<br class=\"autobr\"\/><br \/>\nEntre la pr\u00e9sence d\u2019un climatosceptique \u00e0 la t\u00eate de la premi\u00e8re puissance mondiale, un gouvernement fran\u00e7ais qui flirte avec l\u2019extr\u00eame-droite, et les catastrophes climatiques qui s\u2019enchainent&#8230; Faire vivre l\u2019\u00e9cologie dans le d\u00e9bat public est un enjeu crucial.<\/p>\n<p>Personne ne modifie ce que nous publions. Nous n\u2019avons ni actionnaire, ni propri\u00e9taire milliardaire \u2014 seulement une \u00e9quipe d\u2019irr\u00e9ductibles journalistes, pleine de d\u00e9termination.<\/p>\n<p>Nous avons la conviction que l\u2019urgence \u00e9cologique est l\u2019enjeu majeur de notre \u00e9poque. Et comme plus de 2 millions de lectrices et lecteurs chaque mois, vous partagez sans doute cette conviction&#8230;<\/p>\n<p><strong>Depuis 12 ans, nous publions des articles de qualit\u00e9 sur l\u2019\u00e9cologie, en acc\u00e8s libre et sans publicit\u00e9, pour tous.<\/strong><br class=\"autobr\"\/><br \/>\nMais ce travail demande beaucoup de temps et de ressources.<\/p>\n<p>Alors, si vous en avez les moyens, sachez qu\u2019un don, m\u00eame d\u20191\u20ac, est un acte de soutien fort pour l\u2019\u00e9cologie et le journalisme ind\u00e9pendant.<br class=\"autobr\"\/><br \/>\n(Et \u00e7a vous prendra moins de temps que la lecture de ce texte).<\/p>\n<p><strong>Si vous le pouvez, choisissez un soutien mensuel. Merci.<\/strong><\/p>\n<p><a target=\"_blank\" href=\"https:\/\/reporterre.net\/dons\" class=\"bt_soutenir\">Je soutiens <i>Reporterre<\/i><\/a><\/p>\n<\/p><\/div>\n<div class=\"encart encart_vert noprint montre_1023\">\n<div class=\"infolettre-form-container noprint\">\n<p>Abonnez-vous \u00e0 la lettre d\u2019info de Reporterre<\/p>\n<\/div><\/div>\n<\/aside>\n<aside class=\"boite_apresarticle encart_note\">\n<h4>Apr\u00e8s cet article<\/h4>\n<p>      <a target=\"_blank\" href=\"https:\/\/reporterre.net\/Aux-Etats-Unis-un-proces-d-ampleur-menace-Greenpeace-de-faillite\" class=\"lien_article\">\n      <picture class=\"vignette_gauche\"><source type=\"image\/webp\" srcset=\"https:\/\/reporterre.net\/local\/cache-vignettes\/L450xH300\/afp__20161116__tivony-dakotaac161115_npylc__v1__highres__dakotaaccesspipelineprotest_1_-039fa.jpg@.webp?1740146614\"><img decoding=\"async\" src=\"https:\/\/reporterre.net\/local\/cache-vignettes\/L450xH300\/afp__20161116__tivony-dakotaac161115_npylc__v1__highres__dakotaaccesspipelineprotest_1_-039fa.jpg?1740146614\" width=\"450\" height=\"300\" alt=\"\" class=\"marge12\" loading=\"lazy\"\/><br \/>\n<\/source><\/picture>\n<p class=\"libelle\">\n<p>      Justice\n    <\/p>\n<p class=\"titre pol20\">Aux \u00c9tats-Unis, un proc\u00e8s d\u2019ampleur menace Greenpeace de faillite<\/p>\n<p>      <\/a><br \/>\n    <\/aside>\n<aside class=\"boite_complement texte\">\n<p>      <!-- zone_forum --><br \/>\n          <\/aside>\n<aside class=\"boite_lireaussi noprint\">\n<\/aside>\n<aside class=\"colonne\">\n<div class=\"article_info cache_1023 noprint\">\n<p>    <span class=\"date\">20 mars 2025  \u00e0 09h45<\/span><\/p>\n<p>    <span class=\"date_modif\">Mis \u00e0 jour le 20 mars 2025 \u00e0 11h02<\/span>      <\/p>\n<p class=\"duree_lecture\">\n        Dur\u00e9e de lecture : 3 minutes\n      <\/p>\n<\/p><\/div>\n<div class=\"bloc_infolettre\">\n<div class=\"infolettre-form-container noprint\">\n<p>Abonnez-vous \u00e0 la lettre d\u2019info de Reporterre<\/p>\n<\/div><\/div>\n<\/aside>\n<div id=\"galerie\">\n  <img decoding=\"async\" src=\"\" class=\"principale\" id=\"principale\"\/><\/p>\n<p id=\"legende\">legende<\/p>\n<\/div>\n<footer class=\"noprint\">\n<\/footer>\n<\/div>\n<p><br \/>\n<br \/><a href=\"https:\/\/reporterre.net\/Greenpeace-condamnee-a-payer-665-millions-de-dollars-a-l-exploitant-d-un-oleoduc\" target=\"_blank\"\">Source link <\/a><\/p>\n","protected":false},"excerpt":{"rendered":"<p>Des milliers de personnes, dont des autochtones de la r\u00e9serve sioux de Standing Rock, marchaient, le 10 mars 2017, contre l&rsquo;ol\u00e9oduc Dakota access. &#8211; \u00a9 Samuel Corum \/ Anadolu Agency&hellip; <\/p>\n","protected":false},"author":1,"featured_media":4822,"comment_status":"open","ping_status":"open","sticky":false,"template":"","format":"standard","meta":{"footnotes":""},"categories":[1],"tags":[],"class_list":["post-4821","post","type-post","status-publish","format-standard","has-post-thumbnail","hentry","category-non-classe"],"_links":{"self":[{"href":"https:\/\/monde25.info\/index.php\/wp-json\/wp\/v2\/posts\/4821","targetHints":{"allow":["GET"]}}],"collection":[{"href":"https:\/\/monde25.info\/index.php\/wp-json\/wp\/v2\/posts"}],"about":[{"href":"https:\/\/monde25.info\/index.php\/wp-json\/wp\/v2\/types\/post"}],"author":[{"embeddable":true,"href":"https:\/\/monde25.info\/index.php\/wp-json\/wp\/v2\/users\/1"}],"replies":[{"embeddable":true,"href":"https:\/\/monde25.info\/index.php\/wp-json\/wp\/v2\/comments?post=4821"}],"version-history":[{"count":0,"href":"https:\/\/monde25.info\/index.php\/wp-json\/wp\/v2\/posts\/4821\/revisions"}],"wp:featuredmedia":[{"embeddable":true,"href":"https:\/\/monde25.info\/index.php\/wp-json\/wp\/v2\/media\/4822"}],"wp:attachment":[{"href":"https:\/\/monde25.info\/index.php\/wp-json\/wp\/v2\/media?parent=4821"}],"wp:term":[{"taxonomy":"category","embeddable":true,"href":"https:\/\/monde25.info\/index.php\/wp-json\/wp\/v2\/categories?post=4821"},{"taxonomy":"post_tag","embeddable":true,"href":"https:\/\/monde25.info\/index.php\/wp-json\/wp\/v2\/tags?post=4821"}],"curies":[{"name":"wp","href":"https:\/\/api.w.org\/{rel}","templated":true}]}}