{"id":4825,"date":"2025-03-20T12:20:49","date_gmt":"2025-03-20T11:20:49","guid":{"rendered":"https:\/\/monde25.info\/index.php\/2025\/03\/20\/le-niger-le-burkina-faso-et-le-mali-quittent-lorganisation-internationale-de-la-francophonie\/"},"modified":"2025-03-20T12:20:49","modified_gmt":"2025-03-20T11:20:49","slug":"le-niger-le-burkina-faso-et-le-mali-quittent-lorganisation-internationale-de-la-francophonie","status":"publish","type":"post","link":"https:\/\/monde25.info\/index.php\/2025\/03\/20\/le-niger-le-burkina-faso-et-le-mali-quittent-lorganisation-internationale-de-la-francophonie\/","title":{"rendered":"Le Niger, le Burkina Faso et le Mali quittent l\u2019Organisation internationale de la Francophonie"},"content":{"rendered":"<p> <br \/>\n<\/p>\n<div>\n<p><span data-contrast=\"auto\">La rupture entre la France et ses anciennes colonies au Sahel se confirme de plus en plus.\u00a0 Le Niger et le Burkina Faso lundi puis le Mali mardi, dirig\u00e9s par des gouvernements hostiles \u00e0 Paris, se sont retir\u00e9s tour \u00e0 tour de l&rsquo;Organisation internationale de la Francophonie (OIF). Un retrait qui vient accro\u00eetre les tensions entre la France et les dirigeants de ces pays du Sahel, qui ont aussi rompu, entre 2022 et 2024, leurs accords de d\u00e9fense avec Paris.\u00a0<\/span><span data-ccp-props=\"{&quot;134233117&quot;:false,&quot;134233118&quot;:false,&quot;201341983&quot;:0,&quot;335559738&quot;:270,&quot;335559739&quot;:270,&quot;335559740&quot;:324}\">\u00a0<\/span><\/p>\n<p><span data-contrast=\"auto\">La d\u00e9cision de Niamey, o\u00f9 l\u2019OIF a \u00e9t\u00e9 cr\u00e9\u00e9 en mars 1970, est \u201chautement symbolique\u201d, estime la porte-parole de l&rsquo;organisation, Oria K. Vande Weghe. Depuis le coup d&rsquo;\u00c9tat du 26 juillet 2023, les relations franco-nig\u00e9riennes ont pris un tournant tendu. Le renversement du pr\u00e9sident Mohamed Bazoum par des militaires dirig\u00e9s par le g\u00e9n\u00e9ral Abdourahamane Tiani a provoqu\u00e9 une onde de choc diplomatique, qui a culmin\u00e9 avec l&rsquo;assaut de l&rsquo;ambassade fran\u00e7aise \u00e0 Niamey par des manifestants le 30 juillet.<\/span><span data-ccp-props=\"{&quot;134233117&quot;:false,&quot;134233118&quot;:false,&quot;201341983&quot;:0,&quot;335559738&quot;:270,&quot;335559739&quot;:270,&quot;335559740&quot;:324}\">\u00a0<\/span><\/p>\n<p><span data-contrast=\"auto\"><strong>La rupture entre le Niger et la France se creuse<\/strong><\/span><span data-ccp-props=\"{&quot;134233117&quot;:false,&quot;134233118&quot;:false,&quot;201341983&quot;:0,&quot;335559738&quot;:150,&quot;335559739&quot;:270,&quot;335559740&quot;:288}\"><strong>\u00a0<\/strong><\/span><\/p>\n<p><span data-contrast=\"auto\">Le pr\u00e9sident Emmanuel Macron a d\u00e9clar\u00e9 que Paris \u00ab\u00a0ne tol\u00e9rera aucune attaque contre la France et ses int\u00e9r\u00eats\u00a0\u00bb au Niger, mena\u00e7ant de r\u00e9pliquer \u00ab\u00a0de mani\u00e8re imm\u00e9diate et intraitable\u00a0\u00bb \u00e0 toute agression contre les ressortissants fran\u00e7ais, l&rsquo;arm\u00e9e, les diplomates ou les entreprises fran\u00e7aises. Le Quai d\u2019Orsay a \u00e9galement condamn\u00e9 \u00ab\u00a0toute violence\u201d, rappelant que les forces nig\u00e9riennes avaient \u00ab\u00a0l&rsquo;obligation d&rsquo;assurer la s\u00e9curit\u00e9 de nos entit\u00e9s diplomatiques et consulaires au titre des conventions de Vienne\u00a0\u00bb.<\/span><span data-ccp-props=\"{&quot;134233117&quot;:false,&quot;134233118&quot;:false,&quot;201341983&quot;:0,&quot;335559738&quot;:270,&quot;335559739&quot;:270,&quot;335559740&quot;:324}\">\u00a0<\/span><\/p>\n<p><span data-contrast=\"auto\">Le nouveau r\u00e9gime nig\u00e9rien, qui d\u00e9non\u00e7ait les accords de coop\u00e9ration militaire avec la France, a ainsi mis fin \u00e0 la pr\u00e9sence de 1 500 soldats fran\u00e7ais engag\u00e9s dans la lutte antiterroriste au Sahel. Fin d\u00e9cembre de la m\u00eame ann\u00e9e, Niamey confirmait son rejet de la France en fermant l\u2019ambassade fran\u00e7aise, tout en plaidant ouvertement pour un rapprochement diplomatique et militaire avec la Russie. En d\u00e9cembre 2024, le sp\u00e9cialiste fran\u00e7ais de l&rsquo;uranium Orano annon\u00e7ait que les autorit\u00e9s nig\u00e9riennes avaient aussi \u00ab\u00a0pris le contr\u00f4le op\u00e9rationnel\u00a0\u00bb de sa filiale mini\u00e8re au Niger.<\/span><span data-ccp-props=\"{&quot;134233117&quot;:false,&quot;134233118&quot;:false,&quot;201341983&quot;:0,&quot;335559738&quot;:270,&quot;335559739&quot;:270,&quot;335559740&quot;:324}\">\u00a0<\/span><\/p>\n<p><span data-contrast=\"auto\">Ce pays a fait un pas de plus lundi dans sa rupture avec Paris. \u00ab\u00a0Le gouvernement nig\u00e9rien a d\u00e9cid\u00e9 souverainement du retrait du Niger de l&rsquo;Organisation internationale de la Francophonie\u00a0\u00bb, a \u00e9crit le secr\u00e9taire g\u00e9n\u00e9ral du minist\u00e8re des Affaires \u00e9trang\u00e8res, Laouali Labo, dans une lettre adress\u00e9e aux ambassadeurs du pays. \u00ab\u00a0Le Niger a \u00e9crit \u00e0 la France et la France nous a inform\u00e9s de cette notification\u00a0\u00bb, a confirm\u00e9 la porte-parole de l&rsquo;organisation.<\/span><span data-ccp-props=\"{&quot;134233117&quot;:false,&quot;134233118&quot;:false,&quot;201341983&quot;:0,&quot;335559738&quot;:270,&quot;335559739&quot;:270,&quot;335559740&quot;:324}\">\u00a0<\/span><\/p>\n<p><span data-contrast=\"auto\">Une d\u00e9cision \u201cd\u00e9plorable\u201d mais que l\u2019OIF \u201crespecte\u201d, consid\u00e9rant \u00e9ventuellement \u201c\u00eatre un dommage collat\u00e9ral d&rsquo;une situation g\u00e9opolitique qui la d\u00e9passe\u00a0\u00bb.\u00a0<\/span><span data-ccp-props=\"{&quot;134233117&quot;:false,&quot;134233118&quot;:false,&quot;201341983&quot;:0,&quot;335559738&quot;:270,&quot;335559739&quot;:270,&quot;335559740&quot;:324}\">\u00a0<\/span><\/p>\n<p><span data-contrast=\"auto\">Niamey, qui compte environ 3 millions d\u2019habitants francophones, \u00e9tait d\u00e9j\u00e0 suspendu de l\u2019organisation, quelques mois apr\u00e8s le coup d\u2019\u00c9tat \u00e0 l\u2019issue duquel le pr\u00e9sident \u00e9lu, Mohamed Bazoum, a \u00e9t\u00e9 s\u00e9questr\u00e9. Seuls quelques programmes avaient b\u00e9n\u00e9fici\u00e9 d&rsquo;une exception. En r\u00e9ponse \u00e0 cette suspension, les autorit\u00e9s ont suspendu \u00e0 leur tour leur coop\u00e9ration. Bien avant ce retrait, le centre culturel franco-nig\u00e9rien, qui portait alors le nom du r\u00e9alisateur et ethnographe fran\u00e7ais Jean Rouch, a cess\u00e9 de fonctionner en tant qu&rsquo;\u00e9tablissement binational. La place de la Francophonie a \u00e9t\u00e9 renomm\u00e9e \u00ab\u00a0place de l&rsquo;Alliance des \u00c9tats du Sahel\u00a0\u00bb.<\/span><span data-ccp-props=\"{&quot;134233117&quot;:false,&quot;134233118&quot;:false,&quot;201341983&quot;:0,&quot;335559738&quot;:270,&quot;335559739&quot;:270,&quot;335559740&quot;:324}\"><strong>\u00a0<\/strong><\/span><\/p>\n<p><span data-contrast=\"auto\"><strong>Le Burkina Faso et le Mali font de m\u00eame<\/strong><\/span><span data-ccp-props=\"{&quot;134233117&quot;:false,&quot;134233118&quot;:false,&quot;201341983&quot;:0,&quot;335559738&quot;:150,&quot;335559739&quot;:270,&quot;335559740&quot;:288}\"><strong>\u00a0<\/strong><\/span><\/p>\n<p><span data-contrast=\"auto\">Dans la foul\u00e9e, Oria K. Vande Weghe annonce le retrait du Burkina Faso. Tout comme Niamey, Ouagadougou entretient des relations tendues avec Paris depuis le coup d&rsquo;\u00c9tat de septembre 2022 qui a port\u00e9 au pouvoir le capitaine Ibrahim Traor\u00e9. L\u2019ann\u00e9e d\u2019apr\u00e8s, le Burkina Faso a exig\u00e9 le retrait des forces fran\u00e7aises de son territoire, suivant l&rsquo;exemple du Mali et du Niger. Le capitaine Traor\u00e9 a appel\u00e9 les autres nations africaines \u00e0 rompre leurs accords militaires avec la France, les qualifiant d&rsquo;obstacles \u00e0 l&rsquo;ind\u00e9pendance et \u00e0 la force des arm\u00e9es africaines.<\/span><span data-ccp-props=\"{&quot;134233117&quot;:false,&quot;134233118&quot;:false,&quot;201341983&quot;:0,&quot;335559738&quot;:270,&quot;335559739&quot;:270,&quot;335559740&quot;:324}\">\u00a0<\/span><\/p>\n<p><span data-contrast=\"auto\">Les tensions ont atteint un nouveau sommet en janvier dernier, lorsque le pr\u00e9sident Traor\u00e9 a vivement r\u00e9agi aux propos d&rsquo;Emmanuel Macron sur \u00ab\u00a0l&rsquo;ingratitude\u00a0\u00bb de certains pays africains envers la France. Le dirigeant burkinab\u00e8 a accus\u00e9 Macron d&rsquo;avoir \u00ab\u00a0insult\u00e9 tous les Africains\u00a0\u00bb et a d\u00e9clar\u00e9 que les Africains n&rsquo;\u00e9taient pas consid\u00e9r\u00e9s comme \u00ab\u00a0des humains\u00a0\u00bb aux yeux du pr\u00e9sident fran\u00e7ais.\u00a0<\/span><span data-ccp-props=\"{&quot;134233117&quot;:false,&quot;134233118&quot;:false,&quot;201341983&quot;:0,&quot;335559738&quot;:270,&quot;335559739&quot;:270,&quot;335559740&quot;:324}\">\u00a0<\/span><\/p>\n<p><span data-contrast=\"auto\">Mardi, c\u2019est le Mali qui embo\u00eete le pas \u00e0 ses voisins. \u00ab\u00a0Le Mali ne peut demeurer membre d&rsquo;une organisation aux agissements incompatibles avec les principes constitutionnels (&#8230;) fond\u00e9s sur la souverainet\u00e9 de l&rsquo;\u00c9tat\u00a0\u00bb, indique une lettre du minist\u00e8re des Affaires \u00e9trang\u00e8res.\u00a0<\/span><span data-ccp-props=\"{&quot;134233117&quot;:false,&quot;134233118&quot;:false,&quot;201341983&quot;:0,&quot;335559738&quot;:270,&quot;335559739&quot;:270,&quot;335559740&quot;:324}\">\u00a0<\/span><\/p>\n<p><span data-contrast=\"auto\">Bamako avait aussi \u00e9t\u00e9 suspendu de l&rsquo;OIF en ao\u00fbt 2020, apr\u00e8s le coup d&rsquo;\u00c9tat. \u00ab\u00a0Depuis l&rsquo;av\u00e8nement de la transition, l&rsquo;OIF, au lieu d&rsquo;accompagner le Mali dans la r\u00e9alisation des aspirations l\u00e9gitimes de son peuple, s&rsquo;est illustr\u00e9e par l&rsquo;application s\u00e9lective des sanctions et le m\u00e9pris pour la souverainet\u00e9 du Mali\u00a0\u00bb, peut-on encore lire.<\/span><span data-ccp-props=\"{&quot;134233117&quot;:false,&quot;134233118&quot;:false,&quot;201341983&quot;:0,&quot;335559738&quot;:270,&quot;335559739&quot;:270,&quot;335559740&quot;:324}\">\u00a0<\/span><\/p>\n<p><span data-contrast=\"auto\">Les trois pays s\u2019\u00e9taient aussi retir\u00e9s, en janvier, de la Communaut\u00e9 \u00e9conomique des Etats de l&rsquo;Afrique de l&rsquo;Ouest (C\u00e9d\u00e9ao), organisation qu&rsquo;ils estiment inf\u00e9od\u00e9e \u00e0 la France, notamment apr\u00e8s ses critiques contre les putschs militaires.\u00a0<\/span><span data-ccp-props=\"{&quot;134233117&quot;:false,&quot;134233118&quot;:false,&quot;201341983&quot;:0,&quot;335559738&quot;:270,&quot;335559739&quot;:270,&quot;335559740&quot;:324}\">\u00a0<\/span><\/p>\n<p><span data-contrast=\"auto\">\u201cLes pays sont souverains, je pense qu\u2019il y a une p\u00e9riode de 6 mois avant que ce soit effectif. Une fois que cela est effectif, ils ne sont plus membres\u00a0\u00bb, a conclu Oria Vande Weghe.\u00a0<\/span><span data-ccp-props=\"{&quot;134233117&quot;:false,&quot;134233118&quot;:false,&quot;201341983&quot;:0,&quot;335559738&quot;:270,&quot;335559739&quot;:270,&quot;335559740&quot;:324}\">\u00a0<\/span><\/p>\n<\/div>\n<p><script>(function(d, s, id) {  var js, fjs = d.getElementsByTagName(s)[0];  if (d.getElementById(id)) return;  js = d.createElement(s); js.id = id;  js.src = \"\/\/connect.facebook.net\/fr_FR\/sdk.js#xfbml=1&version=v2.3\";  fjs.parentNode.insertBefore(js, fjs);}(document, \"script\", \"facebook-jssdk\"));<\/script><br \/>\n<br \/><br \/>\n<br \/><a href=\"https:\/\/www.francesoir.fr\/politique-monde\/le-niger-le-burkina-faso-et-le-mali-quittent-l-organisation-internationale-de-la\" target=\"_blank\"\">Source link <\/a><\/p>\n","protected":false},"excerpt":{"rendered":"<p>La rupture entre la France et ses anciennes colonies au Sahel se confirme de plus en plus.\u00a0 Le Niger et le Burkina Faso lundi puis le Mali mardi, dirig\u00e9s par&hellip; <\/p>\n","protected":false},"author":1,"featured_media":4826,"comment_status":"open","ping_status":"open","sticky":false,"template":"","format":"standard","meta":{"footnotes":""},"categories":[1],"tags":[],"class_list":["post-4825","post","type-post","status-publish","format-standard","has-post-thumbnail","hentry","category-non-classe"],"_links":{"self":[{"href":"https:\/\/monde25.info\/index.php\/wp-json\/wp\/v2\/posts\/4825","targetHints":{"allow":["GET"]}}],"collection":[{"href":"https:\/\/monde25.info\/index.php\/wp-json\/wp\/v2\/posts"}],"about":[{"href":"https:\/\/monde25.info\/index.php\/wp-json\/wp\/v2\/types\/post"}],"author":[{"embeddable":true,"href":"https:\/\/monde25.info\/index.php\/wp-json\/wp\/v2\/users\/1"}],"replies":[{"embeddable":true,"href":"https:\/\/monde25.info\/index.php\/wp-json\/wp\/v2\/comments?post=4825"}],"version-history":[{"count":0,"href":"https:\/\/monde25.info\/index.php\/wp-json\/wp\/v2\/posts\/4825\/revisions"}],"wp:featuredmedia":[{"embeddable":true,"href":"https:\/\/monde25.info\/index.php\/wp-json\/wp\/v2\/media\/4826"}],"wp:attachment":[{"href":"https:\/\/monde25.info\/index.php\/wp-json\/wp\/v2\/media?parent=4825"}],"wp:term":[{"taxonomy":"category","embeddable":true,"href":"https:\/\/monde25.info\/index.php\/wp-json\/wp\/v2\/categories?post=4825"},{"taxonomy":"post_tag","embeddable":true,"href":"https:\/\/monde25.info\/index.php\/wp-json\/wp\/v2\/tags?post=4825"}],"curies":[{"name":"wp","href":"https:\/\/api.w.org\/{rel}","templated":true}]}}