{"id":4829,"date":"2025-03-20T13:28:14","date_gmt":"2025-03-20T12:28:14","guid":{"rendered":"https:\/\/monde25.info\/index.php\/2025\/03\/20\/bardella-critique-la-position-dedouard-philippe-sur-le-voile-et-veut-son-interdiction-meme-dans-la-rue-rt-en-francais\/"},"modified":"2025-03-20T13:28:14","modified_gmt":"2025-03-20T12:28:14","slug":"bardella-critique-la-position-dedouard-philippe-sur-le-voile-et-veut-son-interdiction-meme-dans-la-rue-rt-en-francais","status":"publish","type":"post","link":"https:\/\/monde25.info\/index.php\/2025\/03\/20\/bardella-critique-la-position-dedouard-philippe-sur-le-voile-et-veut-son-interdiction-meme-dans-la-rue-rt-en-francais\/","title":{"rendered":"Bardella critique la position d\u2019\u00c9douard Philippe sur le voile et veut son interdiction \u00abm\u00eame dans la rue\u00bb \u2014 RT en fran\u00e7ais"},"content":{"rendered":"<p> <br \/>\n<br \/><img decoding=\"async\" src=\"https:\/\/mf.b37mrtl.ru\/french\/images\/2025.03\/thumbnail\/67dc023a87f3ec1f1d24b9ca.jpg\" \/><\/p>\n<div>\n<p class=\"text__summary\">\n                                        Jordan Bardella critique vivement la position d\u2019\u00c9douard Philippe sur le port du voile dans le sport, qu\u2019il juge trop laxiste. D\u00e9fendant une ligne stricte sur la la\u00efcit\u00e9, il plaide pour une interdiction totale, y compris dans l\u2019espace public. Ce d\u00e9saccord illustre une fracture politique grandissante sur la question des signes religieux en France.\n                                    <\/p>\n<p>Mardi 18 mars, l\u2019ancien Premier ministre \u00c9douard Philippe a pris position sur le port du voile dans le sport, affirmant sur CNews que son interdiction totale serait \u00abcontraire \u00e0 la la\u00efcit\u00e9\u00bb. Selon lui, ce principe repose sur la \u00abneutralit\u00e9 absolue\u00bb des autorit\u00e9s publiques, mais garantit aussi la \u00ablibert\u00e9 des citoyens de pratiquer et manifester leur culte\u00bb. Il consid\u00e8re donc qu\u2019un bannissement g\u00e9n\u00e9ral du voile sportif ne serait pas justifi\u00e9, bien qu\u2019il admette que, dans certaines comp\u00e9titions, les f\u00e9d\u00e9rations sportives puissent fixer leurs propres r\u00e8gles.<\/p>\n<p>L\u2019ancien chef du gouvernement a n\u00e9anmoins reconnu que certaines situations n\u00e9cessitaient une certaine r\u00e9serve sur les signes religieux visibles. Il a notamment \u00e9voqu\u00e9 le cas des sportifs repr\u00e9sentant la France au niveau international, pour lesquels une obligation de neutralit\u00e9 pourrait \u00eatre impos\u00e9e. Pour lui, cette approche permet de concilier respect des libert\u00e9s individuelles et cadre r\u00e9publicain.<\/p>\n<p><strong>Bardella fustige des \u00abpropos ambigus\u00bb<\/strong><\/p>\n<p>Ces d\u00e9clarations ont imm\u00e9diatement suscit\u00e9 des critiques, notamment de la part du Rassemblement national. Sur RMC, Jordan Bardella a d\u00e9nonc\u00e9 des \u00abpropos extr\u00eamement ambigus\u00bb et a ironis\u00e9 sur le parti d\u2019\u00c9douard Philippe, Horizons, en affirmant que son nom \u00abrime avec soumission\u00bb. Il d\u00e9fend une ligne stricte sur le voile, souhaitant son interdiction non seulement dans le sport, mais aussi dans l\u2019ensemble de l\u2019espace public et dans la rue. Il a d\u2019ailleurs r\u00e9affirm\u00e9 que cette mesure \u00e9tait \u00abun objectif \u00e0 terme\u00bb pour son parti, mettant en avant la n\u00e9cessit\u00e9 d\u2019\u00e9tendre la loi de 2004, qui interdit d\u00e9j\u00e0 le voile dans les \u00e9coles publiques.<\/p>\n<p>Dans les rangs du RN, d\u2019autres figures ont renforc\u00e9 cette position. Julien Odoul a estim\u00e9 que les d\u00e9clarations d\u2019\u00c9douard Philippe pourraient \u00eatre \u00absalu\u00e9es par les Fr\u00e8res musulmans\u00bb, tandis que Fr\u00e9d\u00e9ric Falcon l\u2019a accus\u00e9 de \u00ablaisser l\u2019islamisme prosp\u00e9rer\u00bb. Pour le parti nationaliste, la question du voile d\u00e9passe le cadre sportif et touche directement \u00e0 l\u2019identit\u00e9 et \u00e0 la souverainet\u00e9 fran\u00e7aises.<\/p>\n<p><strong>Un d\u00e9bat qui divise la majorit\u00e9<\/strong><\/p>\n<p>Cette controverse intervient alors que le gouvernement de Fran\u00e7ois Bayrou peine \u00e0 afficher une position unie sur le sujet. D\u2019un c\u00f4t\u00e9, des ministres comme G\u00e9rald Darmanin ou Bruno Retailleau soutiennent une interdiction stricte, tandis que d\u2019autres, comme la ministre des Sports Marie Barsacq, plaident pour laisser aux f\u00e9d\u00e9rations la libert\u00e9 de d\u00e9cision. Face \u00e0 cette cacophonie, Fran\u00e7ois Bayrou a convoqu\u00e9 une r\u00e9union minist\u00e9rielle pour tenter d\u2019harmoniser les positions.<\/p>\n<p>La question du port du voile continue donc d\u2019alimenter le d\u00e9bat politique en France, et devrait encore s\u2019intensifier \u00e0 l\u2019approche des prochaines \u00e9ch\u00e9ances \u00e9lectorales.<\/p>\n<\/div>\n<p><br \/>\n<br \/><a href=\"https:\/\/francais.rt.com\/france\/118255-laicite-bardella-critique-position-dedouard-voile\" target=\"_blank\"\">Source link <\/a><\/p>\n","protected":false},"excerpt":{"rendered":"<p>Jordan Bardella critique vivement la position d\u2019\u00c9douard Philippe sur le port du voile dans le sport, qu\u2019il juge trop laxiste. D\u00e9fendant une ligne stricte sur la la\u00efcit\u00e9, il plaide pour&hellip; <\/p>\n","protected":false},"author":1,"featured_media":4830,"comment_status":"open","ping_status":"open","sticky":false,"template":"","format":"standard","meta":{"footnotes":""},"categories":[1],"tags":[],"class_list":["post-4829","post","type-post","status-publish","format-standard","has-post-thumbnail","hentry","category-non-classe"],"_links":{"self":[{"href":"https:\/\/monde25.info\/index.php\/wp-json\/wp\/v2\/posts\/4829","targetHints":{"allow":["GET"]}}],"collection":[{"href":"https:\/\/monde25.info\/index.php\/wp-json\/wp\/v2\/posts"}],"about":[{"href":"https:\/\/monde25.info\/index.php\/wp-json\/wp\/v2\/types\/post"}],"author":[{"embeddable":true,"href":"https:\/\/monde25.info\/index.php\/wp-json\/wp\/v2\/users\/1"}],"replies":[{"embeddable":true,"href":"https:\/\/monde25.info\/index.php\/wp-json\/wp\/v2\/comments?post=4829"}],"version-history":[{"count":0,"href":"https:\/\/monde25.info\/index.php\/wp-json\/wp\/v2\/posts\/4829\/revisions"}],"wp:featuredmedia":[{"embeddable":true,"href":"https:\/\/monde25.info\/index.php\/wp-json\/wp\/v2\/media\/4830"}],"wp:attachment":[{"href":"https:\/\/monde25.info\/index.php\/wp-json\/wp\/v2\/media?parent=4829"}],"wp:term":[{"taxonomy":"category","embeddable":true,"href":"https:\/\/monde25.info\/index.php\/wp-json\/wp\/v2\/categories?post=4829"},{"taxonomy":"post_tag","embeddable":true,"href":"https:\/\/monde25.info\/index.php\/wp-json\/wp\/v2\/tags?post=4829"}],"curies":[{"name":"wp","href":"https:\/\/api.w.org\/{rel}","templated":true}]}}