{"id":4833,"date":"2025-03-20T14:34:52","date_gmt":"2025-03-20T13:34:52","guid":{"rendered":"https:\/\/monde25.info\/index.php\/2025\/03\/20\/islamophobie-aucun-element-probant-contre-le-lycee-musulman-averroes-le-rapporteur-public-se-prononce-pour-le-retablissement-du-contrat-avec-letat\/"},"modified":"2025-03-20T14:34:52","modified_gmt":"2025-03-20T13:34:52","slug":"islamophobie-aucun-element-probant-contre-le-lycee-musulman-averroes-le-rapporteur-public-se-prononce-pour-le-retablissement-du-contrat-avec-letat","status":"publish","type":"post","link":"https:\/\/monde25.info\/index.php\/2025\/03\/20\/islamophobie-aucun-element-probant-contre-le-lycee-musulman-averroes-le-rapporteur-public-se-prononce-pour-le-retablissement-du-contrat-avec-letat\/","title":{"rendered":"Islamophobie : \u00ab Aucun \u00e9l\u00e9ment probant \u00bb contre le lyc\u00e9e musulman Averro\u00e8s : le rapporteur public se prononce pour le r\u00e9tablissement du contrat avec l\u2019\u00c9tat"},"content":{"rendered":"<p> <br \/>\n<\/p>\n<div>\n<p><span class=\"dropcap \" style=\"background-color: #ffffff; color: #000000; border-color: #ffffff;\"><strong>L<\/strong><\/span>e gouvernement fran\u00e7ais a d\u00e9clar\u00e9 la guerre totale contre l\u2019islam et les musulmans. En peu de temps, de nombreux \u00e9tablissements scolaires priv\u00e9s musulmans ont \u00e9t\u00e9 harcel\u00e9s pour \u00eatre ferm\u00e9s ou pour rompre les contrats d\u2019association avec l\u2019Etat qui, ainsi, cessera de payer les subventions. Nous l\u2019avons vu avec le contrat d\u2019association d\u2019Al-Kindi ! L\u2019\u00c9tat a r\u00e9sili\u00e9 le contrat d\u2019association d\u2019Al-Kindi car les enfants de CM1 ont r\u00e9alis\u00e9 des cartes de v\u0153ux de l\u2019A\u00efd ! Une islamophobie d\u2019\u00c9tat totalement assum\u00e9e et un pi\u00e9tinement manifeste du principe de la la\u00efcit\u00e9.<\/p>\n<hr\/>\n<figure id=\"attachment_6053339\" aria-describedby=\"caption-attachment-6053339\" style=\"width: 714px\" class=\"wp-caption aligncenter\"><a target=\"_blank\" href=\"https:\/\/i0.wp.com\/www.lelibrepenseur.org\/wp-content\/uploads\/2025\/03\/On-a-resilie-le-contrat-dassociation-dAlkindi-parce-que-les-enfants-de-CM1-y-faisait-des-cartes-de-voeux-de-laid.jpg?ssl=1\"><img data-recalc-dims=\"1\" loading=\"lazy\" decoding=\"async\" data-attachment-id=\"6053339\" data-permalink=\"https:\/\/www.lelibrepenseur.org\/islamophobie-aucun-element-probant-contre-le-lycee-musulman-averroes-le-rapporteur-public-se-prononce-pour-le-retablissement-du-contrat-avec-letat\/on-a-resilie-le-contrat-dassociation-dalkindi-parce-que-les-enfants-de-cm1-y-faisait-des-cartes-de-voeux-de-laid\/\" data-orig-file=\"https:\/\/i0.wp.com\/www.lelibrepenseur.org\/wp-content\/uploads\/2025\/03\/On-a-resilie-le-contrat-dassociation-dAlkindi-parce-que-les-enfants-de-CM1-y-faisait-des-cartes-de-voeux-de-laid.jpg?fit=1206%2C421&amp;ssl=1\" data-orig-size=\"1206,421\" data-comments-opened=\"1\" data-image-meta=\"{&quot;aperture&quot;:&quot;0&quot;,&quot;credit&quot;:&quot;&quot;,&quot;camera&quot;:&quot;&quot;,&quot;caption&quot;:&quot;&quot;,&quot;created_timestamp&quot;:&quot;0&quot;,&quot;copyright&quot;:&quot;&quot;,&quot;focal_length&quot;:&quot;0&quot;,&quot;iso&quot;:&quot;0&quot;,&quot;shutter_speed&quot;:&quot;0&quot;,&quot;title&quot;:&quot;&quot;,&quot;orientation&quot;:&quot;0&quot;}\" data-image-title=\"On a r\u00e9sili\u00e9 le contrat d\u2019association d\u2019Alkindi parce que les enfants de CM1 y faisait des cartes de v\u0153ux de l\u2019A\u00efd\" data-image-description=\"&lt;p&gt;at d\u2019association d\u2019Alkindi parce que les enfants de CM1 y faisait des cartes de v\u0153ux de l\u2019A\u00efd&lt;\/p&gt;&#10;\" data-image-caption=\"&lt;p&gt;at d\u2019association d\u2019Alkindi parce que les enfants de CM1 y faisait des cartes de v\u0153ux de l\u2019A\u00efd&lt;\/p&gt;&#10;\" data-medium-file=\"https:\/\/i0.wp.com\/www.lelibrepenseur.org\/wp-content\/uploads\/2025\/03\/On-a-resilie-le-contrat-dassociation-dAlkindi-parce-que-les-enfants-de-CM1-y-faisait-des-cartes-de-voeux-de-laid.jpg?fit=300%2C105&amp;ssl=1\" data-large-file=\"https:\/\/i0.wp.com\/www.lelibrepenseur.org\/wp-content\/uploads\/2025\/03\/On-a-resilie-le-contrat-dassociation-dAlkindi-parce-que-les-enfants-de-CM1-y-faisait-des-cartes-de-voeux-de-laid.jpg?fit=1024%2C357&amp;ssl=1\" class=\" wp-image-6053339\" data-pagespeed-lazy-src=\"https:\/\/i0.wp.com\/www.lelibrepenseur.org\/wp-content\/uploads\/2025\/03\/On-a-resilie-le-contrat-dassociation-dAlkindi-parce-que-les-enfants-de-CM1-y-faisait-des-cartes-de-voeux-de-laid.jpg?resize=714%2C249&amp;ssl=1\" alt=\"at d\u2019association d\u2019Alkindi parce que les enfants de CM1 y faisait des cartes de v\u0153ux de l\u2019A\u00efd\" width=\"714\" height=\"249\" data-pagespeed-lazy-srcset=\"https:\/\/i0.wp.com\/www.lelibrepenseur.org\/wp-content\/uploads\/2025\/03\/On-a-resilie-le-contrat-dassociation-dAlkindi-parce-que-les-enfants-de-CM1-y-faisait-des-cartes-de-voeux-de-laid.jpg?w=1206&amp;ssl=1 1206w, https:\/\/i0.wp.com\/www.lelibrepenseur.org\/wp-content\/uploads\/2025\/03\/On-a-resilie-le-contrat-dassociation-dAlkindi-parce-que-les-enfants-de-CM1-y-faisait-des-cartes-de-voeux-de-laid.jpg?resize=300%2C105&amp;ssl=1 300w, https:\/\/i0.wp.com\/www.lelibrepenseur.org\/wp-content\/uploads\/2025\/03\/On-a-resilie-le-contrat-dassociation-dAlkindi-parce-que-les-enfants-de-CM1-y-faisait-des-cartes-de-voeux-de-laid.jpg?resize=1024%2C357&amp;ssl=1 1024w, https:\/\/i0.wp.com\/www.lelibrepenseur.org\/wp-content\/uploads\/2025\/03\/On-a-resilie-le-contrat-dassociation-dAlkindi-parce-que-les-enfants-de-CM1-y-faisait-des-cartes-de-voeux-de-laid.jpg?resize=768%2C268&amp;ssl=1 768w, https:\/\/i0.wp.com\/www.lelibrepenseur.org\/wp-content\/uploads\/2025\/03\/On-a-resilie-le-contrat-dassociation-dAlkindi-parce-que-les-enfants-de-CM1-y-faisait-des-cartes-de-voeux-de-laid.jpg?resize=24%2C8&amp;ssl=1 24w, https:\/\/i0.wp.com\/www.lelibrepenseur.org\/wp-content\/uploads\/2025\/03\/On-a-resilie-le-contrat-dassociation-dAlkindi-parce-que-les-enfants-de-CM1-y-faisait-des-cartes-de-voeux-de-laid.jpg?resize=36%2C13&amp;ssl=1 36w, https:\/\/i0.wp.com\/www.lelibrepenseur.org\/wp-content\/uploads\/2025\/03\/On-a-resilie-le-contrat-dassociation-dAlkindi-parce-que-les-enfants-de-CM1-y-faisait-des-cartes-de-voeux-de-laid.jpg?resize=48%2C17&amp;ssl=1 48w, https:\/\/i0.wp.com\/www.lelibrepenseur.org\/wp-content\/uploads\/2025\/03\/On-a-resilie-le-contrat-dassociation-dAlkindi-parce-que-les-enfants-de-CM1-y-faisait-des-cartes-de-voeux-de-laid.jpg?resize=600%2C209&amp;ssl=1 600w, https:\/\/i0.wp.com\/www.lelibrepenseur.org\/wp-content\/uploads\/2025\/03\/On-a-resilie-le-contrat-dassociation-dAlkindi-parce-que-les-enfants-de-CM1-y-faisait-des-cartes-de-voeux-de-laid.jpg?resize=750%2C262&amp;ssl=1 750w, https:\/\/i0.wp.com\/www.lelibrepenseur.org\/wp-content\/uploads\/2025\/03\/On-a-resilie-le-contrat-dassociation-dAlkindi-parce-que-les-enfants-de-CM1-y-faisait-des-cartes-de-voeux-de-laid.jpg?resize=1140%2C398&amp;ssl=1 1140w\" sizes=\"auto, (max-width: 714px) 100vw, 714px\" src=\"\/pagespeed_static\/1.JiBnMqyl6S.gif\" onload=\"pagespeed.lazyLoadImages.loadIfVisibleAndMaybeBeacon(this);\" onerror=\"this.onerror=null;pagespeed.lazyLoadImages.loadIfVisibleAndMaybeBeacon(this);\"\/><\/a><figcaption id=\"caption-attachment-6053339\" class=\"wp-caption-text\">at d\u2019association d\u2019Alkindi parce que les enfants de CM1 y faisait des cartes de v\u0153ux de l\u2019A\u00efd<\/figcaption><\/figure>\n<hr\/>\n<p>Ensuite, ces derniers jours ce fut le cas de l\u2019\u00e9tablissement lyonnais, le lyc\u00e9e Averro\u00e8s. L\u2019avocat de l\u2019\u00e9tablissement, Ma\u00eetre Sefen Guez, a rapport\u00e9 les propos du repr\u00e9sentant du minist\u00e8re de l\u2019Int\u00e9rieur qui a os\u00e9 affirmer en plein tribunal qu\u2019il ne fallait surtout pas laisser des musulmans faire de hautes \u00e9tudes car ils auraient des postes importants et qu\u2019ils pourraient ainsi infiltrer l\u2019\u00c9tat et la r\u00e9publique. D\u00e9lire parano\u00efaque complotiste totalement assum\u00e9 ; accusations fallacieuses totalement islamophobes.<\/p>\n<p>Il faut croire que le gouvernement pr\u00e9f\u00e8re des Maghr\u00e9bins, ou des musulmans en g\u00e9n\u00e9ral, compl\u00e8tement d\u00e9c\u00e9r\u00e9br\u00e9s, amateurs de football et de rap, si possible compl\u00e8tement plong\u00e9s dans la consommation de cannabis et d\u2019alcool, les yeux riv\u00e9s sur leurs smartphones \u00e0 consommer de la culture am\u00e9ricaine, \u00e0 perdre 10 heures par jour de leur vie sur les r\u00e9seaux sociaux ou \u00e0 regarder de la t\u00e9l\u00e9r\u00e9alit\u00e9 abrutissante.<\/p>\n<\/div>\n<div>\n<h3><strong>La chasse aux musulmans est ouverte<\/strong><\/h3>\n<p><span class=\"css-1jxf684 r-bcqeeo r-1ttztb7 r-qvutc0 r-poiln3\">Dans <a target=\"_blank\" href=\"https:\/\/www.lemonde.fr\/societe\/article\/2025\/03\/09\/les-ecoles-privees-musulmanes-sous-contrat-face-aux-soupcons-de-l-etat_6577607_3224.html\"><em>Le Monde<\/em> du 9 mars 2025<\/a>, le minist\u00e8re de l\u2019Int\u00e9rieur B. Retailleau assume compl\u00e8tement une chasse aux \u00e9coles priv\u00e9es musulmanes. Ce qui ne sera pas le cas pour les \u00e9coles catholiques (ou juives), car selon lui les \u00e9coles musulmanes ont un \u00ab\u00a0projet politique\u00a0\u00bb alors que les autres \u00e9coles non. D\u00e9lire complotiste d\u2019une rare stupidit\u00e9 mais il le dit et le met en application.<\/span><\/p>\n<p>\u00c0 cause de ce comportement clairement discriminatoire, la France a \u00e9t\u00e9 condamn\u00e9e pour \u00ab\u00a0discrimination religieuse\u00a0\u00bb par le Comit\u00e9 des Droits de l\u2019Homme de l\u2019ONU. On imagine que Bruno Retailleau va crier au complot islamiste des Fr\u00e8res musulmans ou je ne sais quelle autre organisation. Au m\u00eame moment, son pr\u00e9sident, Emmanuel macron a d\u00e9cid\u00e9 d\u2019inviter le chef des int\u00e9gristes de HTS, qui a fait chuter la Syrie de Bachar,\u00a0 \u00e0 l\u2019\u00c9lys\u00e9e pour une visite d\u2019\u00c9tat.<\/p>\n<\/div>\n<div>\n<blockquote>\n<p class=\"chapo\"><strong>La pr\u00e9fecture du Nord avait d\u00e9cid\u00e9 en d\u00e9cembre 2023 de r\u00e9silier le contrat entre l\u2019\u00c9tat et le lyc\u00e9e musulman Averro\u00e8s \u00e0 Lille. Le rapporteur public a pr\u00e9conis\u00e9 mardi 18\u00a0mars de r\u00e9tablir ce contrat. La d\u00e9cision a \u00e9t\u00e9 mise en d\u00e9lib\u00e9r\u00e9 au 23\u00a0avril.<\/strong><\/p>\n<\/blockquote>\n<\/div>\n<p><br \/>\n<br \/><a href=\"https:\/\/www.lelibrepenseur.org\/islamophobie-aucun-element-probant-contre-le-lycee-musulman-averroes-le-rapporteur-public-se-prononce-pour-le-retablissement-du-contrat-avec-letat\/\" target=\"_blank\"\">Source link <\/a><\/p>\n","protected":false},"excerpt":{"rendered":"<p>Le gouvernement fran\u00e7ais a d\u00e9clar\u00e9 la guerre totale contre l\u2019islam et les musulmans. En peu de temps, de nombreux \u00e9tablissements scolaires priv\u00e9s musulmans ont \u00e9t\u00e9 harcel\u00e9s pour \u00eatre ferm\u00e9s ou&hellip; <\/p>\n","protected":false},"author":1,"featured_media":0,"comment_status":"open","ping_status":"open","sticky":false,"template":"","format":"standard","meta":{"footnotes":""},"categories":[1],"tags":[],"class_list":["post-4833","post","type-post","status-publish","format-standard","hentry","category-non-classe"],"_links":{"self":[{"href":"https:\/\/monde25.info\/index.php\/wp-json\/wp\/v2\/posts\/4833","targetHints":{"allow":["GET"]}}],"collection":[{"href":"https:\/\/monde25.info\/index.php\/wp-json\/wp\/v2\/posts"}],"about":[{"href":"https:\/\/monde25.info\/index.php\/wp-json\/wp\/v2\/types\/post"}],"author":[{"embeddable":true,"href":"https:\/\/monde25.info\/index.php\/wp-json\/wp\/v2\/users\/1"}],"replies":[{"embeddable":true,"href":"https:\/\/monde25.info\/index.php\/wp-json\/wp\/v2\/comments?post=4833"}],"version-history":[{"count":0,"href":"https:\/\/monde25.info\/index.php\/wp-json\/wp\/v2\/posts\/4833\/revisions"}],"wp:attachment":[{"href":"https:\/\/monde25.info\/index.php\/wp-json\/wp\/v2\/media?parent=4833"}],"wp:term":[{"taxonomy":"category","embeddable":true,"href":"https:\/\/monde25.info\/index.php\/wp-json\/wp\/v2\/categories?post=4833"},{"taxonomy":"post_tag","embeddable":true,"href":"https:\/\/monde25.info\/index.php\/wp-json\/wp\/v2\/tags?post=4833"}],"curies":[{"name":"wp","href":"https:\/\/api.w.org\/{rel}","templated":true}]}}