{"id":4834,"date":"2025-03-20T15:08:24","date_gmt":"2025-03-20T14:08:24","guid":{"rendered":"https:\/\/monde25.info\/index.php\/2025\/03\/20\/lammy-entends-tu-le-vol-noir-des-corbeaux-par-viktor-dedaj\/"},"modified":"2025-03-20T15:08:24","modified_gmt":"2025-03-20T14:08:24","slug":"lammy-entends-tu-le-vol-noir-des-corbeaux-par-viktor-dedaj","status":"publish","type":"post","link":"https:\/\/monde25.info\/index.php\/2025\/03\/20\/lammy-entends-tu-le-vol-noir-des-corbeaux-par-viktor-dedaj\/","title":{"rendered":"Lammy, entends-tu le vol noir des corbeaux&#8230; ? par Viktor DEDAJ"},"content":{"rendered":"<p> <br \/>\n<br \/><img loading=\"lazy\" decoding=\"async\" src=\"https:\/\/www.legrandsoir.info\/local\/cache-vignettes\/L150xH134\/images-49d5d.jpg?1742463271\" class=\"spip_logo spip_logo_left\" width=\"150\" height=\"134\" alt=\"\" \/> <\/p>\n<p>David Lammy, ministre des Affaires \u00e9trang\u00e8res de la Grande-Bretagne, a post\u00e9 hier (19 mars) sur Twitter\/X le message suivant : <br class=\"autobr\" \/><br \/>\n\u00ab\u00a0Je suis constern\u00e9 par le fait qu&rsquo;un b\u00e2timent de l&rsquo;ONU \u00e0 Gaza ait \u00e9t\u00e9 touch\u00e9 ce matin. Mes pens\u00e9es vont aux victimes et \u00e0 leurs familles. Cet incident doit faire l&rsquo;objet d&rsquo;une enqu\u00eate transparente et les responsables doivent rendre des comptes. Les Nations unies et les travailleurs humanitaires doivent \u00eatre prot\u00e9g\u00e9s.\u00a0\u00bb <br class=\"autobr\" \/><br \/>\nConstern\u00e9 comment ? Avec la bouche en cul de (\u2026)<\/p>\n<p><a target=\"_blank\" href=\"https:\/\/www.legrandsoir.info\/-nos-lecteurs-proposent-.html\" rel=\"directory\">Nos lecteurs proposent<\/a><br \/>\n \/ <a target=\"_blank\" href=\"https:\/\/www.legrandsoir.info\/+-gaza-+.html\" rel=\"tag\">Gaza<\/a><br \/>\n<br \/><br \/>\n<br \/><a href=\"https:\/\/www.legrandsoir.info\/lammy-entends-tu-le-vol-noir-des-corbeaux.html\" target=\"_blank\"\">Source link <\/a><\/p>\n","protected":false},"excerpt":{"rendered":"<p>David Lammy, ministre des Affaires \u00e9trang\u00e8res de la Grande-Bretagne, a post\u00e9 hier (19 mars) sur Twitter\/X le message suivant : \u00ab\u00a0Je suis constern\u00e9 par le fait qu&rsquo;un b\u00e2timent de l&rsquo;ONU&hellip; <\/p>\n","protected":false},"author":1,"featured_media":4835,"comment_status":"open","ping_status":"open","sticky":false,"template":"","format":"standard","meta":{"footnotes":""},"categories":[1],"tags":[],"class_list":["post-4834","post","type-post","status-publish","format-standard","has-post-thumbnail","hentry","category-non-classe"],"_links":{"self":[{"href":"https:\/\/monde25.info\/index.php\/wp-json\/wp\/v2\/posts\/4834","targetHints":{"allow":["GET"]}}],"collection":[{"href":"https:\/\/monde25.info\/index.php\/wp-json\/wp\/v2\/posts"}],"about":[{"href":"https:\/\/monde25.info\/index.php\/wp-json\/wp\/v2\/types\/post"}],"author":[{"embeddable":true,"href":"https:\/\/monde25.info\/index.php\/wp-json\/wp\/v2\/users\/1"}],"replies":[{"embeddable":true,"href":"https:\/\/monde25.info\/index.php\/wp-json\/wp\/v2\/comments?post=4834"}],"version-history":[{"count":0,"href":"https:\/\/monde25.info\/index.php\/wp-json\/wp\/v2\/posts\/4834\/revisions"}],"wp:featuredmedia":[{"embeddable":true,"href":"https:\/\/monde25.info\/index.php\/wp-json\/wp\/v2\/media\/4835"}],"wp:attachment":[{"href":"https:\/\/monde25.info\/index.php\/wp-json\/wp\/v2\/media?parent=4834"}],"wp:term":[{"taxonomy":"category","embeddable":true,"href":"https:\/\/monde25.info\/index.php\/wp-json\/wp\/v2\/categories?post=4834"},{"taxonomy":"post_tag","embeddable":true,"href":"https:\/\/monde25.info\/index.php\/wp-json\/wp\/v2\/tags?post=4834"}],"curies":[{"name":"wp","href":"https:\/\/api.w.org\/{rel}","templated":true}]}}