{"id":4836,"date":"2025-03-20T16:17:55","date_gmt":"2025-03-20T15:17:55","guid":{"rendered":"https:\/\/monde25.info\/index.php\/2025\/03\/20\/53-des-francais-disent-avoir-diminue-leur-consommation-de-viande\/"},"modified":"2025-03-20T16:17:55","modified_gmt":"2025-03-20T15:17:55","slug":"53-des-francais-disent-avoir-diminue-leur-consommation-de-viande","status":"publish","type":"post","link":"https:\/\/monde25.info\/index.php\/2025\/03\/20\/53-des-francais-disent-avoir-diminue-leur-consommation-de-viande\/","title":{"rendered":"53\u00a0% des Fran\u00e7ais disent avoir diminu\u00e9 leur consommation de viande"},"content":{"rendered":"<p> <br \/>\n<\/p>\n<div style=\"position:relative;\">\n        <picture><source type=\"image\/webp\" srcset=\"https:\/\/reporterre.net\/local\/cache-vignettes\/L720xH478\/5377131479_2dcdbdcd66_k-9d95a.jpg@.webp?1742481503\"><img loading=\"lazy\" decoding=\"async\" src=\"https:\/\/reporterre.net\/local\/cache-vignettes\/L720xH478\/5377131479_2dcdbdcd66_k-9d95a.jpg?1742481503\" width=\"720\" height=\"478\" alt=\"53&lt;small class=&quot;fine d-inline&quot;&gt;\u00a0&lt;\/small&gt;% des Fran\u00e7ais disent avoir diminu\u00e9 leur consommation de viande\" class=\"image_logo voir_logo\"\/><\/p>\n<p><\/source><\/picture>\n<p class=\"legende_logo\"> Les arguments \u00e9cologiques ne sont pas les principaux responsables de cette diminution de la consommation d\u2019aliments carn\u00e9s. <span class=\"copyright_logo\">&#8211; Flickr \/ CC BY 2.0 \/ Fr\u00e9d\u00e9rique Voisin-Demery<\/span><\/p>\n<p class=\"legende_logo_480\"> Les arguments \u00e9cologiques ne sont pas les principaux responsables de cette diminution de la consommation d\u2019aliments carn\u00e9s. <span class=\"copyright_logo\">&#8211; Flickr \/ CC BY 2.0 \/ Fr\u00e9d\u00e9rique Voisin-Demery<\/span><\/p>\n<\/p><\/div>\n<div>\n        <span class=\"date\">20 mars 2025  \u00e0 15h38<\/span><\/p>\n<p class=\"duree_lecture\">\n        Dur\u00e9e de lecture : 2 minutes\n      <\/p>\n<\/p><\/div>\n<div>\n<p>53<small class=\"fine d-inline\">\u00a0<\/small>% des Fran\u00e7ais disent avoir diminu\u00e9 leur consommation de viande depuis trois ans, selon un <a target=\"_blank\" href=\"https:\/\/reseauactionclimat.org\/barometre-sur-la-consommation-de-viande-des-francais-en-2025-quelles-nouvelles-tendances\/\" class=\"spip_out\" rel=\"external\">sondage<\/a> Harris Interactive command\u00e9 par le R\u00e9seau Action Climat, publi\u00e9 le 18\u00a0mars (r\u00e9alis\u00e9 sur une \u00e9chantillon repr\u00e9sentatif de 1\u00a0102 personnes). Un signal encourageant, alors que l\u2019industrie de la viande est responsable de 14,5<small class=\"fine d-inline\">\u00a0<\/small>% des \u00e9missions des gaz \u00e0 effet de serre mondiaux.<\/p>\n<p>Les arguments \u00e9cologiques ne sont cependant pas les principaux responsables de cette diminution \u2014 d\u00e9clar\u00e9e \u2014 de la consommation d\u2019aliments carn\u00e9s. 52<small class=\"fine d-inline\">\u00a0<\/small>% des sond\u00e9s avancent des raisons d\u2019ordre \u00e9conomique<small class=\"fine d-inline\">\u00a0<\/small>; 38<small class=\"fine d-inline\">\u00a0<\/small>% des raisons de sant\u00e9<small class=\"fine d-inline\">\u00a0<\/small>; 35<small class=\"fine d-inline\">\u00a0<\/small>% \u00e9voquent leur conscience environnementale et 33<small class=\"fine d-inline\">\u00a0<\/small>% leurs consid\u00e9ration pour le bien-\u00eatre animal. Si la raison \u00e9conomique reste majoritaire, elle est cependant en recul de 6 points par rapport \u00e0 2023, selon le <span class=\"caps\">RAC<\/span>.<\/p>\n<h2 class=\"spip\">Les r\u00e9gimes v\u00e9ganes sont jusqu\u2019\u00e0 100 fois moins polluants que les r\u00e9gimes carn\u00e9s<\/h2>\n<p>Point int\u00e9ressant\u00a0: le sondage se penche sur le r\u00f4le des pouvoirs publics dans nos choix alimentaires. 63<small class=\"fine d-inline\">\u00a0<\/small>% des sond\u00e9s estiment que <i>\u00ab<small class=\"fine d-inline\">\u00a0<\/small>l\u2019\u00c9tat n\u2019en fait pas assez pour encourager la population \u00e0 diminuer sa consommation de viande ou \u00e0 en consommer de meilleure qualit\u00e9<small class=\"fine d-inline\">\u00a0<\/small>\u00bb<\/i>. 85<small class=\"fine d-inline\">\u00a0<\/small>% des sond\u00e9s disent \u00eatre favorables aux actions visant \u00e0\u00a0sensibiliser \u00e0 l\u2019alimentation v\u00e9g\u00e9tale et encourager \u00e0 manger moins de viande, et 83<small class=\"fine d-inline\">\u00a0<\/small>% \u00e0 l\u2019interdiction de la publicit\u00e9 pour les produits alimentaires les plus nocifs pour la sant\u00e9 et la plan\u00e8te.<\/p>\n<p>Un tiers des Fran\u00e7ais mange toujours de la viande chaque jour. Selon l\u2019Agence de l\u2019environnement et de la ma\u00eetrise de l\u2019\u00e9nergie (Ademe), un repas v\u00e9g\u00e9tarien \u00e9met 14 fois moins de <span class=\"caps\">CO<\/span><sub>2<\/sub> qu\u2019un repas qui contient du b\u0153uf. Les r\u00e9gimes v\u00e9ganes sont, d\u2019apr\u00e8s une <a target=\"_blank\" href=\"https:\/\/reporterre.net\/Le-regime-vegane-jusqu-a-100-fois-moins-polluant-que-manger-de-la-viande\">\u00e9tude<\/a> publi\u00e9e dans la revue scientifique <i>Nature Food<\/i>, jusqu\u2019\u00e0 100 fois moins polluants que les r\u00e9gimes carn\u00e9s.<\/p>\n<aside class=\"boite_encarts\">\n<div class=\"encart encart_gris noprint\">\n<p><strong>Puisque vous \u00eates l\u00e0&#8230;<\/strong><\/p>\n<p>&#8230; nous avons un petit service \u00e0 vous demander.<br class=\"autobr\"\/><br \/>\nEntre la pr\u00e9sence d\u2019un climatosceptique \u00e0 la t\u00eate de la premi\u00e8re puissance mondiale, un gouvernement fran\u00e7ais qui flirte avec l\u2019extr\u00eame-droite, et les catastrophes climatiques qui s\u2019enchainent&#8230; Faire vivre l\u2019\u00e9cologie dans le d\u00e9bat public est un enjeu crucial.<\/p>\n<p>Personne ne modifie ce que nous publions. Nous n\u2019avons ni actionnaire, ni propri\u00e9taire milliardaire \u2014 seulement une \u00e9quipe d\u2019irr\u00e9ductibles journalistes, pleine de d\u00e9termination.<\/p>\n<p>Nous avons la conviction que l\u2019urgence \u00e9cologique est l\u2019enjeu majeur de notre \u00e9poque. Et comme plus de 2 millions de lectrices et lecteurs chaque mois, vous partagez sans doute cette conviction&#8230;<\/p>\n<p><strong>Depuis 12 ans, nous publions des articles de qualit\u00e9 sur l\u2019\u00e9cologie, en acc\u00e8s libre et sans publicit\u00e9, pour tous.<\/strong><br class=\"autobr\"\/><br \/>\nMais ce travail demande beaucoup de temps et de ressources.<\/p>\n<p>Alors, si vous en avez les moyens, sachez qu\u2019un don, m\u00eame d\u20191\u20ac, est un acte de soutien fort pour l\u2019\u00e9cologie et le journalisme ind\u00e9pendant.<br class=\"autobr\"\/><br \/>\n(Et \u00e7a vous prendra moins de temps que la lecture de ce texte).<\/p>\n<p><strong>Si vous le pouvez, choisissez un soutien mensuel. Merci.<\/strong><\/p>\n<p><a target=\"_blank\" href=\"https:\/\/reporterre.net\/dons\" class=\"bt_soutenir\">Je soutiens <i>Reporterre<\/i><\/a><\/p>\n<\/p><\/div>\n<div class=\"encart encart_vert noprint montre_1023\">\n<div class=\"infolettre-form-container noprint\">\n<p>Abonnez-vous \u00e0 la lettre d\u2019info de Reporterre<\/p>\n<\/div><\/div>\n<\/aside>\n<aside class=\"boite_apresarticle encart_note\">\n<h4>Apr\u00e8s cet article<\/h4>\n<p>      <a target=\"_blank\" href=\"https:\/\/reporterre.net\/Moins-de-viande-plus-d-amandes-comment-concilier-alimentation-et-climat\" class=\"lien_article\">\n      <picture class=\"vignette_gauche\"><source type=\"image\/webp\" srcset=\"https:\/\/reporterre.net\/local\/cache-vignettes\/L450xH300\/arton30926-75999.jpg@.webp?1737437263\"><img decoding=\"async\" src=\"https:\/\/reporterre.net\/local\/cache-vignettes\/L450xH300\/arton30926-75999.jpg?1737437263\" width=\"450\" height=\"300\" alt=\"\" class=\"marge12\" loading=\"lazy\"\/><br \/>\n<\/source><\/picture>\n<p class=\"libelle\">\n<p>      Alimentation\n    <\/p>\n<p class=\"titre pol20\">Moins de viande, plus d\u2019amandes\u00a0: comment concilier alimentation et climat<\/p>\n<p>      <\/a><br \/>\n    <\/aside>\n<aside class=\"boite_complement texte\">\n<p>      <!-- zone_forum --><br \/>\n          <\/aside>\n<aside class=\"boite_lireaussi noprint\">\n<\/aside>\n<aside class=\"colonne\">\n<div class=\"article_info cache_1023 noprint\">\n        <span class=\"date\">20 mars 2025  \u00e0 15h38<\/span><\/p>\n<p class=\"duree_lecture\">\n        Dur\u00e9e de lecture : 2 minutes\n      <\/p>\n<\/p><\/div>\n<div class=\"bloc_infolettre\">\n<div class=\"infolettre-form-container noprint\">\n<p>Abonnez-vous \u00e0 la lettre d\u2019info de Reporterre<\/p>\n<\/div><\/div>\n<\/aside>\n<div id=\"galerie\">\n  <img decoding=\"async\" src=\"\" class=\"principale\" id=\"principale\"\/><\/p>\n<p id=\"legende\">legende<\/p>\n<\/div>\n<footer class=\"noprint\">\n<\/footer>\n<\/div>\n<p><br \/>\n<br \/><a href=\"https:\/\/reporterre.net\/Plus-de-la-moitie-des-Francais-diminuent-leur-consommation-de-viande\" target=\"_blank\"\">Source link <\/a><\/p>\n","protected":false},"excerpt":{"rendered":"<p>Les arguments \u00e9cologiques ne sont pas les principaux responsables de cette diminution de la consommation d\u2019aliments carn\u00e9s. &#8211; Flickr \/ CC BY 2.0 \/ Fr\u00e9d\u00e9rique Voisin-Demery Les arguments \u00e9cologiques ne&hellip; <\/p>\n","protected":false},"author":1,"featured_media":4837,"comment_status":"open","ping_status":"open","sticky":false,"template":"","format":"standard","meta":{"footnotes":""},"categories":[1],"tags":[],"class_list":["post-4836","post","type-post","status-publish","format-standard","has-post-thumbnail","hentry","category-non-classe"],"_links":{"self":[{"href":"https:\/\/monde25.info\/index.php\/wp-json\/wp\/v2\/posts\/4836","targetHints":{"allow":["GET"]}}],"collection":[{"href":"https:\/\/monde25.info\/index.php\/wp-json\/wp\/v2\/posts"}],"about":[{"href":"https:\/\/monde25.info\/index.php\/wp-json\/wp\/v2\/types\/post"}],"author":[{"embeddable":true,"href":"https:\/\/monde25.info\/index.php\/wp-json\/wp\/v2\/users\/1"}],"replies":[{"embeddable":true,"href":"https:\/\/monde25.info\/index.php\/wp-json\/wp\/v2\/comments?post=4836"}],"version-history":[{"count":0,"href":"https:\/\/monde25.info\/index.php\/wp-json\/wp\/v2\/posts\/4836\/revisions"}],"wp:featuredmedia":[{"embeddable":true,"href":"https:\/\/monde25.info\/index.php\/wp-json\/wp\/v2\/media\/4837"}],"wp:attachment":[{"href":"https:\/\/monde25.info\/index.php\/wp-json\/wp\/v2\/media?parent=4836"}],"wp:term":[{"taxonomy":"category","embeddable":true,"href":"https:\/\/monde25.info\/index.php\/wp-json\/wp\/v2\/categories?post=4836"},{"taxonomy":"post_tag","embeddable":true,"href":"https:\/\/monde25.info\/index.php\/wp-json\/wp\/v2\/tags?post=4836"}],"curies":[{"name":"wp","href":"https:\/\/api.w.org\/{rel}","templated":true}]}}