{"id":4840,"date":"2025-03-20T17:23:44","date_gmt":"2025-03-20T16:23:44","guid":{"rendered":"https:\/\/monde25.info\/index.php\/2025\/03\/20\/sanctions-port-de-la-cravate-lassemblee-cherche-des-solutions-pour-calmer-ses-debats\/"},"modified":"2025-03-20T17:23:44","modified_gmt":"2025-03-20T16:23:44","slug":"sanctions-port-de-la-cravate-lassemblee-cherche-des-solutions-pour-calmer-ses-debats","status":"publish","type":"post","link":"https:\/\/monde25.info\/index.php\/2025\/03\/20\/sanctions-port-de-la-cravate-lassemblee-cherche-des-solutions-pour-calmer-ses-debats\/","title":{"rendered":"Sanctions, port de la cravate : l&rsquo;Assembl\u00e9e cherche des solutions pour calmer ses d\u00e9bats"},"content":{"rendered":"<p> <br \/>\n<\/p>\n<div>\n<p><span data-contrast=\"none\">Nouvelles sanctions \u00e0 l&rsquo;encontre des d\u00e9put\u00e9s, fin des s\u00e9ances de nuit, cravate obligatoire : les chefs des diff\u00e9rents groupes politiques de l&rsquo;Assembl\u00e9e mettent sur la table des propositions pour faire baisser d&rsquo;un cran la tension dans l&rsquo;h\u00e9micycle, sans toutefois parvenir \u00e0 s&rsquo;accorder.<\/span><span data-ccp-props=\"{&quot;134233117&quot;:false,&quot;134233118&quot;:false,&quot;335559738&quot;:300,&quot;335559739&quot;:300}\">\u00a0<\/span><\/p>\n<p><span data-contrast=\"none\">D\u00e9put\u00e9s insoumis accus\u00e9s d&rsquo;\u00eatre antis\u00e9mites, \u00e9lus du Rassemblement national tax\u00e9s de p\u00e9tainistes, interventions inaudibles&#8230; Ces derni\u00e8res semaines, des incidents ont \u00e9maill\u00e9 les d\u00e9bats et raviv\u00e9 l&rsquo;atmosph\u00e8re \u00e9lectrique qui pr\u00e9vaut depuis 2022 dans une Assembl\u00e9e polaris\u00e9e et sans majorit\u00e9, o\u00f9 tout semble possible, y compris sous drogue dure.<\/span><span data-ccp-props=\"{&quot;134233117&quot;:false,&quot;134233118&quot;:false,&quot;335559738&quot;:300,&quot;335559739&quot;:300}\">\u00a0<\/span><\/p>\n<p><span data-contrast=\"none\">L\u00e0 o\u00f9 l\u2019exemple devrait \u00eatre donn\u00e9, et o\u00f9 une certaine tenue, dans les ors de la R\u00e9publique, se devrait d\u2019\u00eatre respect\u00e9e (encore faut-il savoir-faire un n\u0153ud de cravate), la cacophonie r\u00e8gne, les noms d\u2019oiseau pleuvent, et la pression monte contre certains que l\u2019on souhaite m\u00eame voir disparaitre.<\/span><span data-ccp-props=\"{&quot;134233117&quot;:false,&quot;134233118&quot;:false,&quot;335559738&quot;:300,&quot;335559739&quot;:300}\">\u00a0<\/span><\/p>\n<p><span data-contrast=\"none\">Et si les Insoumis revendiquent \u00ab\u00a0d&rsquo;exprimer la col\u00e8re des gens\u00a0\u00bb dans l&rsquo;h\u00e9micycle face \u00e0 un gouvernement qu&rsquo;ils accusent de d\u00e9ni de d\u00e9mocratie, les lep\u00e9nistes pariaient jusqu&rsquo;alors davantage sur une strat\u00e9gie de notabilisation pour gagner en respectabilit\u00e9.<\/span><span data-ccp-props=\"{&quot;134233117&quot;:false,&quot;134233118&quot;:false,&quot;335559738&quot;:300,&quot;335559739&quot;:300}\">\u00a0<\/span><\/p>\n<p><span data-contrast=\"none\">Mais, \u00ab\u00a0depuis quelques semaines, on voit que les d\u00e9put\u00e9s du Rassemblement national sortent de leur strat\u00e9gie du gendre id\u00e9al et de la cravate\u00a0\u00bb, estime Erwan Balanant, \u00e0 l&rsquo;origine avec les autres d\u00e9put\u00e9s MoDem d&rsquo;un groupe \u00ab\u00a0anti-bordel\u00a0\u00bb lanc\u00e9 d\u00e9but f\u00e9vrier.<\/span><span data-ccp-props=\"{&quot;134233117&quot;:false,&quot;134233118&quot;:false,&quot;335559738&quot;:300,&quot;335559739&quot;:300}\">\u00a0<\/span><\/p>\n<p><span data-contrast=\"none\">Apr\u00e8s la non-censure de Fran\u00e7ois Bayrou sur le budget, il y a eu une volont\u00e9 de hausser le ton chez certains au RN, par peur de ne plus \u00eatre per\u00e7us comme faisant partie de l&rsquo;opposition, confirme un des leurs.<\/span><span data-ccp-props=\"{&quot;134233117&quot;:false,&quot;134233118&quot;:false,&quot;335559738&quot;:300,&quot;335559739&quot;:300}\">\u00a0<\/span><\/p>\n<p><span data-contrast=\"none\">Plus largement, face \u00e0 des \u00ab\u00a0injures\u00a0\u00bb, \u00ab\u00a0invectives\u00a0\u00bb et \u00ab\u00a0mises en cause personnelles\u00a0\u00bb qu&rsquo;elle juge \u00ab\u00a0trop fr\u00e9quentes\u00a0\u00bb, la pr\u00e9sidente de l&rsquo;Assembl\u00e9e Ya\u00ebl Braun-Pivet a convoqu\u00e9 une r\u00e9union des pr\u00e9sidents de groupe mercredi sur le fonctionnement de l&rsquo;institution.<\/span><span data-ccp-props=\"{&quot;134233117&quot;:false,&quot;134233118&quot;:false,&quot;335559738&quot;:300,&quot;335559739&quot;:300}\">\u00a0<\/span><\/p>\n<p><span data-contrast=\"none\">\u00ab\u00a0Les Fran\u00e7ais m&rsquo;en parlent syst\u00e9matiquement\u00a0\u00bb, rel\u00e8ve la titulaire du perchoir, assurant que la tenue des d\u00e9bats est la premi\u00e8re question \u00e9voqu\u00e9e dans les courriers qui lui parviennent.<\/span><span data-ccp-props=\"{&quot;134233117&quot;:false,&quot;134233118&quot;:false,&quot;335559738&quot;:300,&quot;335559739&quot;:300}\">\u00a0<\/span><\/p>\n<p><span data-contrast=\"none\">Au cours de la r\u00e9union, \u00ab\u00a0tous ont convenu qu&rsquo;il fallait que la tension baisse d&rsquo;un cran\u00a0\u00bb, s&rsquo;est-elle f\u00e9licit\u00e9e. Mais aucune des mesures propos\u00e9es n&rsquo;a fait consensus.<\/span><span data-ccp-props=\"{&quot;134233117&quot;:false,&quot;134233118&quot;:false,&quot;335559738&quot;:300,&quot;335559739&quot;:300}\">\u00a0<\/span><\/p>\n<p><span data-contrast=\"none\">Le port obligatoire de la cravate pour les hommes, propos\u00e9 par Les R\u00e9publicains, a fait chou blanc. Tout comme leur proposition de donner au pr\u00e9sident de s\u00e9ance le pouvoir imm\u00e9diat d&rsquo;exclure de l&rsquo;Assembl\u00e9e durant 24 heures \u00ab\u00a0un d\u00e9put\u00e9 fauteur de trouble\u00a0\u00bb.<\/span><span data-ccp-props=\"{&quot;134233117&quot;:false,&quot;134233118&quot;:false,&quot;335559738&quot;:300,&quot;335559739&quot;:300}\">\u00a0<\/span><\/p>\n<p><span data-contrast=\"none\">Mme Braun-Pivet y est fermement oppos\u00e9e, refusant qu&rsquo;une d\u00e9cision \u00ab\u00a0pas coll\u00e9giale (&#8230;) puisse priver un parlementaire de son droit de vote\u00a0\u00bb.<\/span><span data-ccp-props=\"{&quot;134233117&quot;:false,&quot;134233118&quot;:false,&quot;335559738&quot;:300,&quot;335559739&quot;:300}\">\u00a0<\/span><\/p>\n<p><span data-contrast=\"none\" data-ccp-parastyle=\"heading 2\"><strong>&#8211; Duels \u00e0 l&rsquo;\u00e9p\u00e9e &#8211;<\/strong><\/span><span data-ccp-props=\"{&quot;134233117&quot;:false,&quot;134233118&quot;:false,&quot;134245418&quot;:true,&quot;134245529&quot;:true,&quot;201341983&quot;:0,&quot;335559738&quot;:600,&quot;335559739&quot;:360,&quot;335559740&quot;:450}\">\u00a0<\/span><\/p>\n<p><span data-contrast=\"none\">A ce jour, seul le Bureau de l&rsquo;Assembl\u00e9e, sa plus haute instance ex\u00e9cutive, peut proposer une exclusion temporaire pour 15 jours de s\u00e9ance, plus lourde peine pr\u00e9vue par le r\u00e8glement, qui doit ensuite \u00eatre valid\u00e9e par un vote dans l&rsquo;h\u00e9micycle.<\/span><span data-ccp-props=\"{&quot;134233117&quot;:false,&quot;134233118&quot;:false,&quot;335559738&quot;:300,&quot;335559739&quot;:300}\">\u00a0<\/span><\/p>\n<p><span data-contrast=\"none\">Trois autres sanctions existent : le simple rappel \u00e0 l&rsquo;ordre ; le rappel \u00e0 l&rsquo;ordre avec inscription au proc\u00e8s-verbal qui entra\u00eene la perte pour le d\u00e9put\u00e9 d&rsquo;un quart de son indemnit\u00e9 pendant un mois ; la censure qui le prive sur la m\u00eame p\u00e9riode de la moiti\u00e9 de son indemnit\u00e9 et doit aussi \u00eatre valid\u00e9e par un vote de l&rsquo;Assembl\u00e9e.<\/span><span data-ccp-props=\"{&quot;134233117&quot;:false,&quot;134233118&quot;:false,&quot;335559738&quot;:300,&quot;335559739&quot;:300}\">\u00a0<\/span><\/p>\n<p><span data-contrast=\"none\">Certains groupes poussent pour la cr\u00e9ation d&rsquo;une nouvelle mesure coercitive, mais \u00ab\u00a0aucun consensus\u00a0\u00bb ne s&rsquo;est d\u00e9gag\u00e9, selon Mme Braun-Pivet.<\/span><span data-ccp-props=\"{&quot;134233117&quot;:false,&quot;134233118&quot;:false,&quot;335559738&quot;:300,&quot;335559739&quot;:300}\">\u00a0<\/span><\/p>\n<p><span data-contrast=\"none\">Paul Christophe, chef des d\u00e9put\u00e9s Horizons, se dit favorable \u00e0 \u00ab\u00a0des sanctions interm\u00e9diaires\u00a0\u00bb de \u00ab\u00a0dissuasion\u00a0\u00bb, invoquant l&rsquo;image d&rsquo;un carton jaune au football.<\/span><span data-ccp-props=\"{&quot;134233117&quot;:false,&quot;134233118&quot;:false,&quot;335559738&quot;:300,&quot;335559739&quot;:300}\">\u00a0<\/span><\/p>\n<p><span data-contrast=\"none\">Pour l&rsquo;Insoumis Antoine L\u00e9aument, \u00ab\u00a0il ne devrait pas y avoir de sanctions quoi qu&rsquo;un d\u00e9put\u00e9 dise, surtout au vu du deux poids deux mesures qui r\u00e8gne dans cet h\u00e9micycle\u00a0\u00bb.<\/span><span data-ccp-props=\"{&quot;134233117&quot;:false,&quot;134233118&quot;:false,&quot;335559738&quot;:300,&quot;335559739&quot;:300}\">\u00a0<\/span><\/p>\n<p><span data-contrast=\"none\">Autre proposition, la fin des s\u00e9ances de nuit.<\/span><span data-ccp-props=\"{&quot;134233117&quot;:false,&quot;134233118&quot;:false,&quot;335559738&quot;:300,&quot;335559739&quot;:300}\">\u00a0<\/span><\/p>\n<p><span data-contrast=\"none\">Certains des incidents r\u00e9cents ont en effet \u00e9clat\u00e9 durant ces s\u00e9ances qui s&rsquo;\u00e9tendent jusqu&rsquo;\u00e0 minuit, parfois plus tard. Les d\u00e9put\u00e9s mettent en cause la fatigue et, quelques fois, un exc\u00e8s d&rsquo;alcool au diner.<\/span><span data-ccp-props=\"{&quot;134233117&quot;:false,&quot;134233118&quot;:false,&quot;335559738&quot;:300,&quot;335559739&quot;:300}\">\u00a0<\/span><\/p>\n<p><span data-contrast=\"none\">L&rsquo;id\u00e9e port\u00e9e par des d\u00e9put\u00e9s MoDem semble faire son chemin et rassembler plus largement. Une nouvelle r\u00e9union est fix\u00e9e au 9 avril.<\/span><span data-ccp-props=\"{&quot;134233117&quot;:false,&quot;134233118&quot;:false,&quot;335559738&quot;:300,&quot;335559739&quot;:300}\">\u00a0<\/span><\/p>\n<p><span data-contrast=\"none\">En attendant, la pr\u00e9sidente a appel\u00e9 les chefs de groupes \u00e0 intervenir pour \u00ab\u00a0ramener le calme parmi leurs troupes\u00a0\u00bb.<\/span><span data-ccp-props=\"{&quot;134233117&quot;:false,&quot;134233118&quot;:false,&quot;335559738&quot;:300,&quot;335559739&quot;:300}\">\u00a0<\/span><\/p>\n<p><span data-contrast=\"none\">Mais y-a-t-il v\u00e9ritablement plus de \u00ab\u00a0bordel\u00a0\u00bb aujourd&rsquo;hui ? Pas s\u00fbr, selon elle.<\/span><span data-ccp-props=\"{&quot;134233117&quot;:false,&quot;134233118&quot;:false,&quot;335559738&quot;:300,&quot;335559739&quot;:300}\">\u00a0<\/span><\/p>\n<p><span data-contrast=\"none\">\u00ab\u00a0Tous ceux qui connaissent l&rsquo;histoire parlementaire et cet h\u00e9micycle, savent \u00e0 quel point, il a \u00e9t\u00e9 le t\u00e9moin de d\u00e9bats incroyablement violents et \u00e9ruptifs\u00a0\u00bb, expliquait-elle lundi \u00e0 des \u00e9tudiants.<\/span><span data-ccp-props=\"{&quot;134233117&quot;:false,&quot;134233118&quot;:false,&quot;335559738&quot;:300,&quot;335559739&quot;:300}\">\u00a0<\/span><\/p>\n<p><span data-contrast=\"none\">Duels \u00e0 l&rsquo;\u00e9p\u00e9e, d\u00e9put\u00e9s refusant de quitter l&rsquo;h\u00e9micycle, pr\u00e9sident poursuivi dans les couloirs par des \u00e9lus : dans les livres, les \u00e9pisodes de heurts ne manquent pas. Mais, pour Mme Braun-Pivet, les r\u00e9seaux sociaux et les s\u00e9ances film\u00e9es en direct leur donnent une tout autre r\u00e9sonance.<\/span><span data-ccp-props=\"{&quot;134233117&quot;:false,&quot;134233118&quot;:false,&quot;335559738&quot;:300,&quot;335559739&quot;:300}\">\u00a0<\/span><\/p>\n<p><span data-ccp-props=\"{}\">\u00a0<\/span><\/p>\n<\/div>\n<p><script>(function(d, s, id) {  var js, fjs = d.getElementsByTagName(s)[0];  if (d.getElementById(id)) return;  js = d.createElement(s); js.id = id;  js.src = \"\/\/connect.facebook.net\/fr_FR\/sdk.js#xfbml=1&version=v2.3\";  fjs.parentNode.insertBefore(js, fjs);}(document, \"script\", \"facebook-jssdk\"));<\/script><br \/>\n<br \/><br \/>\n<br \/><a href=\"https:\/\/www.francesoir.fr\/politique-france\/sanctions-port-de-la-cravate-l-assemblee-cherche-des-solutions-pour-calmer-ses\" target=\"_blank\"\">Source link <\/a><\/p>\n","protected":false},"excerpt":{"rendered":"<p>Nouvelles sanctions \u00e0 l&rsquo;encontre des d\u00e9put\u00e9s, fin des s\u00e9ances de nuit, cravate obligatoire : les chefs des diff\u00e9rents groupes politiques de l&rsquo;Assembl\u00e9e mettent sur la table des propositions pour faire&hellip; <\/p>\n","protected":false},"author":1,"featured_media":4841,"comment_status":"open","ping_status":"open","sticky":false,"template":"","format":"standard","meta":{"footnotes":""},"categories":[1],"tags":[],"class_list":["post-4840","post","type-post","status-publish","format-standard","has-post-thumbnail","hentry","category-non-classe"],"_links":{"self":[{"href":"https:\/\/monde25.info\/index.php\/wp-json\/wp\/v2\/posts\/4840","targetHints":{"allow":["GET"]}}],"collection":[{"href":"https:\/\/monde25.info\/index.php\/wp-json\/wp\/v2\/posts"}],"about":[{"href":"https:\/\/monde25.info\/index.php\/wp-json\/wp\/v2\/types\/post"}],"author":[{"embeddable":true,"href":"https:\/\/monde25.info\/index.php\/wp-json\/wp\/v2\/users\/1"}],"replies":[{"embeddable":true,"href":"https:\/\/monde25.info\/index.php\/wp-json\/wp\/v2\/comments?post=4840"}],"version-history":[{"count":0,"href":"https:\/\/monde25.info\/index.php\/wp-json\/wp\/v2\/posts\/4840\/revisions"}],"wp:featuredmedia":[{"embeddable":true,"href":"https:\/\/monde25.info\/index.php\/wp-json\/wp\/v2\/media\/4841"}],"wp:attachment":[{"href":"https:\/\/monde25.info\/index.php\/wp-json\/wp\/v2\/media?parent=4840"}],"wp:term":[{"taxonomy":"category","embeddable":true,"href":"https:\/\/monde25.info\/index.php\/wp-json\/wp\/v2\/categories?post=4840"},{"taxonomy":"post_tag","embeddable":true,"href":"https:\/\/monde25.info\/index.php\/wp-json\/wp\/v2\/tags?post=4840"}],"curies":[{"name":"wp","href":"https:\/\/api.w.org\/{rel}","templated":true}]}}