{"id":4848,"date":"2025-03-20T19:39:04","date_gmt":"2025-03-20T18:39:04","guid":{"rendered":"https:\/\/monde25.info\/index.php\/2025\/03\/20\/israel-fait-sa-declaration-dintention-genocidaire-la-plus-explicite-a-ce-jour\/"},"modified":"2025-03-20T19:39:04","modified_gmt":"2025-03-20T18:39:04","slug":"israel-fait-sa-declaration-dintention-genocidaire-la-plus-explicite-a-ce-jour","status":"publish","type":"post","link":"https:\/\/monde25.info\/index.php\/2025\/03\/20\/israel-fait-sa-declaration-dintention-genocidaire-la-plus-explicite-a-ce-jour\/","title":{"rendered":"Isra\u00ebl fait sa d\u00e9claration d&rsquo;intention g\u00e9nocidaire la plus explicite \u00e0 ce jour"},"content":{"rendered":"<p> <br \/>\n<\/p>\n<div style=\"word-wrap:break-word;\">\n<p>Le ministre isra\u00e9lien de la d\u00e9fense, Isra\u00ebl Katz, <a target=\"_blank\" href=\"https:\/\/x.com\/Israel_katz\/status\/1902388250053861589\" class=\"spip_out\" rel=\"external\">a publi\u00e9 une d\u00e9claration<\/a> explicite d\u2019intention g\u00e9nocidaire \u00e0 l\u2019\u00e9gard de la population de Gaza, mena\u00e7ant les civils de l\u2019enclave d\u2019une punition collective sous la forme d\u2019une \u00ab\u00a0d\u00e9vastation totale\u00a0\u00bb s\u2019ils ne trouvent pas le moyen de renverser le Hamas et de lib\u00e9rer tous les otages isra\u00e9liens.<\/p>\n<p>La d\u00e9claration de M.\u00a0Katz <a target=\"_blank\" href=\"https:\/\/x.com\/DropSiteNews\/status\/1902384311128510919\" class=\"spip_out\" rel=\"external\">se lit comme suit<\/a>\u00a0:<\/p>\n<blockquote class=\"spip\">\n<p> \u00ab\u00a0R\u00e9sidents de Gaza, ceci est votre dernier avertissement. Le premier Sinwar a d\u00e9truit Gaza, et le second Sinwar entra\u00eenera sa ruine totale. L\u2019attaque de l\u2019arm\u00e9e de l\u2019air isra\u00e9lienne contre les terroristes du Hamas n\u2019\u00e9tait que la premi\u00e8re \u00e9tape. Ce qui suivra sera bien plus dur, et vous en supporterez tout le co\u00fbt.<\/p>\n<p> \u00ab\u00a0L\u2019\u00e9vacuation de la population des zones de combat reprendra bient\u00f4t. Si tous les otages isra\u00e9liens ne sont pas lib\u00e9r\u00e9s et si le Hamas n\u2019est pas chass\u00e9 de Gaza, Isra\u00ebl agira avec une force que vous n\u2019avez jamais connue auparavant.<\/p>\n<p> \u00ab\u00a0Suivez le conseil du pr\u00e9sident am\u00e9ricain\u00a0: rendez les otages et chassez le Hamas, et de nouvelles options s\u2019ouvriront \u00e0 vous, y compris la relocalisation dans d\u2019autres parties du monde pour ceux qui le souhaitent. L\u2019alternative est la destruction et la d\u00e9vastation totale\u00a0\u00bb.<\/p>\n<\/blockquote>\n<p><center><iframe loading=\"lazy\" title=\"Israel Makes Its Most Explicit Statement Of Genocidal Intent\u00a0Yet\" width=\"1110\" height=\"624\" src=\"https:\/\/www.youtube.com\/embed\/68oJWxbxVtM?feature=oembed\" frameborder=\"0\" allow=\"accelerometer; autoplay; clipboard-write; encrypted-media; gyroscope; picture-in-picture; web-share\" referrerpolicy=\"strict-origin-when-cross-origin\" allowfullscreen><\/iframe><\/center><\/p>\n<p>Lorsque Katz dit \u00ab\u00a0Suivez le conseil du pr\u00e9sident am\u00e9ricain\u00a0\u00bb, il fait r\u00e9f\u00e9rence \u00e0 <a target=\"_blank\" href=\"https:\/\/x.com\/POTUS\/status\/1897408268982464524\" class=\"spip_out\" rel=\"external\">une d\u00e9claration faite par le pr\u00e9sident Trump<\/a> au d\u00e9but du mois, qui a fait essentiellement la m\u00eame menace adress\u00e9e \u00ab\u00a0au peuple de Gaza\u00a0\u00bb, en disant\u00a0: \u00ab\u00a0Un bel avenir vous attend, mais pas si vous retenez des otages. Si vous le faites, vous \u00eates MORTS\u00a0! Prenez une d\u00e9cision intelligente. LIB\u00c9REZ LES OTAGES MAINTENANT, OU IL Y AURA UN ENFER \u00c0 PAYER PLUS TARD\u00a0!\u00a0\u00bb<\/p>\n<p><center><\/p>\n<blockquote class=\"twitter-tweet\">\n<p lang=\"en\" dir=\"ltr\">This is a message to the residents of Gaza\u00a0: The first Sinwar destroyed Gaza, and the second Sinwar will bring its complete ruin. Soon, the evacuation of the population from combat zones will resume, and what follows will be far more severe\u2014you will pay the full price. Return the\u2026 <a target=\"_blank\" href=\"https:\/\/t.co\/zkLCwXHX43\">pic.twitter.com\/zkLCwXHX43<\/a><\/p>\n<p>\u2014 \u05d9\u05e9\u05e8\u05d0\u05dc \u05db\u201d\u05e5 Israel Katz (@Israel_katz) <a target=\"_blank\" href=\"https:\/\/twitter.com\/Israel_katz\/status\/1902388250053861589?ref_src=twsrc%5Etfw\">March 19, 2025<\/a><\/p>\n<\/blockquote>\n<p> <\/center><\/p>\n<p>Lorsque j\u2019ai critiqu\u00e9 le pr\u00e9sident am\u00e9ricain pour ces remarques qui menacent explicitement les civils de Gaza, j\u2019ai re\u00e7u un d\u00e9luge de partisans de Trump me disant qu\u2019il ne parlait pas <i>vraiment<\/i> de \u00ab\u00a0la population de Gaza\u00a0\u00bb comme il l\u2019a dit, mais qu\u2019il ne parlait plut\u00f4t que de ceux qui retiennent activement des otages. La d\u00e9claration de M.\u00a0Katz montre clairement qu\u2019ils avaient tort et que ceux d\u2019entre nous qui ont appel\u00e9 un chat un chat \u00e0 l\u2019\u00e9poque avaient raison.<\/p>\n<p>Le ministre isra\u00e9lien de la d\u00e9fense ne fait que suivre la position de Trump et r\u00e9it\u00e9rer ce que tous ceux qui ne sont pas des partisans \u00e0 \u0153ill\u00e8res savaient que Trump disait il y a deux semaines. Il le fait exactement de la m\u00eame mani\u00e8re que Benjamin Netanyahou a suivi la position de Trump sur le nettoyage ethnique de Gaza le mois dernier en <a target=\"_blank\" href=\"https:\/\/www.theguardian.com\/world\/2025\/feb\/17\/netanyahu-committed-to-trumps-plan-to-take-over-gaza\" class=\"spip_out\" rel=\"external\">approuvant avec enthousiasme<\/a> le plan propos\u00e9 par Trump pour <a target=\"_blank\" href=\"https:\/\/news.antiwar.com\/2025\/02\/10\/trump-says-no-right-of-return-for-palestinians-in-gaza-under-his-plan\/\" class=\"spip_out\" rel=\"external\">expulser d\u00e9finitivement tous les Palestiniens<\/a> de l\u2019enclave. Trump propose un plan, et les responsables isra\u00e9liens le mettent en \u0153uvre.<\/p>\n<p>Les gouvernements am\u00e9ricain et isra\u00e9lien menacent donc ouvertement l\u2019ensemble de la population de la bande de Gaza du <a target=\"_blank\" href=\"https:\/\/en.wikipedia.org\/wiki\/Collective_punishment\" class=\"spip_out\" rel=\"external\">crime de guerre de punition collective<\/a> s\u2019ils ne chassent pas le Hamas de Gaza, et annoncent en outre leur intention d\u2019infliger une \u00ab\u00a0d\u00e9vastation totale\u00a0\u00bb \u00e0 cette population s\u2019ils ne le font pas.<\/p>\n<p>Il s\u2019agit l\u00e0 de l\u2019aveu le plus explicite possible d\u2019une intention g\u00e9nocidaire.<\/p>\n<p>Dans le cadre du proc\u00e8s pour g\u00e9nocide intent\u00e9 \u00e0 Isra\u00ebl devant la Cour internationale de justice, les procureurs sud-africains ont rassembl\u00e9 <a target=\"_blank\" href=\"https:\/\/x.com\/SuppressedNws\/status\/1745437807605113296\" class=\"spip_out\" rel=\"external\">une montagne de preuves<\/a> attestant de l\u2019intention des responsables isra\u00e9liens de commettre un g\u00e9nocide \u00e0 Gaza. Ainsi, M.\u00a0Netanyahou a qualifi\u00e9 la population de Gaza d\u2019\u00ab\u00a0Amalek\u00a0\u00bb, en r\u00e9f\u00e9rence \u00e0 un r\u00e9cit biblique relatant l\u2019histoire d\u2019un peuple qui a \u00e9t\u00e9 compl\u00e8tement an\u00e9anti sur ordre de Dieu, ou l\u2019ancien ministre isra\u00e9lien de la d\u00e9fense, Yoav Gallant, a d\u00e9crit les Palestiniens de Gaza comme des \u00ab\u00a0animaux humains\u00a0\u00bb tout en d\u00e9clarant un \u00ab\u00a0si\u00e8ge total\u00a0\u00bb de l\u2019enclave.<\/p>\n<p>Raz Segal et Penny Green, d\u2019Al Jazeera, <a target=\"_blank\" href=\"https:\/\/www.aljazeera.com\/opinions\/2024\/1\/14\/intent-in-the-genocide-case-against-israel-is-not-hard-to-prove\" class=\"spip_out\" rel=\"external\">ont \u00e9crit ce qui suit<\/a> \u00e0 propos de l\u2019affaire de la CIJ l\u2019ann\u00e9e derni\u00e8re\u00a0:<\/p>\n<blockquote class=\"spip\">\n<p> \u00ab\u00a0Le crime de g\u00e9nocide comporte deux \u00e9l\u00e9ments &#8211; l\u2019intention et l\u2019ex\u00e9cution &#8211; qui doivent tous deux \u00eatre prouv\u00e9s lorsque des accusations sont port\u00e9es&#8230; L\u2019intention est g\u00e9n\u00e9ralement plus difficile \u00e0 prouver lorsque des accusations de g\u00e9nocide sont port\u00e9es\u00a0; le requ\u00e9rant doit \u00eatre en mesure de prouver \u00ab\u00a0l\u2019intention de d\u00e9truire, en tout ou en partie, un groupe national, ethnique, racial ou religieux, comme tel\u00a0\u00bb, selon les termes de la Convention des Nations unies pour la pr\u00e9vention et la r\u00e9pression du crime de g\u00e9nocide. Mais dans le cas d\u2019Isra\u00ebl, l\u2019intention a \u00e9galement \u00e9t\u00e9 mise \u00e0 nu par un grand nombre de preuves, comme l\u2019a soulign\u00e9 l\u2019\u00e9quipe juridique sud-africaine\u00a0\u00bb.<\/p>\n<\/blockquote>\n<p>La d\u00e9claration de M.\u00a0Katz est probablement l\u2019aveu le plus clair et le plus explicite \u00e0 ce jour. Il est difficile d\u2019imaginer une d\u00e9claration d\u2019intention g\u00e9nocidaire plus claire que la diffusion d\u2019une vid\u00e9o adress\u00e9e \u00e0 une population civile la mena\u00e7ant de \u00ab\u00a0d\u00e9vastation totale\u00a0\u00bb si elle ne fait pas ce qu\u2019on lui dit de faire.<\/p>\n<p>Nous pouvons \u00eatre s\u00fbrs que ces d\u00e9clarations de Katz et de Trump ont \u00e9t\u00e9 ajout\u00e9es aux dossiers de ceux qui esp\u00e8rent pouvoir un jour poursuivre avec succ\u00e8s ces monstres pour crimes de guerre. Nous pouvons \u00e9galement \u00eatre s\u00fbrs qu\u2019elles seront enregistr\u00e9es dans ce qui sera finalement consid\u00e9r\u00e9 comme l\u2019un des chapitres les plus sombres de l\u2019histoire de notre civilisation.<\/p>\n<p><strong>Caitlin Johnstone <\/strong><\/p>\n<p><i>Traduction \u00ab\u00a0comment dit-on<\/i> Mein Kampf <i>en h\u00e9breu, d\u00e9j\u00e0\u00a0?\u00a0\u00bb par Viktor Dedaj avec probablement toutes les fautes et coquilles habituelles<\/i><\/p>\n<\/div>\n<p><script async src=\"\/\/platform.twitter.com\/widgets.js\" charset=\"utf-8\"><\/script><script async defer>(function(d, s, id) {\nvar js, fjs = d.getElementsByTagName(s)[0];\nif (d.getElementById(id)) return;\njs = d.createElement(s); js.id = id;\njs.src=\"https:\/\/connect.facebook.net\/fr_FR\/sdk.js#xfbml=1&version=v3.0\";\nfjs.parentNode.insertBefore(js, fjs);\n}(document, 'script', 'facebook-jssdk'));<\/script><br \/>\n<br \/><br \/>\n<br \/><a href=\"https:\/\/www.legrandsoir.info\/israel-fait-sa-declaration-d-intention-genocidaire-la-plus-explicite-a-ce-jour.html\" target=\"_blank\"\">Source link <\/a><\/p>\n","protected":false},"excerpt":{"rendered":"<p>Le ministre isra\u00e9lien de la d\u00e9fense, Isra\u00ebl Katz, a publi\u00e9 une d\u00e9claration explicite d\u2019intention g\u00e9nocidaire \u00e0 l\u2019\u00e9gard de la population de Gaza, mena\u00e7ant les civils de l\u2019enclave d\u2019une punition collective&hellip; <\/p>\n","protected":false},"author":1,"featured_media":4849,"comment_status":"open","ping_status":"open","sticky":false,"template":"","format":"standard","meta":{"footnotes":""},"categories":[1],"tags":[],"class_list":["post-4848","post","type-post","status-publish","format-standard","has-post-thumbnail","hentry","category-non-classe"],"_links":{"self":[{"href":"https:\/\/monde25.info\/index.php\/wp-json\/wp\/v2\/posts\/4848","targetHints":{"allow":["GET"]}}],"collection":[{"href":"https:\/\/monde25.info\/index.php\/wp-json\/wp\/v2\/posts"}],"about":[{"href":"https:\/\/monde25.info\/index.php\/wp-json\/wp\/v2\/types\/post"}],"author":[{"embeddable":true,"href":"https:\/\/monde25.info\/index.php\/wp-json\/wp\/v2\/users\/1"}],"replies":[{"embeddable":true,"href":"https:\/\/monde25.info\/index.php\/wp-json\/wp\/v2\/comments?post=4848"}],"version-history":[{"count":0,"href":"https:\/\/monde25.info\/index.php\/wp-json\/wp\/v2\/posts\/4848\/revisions"}],"wp:featuredmedia":[{"embeddable":true,"href":"https:\/\/monde25.info\/index.php\/wp-json\/wp\/v2\/media\/4849"}],"wp:attachment":[{"href":"https:\/\/monde25.info\/index.php\/wp-json\/wp\/v2\/media?parent=4848"}],"wp:term":[{"taxonomy":"category","embeddable":true,"href":"https:\/\/monde25.info\/index.php\/wp-json\/wp\/v2\/categories?post=4848"},{"taxonomy":"post_tag","embeddable":true,"href":"https:\/\/monde25.info\/index.php\/wp-json\/wp\/v2\/tags?post=4848"}],"curies":[{"name":"wp","href":"https:\/\/api.w.org\/{rel}","templated":true}]}}