{"id":4854,"date":"2025-03-20T21:19:39","date_gmt":"2025-03-20T20:19:39","guid":{"rendered":"https:\/\/monde25.info\/index.php\/2025\/03\/20\/a-gaza-lhorreur-continue\/"},"modified":"2025-03-20T21:19:39","modified_gmt":"2025-03-20T20:19:39","slug":"a-gaza-lhorreur-continue","status":"publish","type":"post","link":"https:\/\/monde25.info\/index.php\/2025\/03\/20\/a-gaza-lhorreur-continue\/","title":{"rendered":"\u00c0 Gaza, l\u2019horreur continue"},"content":{"rendered":"<p> <br \/>\n<\/p>\n<div>\n<p class=\"indication_lieu\">Beyrouth (Liban), correspondance<\/p>\n<p>La sid\u00e9ration et l\u2019horreur. Des corps d\u2019enfants empil\u00e9s dans des morgues, des familles en pleurs entre les d\u00e9combres de leurs maisons oblit\u00e9r\u00e9es. Si ces sc\u00e8nes de destruction sont devenues quasi-quotidiennes \u00e0 Gaza depuis le 7\u00a0octobre 2023, les bombardements isra\u00e9liens massifs ayant fait plus de 400 victimes palestiniennes, sans compter les bless\u00e9s, depuis mardi 18\u00a0mars choquent le monde entier. Le 20\u00a0mars, des troupes isra\u00e9liennes ont m\u00eame \u00e9t\u00e9 d\u00e9ploy\u00e9es au sol\u00a0: l\u2019offensive terrestre s\u2019ajoute \u00e0 l\u2019attaque a\u00e9rienne.<\/p>\n<p>En pleine tr\u00eave, en plein mois saint de Ramadan\u00a0: les bombes ont surpris les Gazaouis qui venaient de rentrer par milliers chez eux, profitant d\u2019un r\u00e9pit in\u00e9dit.<\/p>\n<p><i>\u00ab<small class=\"fine d-inline\">\u00a0<\/small>Nous avons \u00e9t\u00e9 r\u00e9veill\u00e9s \u00e0 2\u00a0heures du matin [mardi] par des frappes a\u00e9riennes tr\u00e8s lourdes, comme au tout d\u00e9but de la guerre. L\u2019endroit o\u00f9 je me trouvais \u00e0 Rafah [dans le sud de la bande de Gaza] secouait, le sol tremblait<small class=\"fine d-inline\">\u00a0<\/small>\u00bb<\/i>, t\u00e9moigne aupr\u00e8s de <i>Reporterre<\/i> le docteur Mohammed Abu Moughaisib, coordinateur m\u00e9dical adjoint de M\u00e9decins sans fronti\u00e8res (<span class=\"caps\">MSF<\/span>) dans le sud de la bande de Gaza.<\/p>\n<p>Son coll\u00e8gue, le docteur Mohamed Qishta, raconte des sc\u00e8nes apocalyptiques \u00e0 l\u2019h\u00f4pital el-Nasser. <i>\u00ab<small class=\"fine d-inline\">\u00a0<\/small>C\u2019\u00e9tait un d\u00e9sastre, nous avons re\u00e7u beaucoup de bouts de corps de femmes et d\u2019enfants, les morts s\u2019entassaient dans les urgences<small class=\"fine d-inline\">\u00a0<\/small>\u00bb<\/i>, dit-il dans des messages vocaux transmis \u00e0 <i>Reporterre<\/i>. <i>\u00ab<small class=\"fine d-inline\">\u00a0<\/small>Nous priions que nos proches ne soient pas parmi les morts, des m\u00e9decins pleuraient et plusieurs se sont effondr\u00e9s \u00e0 cause de l\u2019intensit\u00e9 de la situation<small class=\"fine d-inline\">\u00a0<\/small>\u00bb<\/i>, ajoute-t-il.<\/p>\n<p>Leur peur est partag\u00e9e par les Gazaouis. <i>\u00ab<small class=\"fine d-inline\">\u00a0<\/small>Je suis terrifi\u00e9 \u00e0 l\u2019id\u00e9e que la guerre et les d\u00e9placements reviennent<small class=\"fine d-inline\">\u00a0<\/small>\u00bb<\/i>, t\u00e9moigne Majed Abu Safyia, une Gazaouie de 31\u00a0ans, par messages WhatsApp. <i>\u00ab<small class=\"fine d-inline\">\u00a0<\/small>J\u2019\u00e9tais heureuse parce que ma fille Manal, 7\u00a0ans, avait repris sa vie et ses \u00e9tudes, mais la situation s\u2019est depuis aggrav\u00e9e.<small class=\"fine d-inline\">\u00a0<\/small>\u00bb<\/i><\/p>\n<h2 class=\"spip\">Un Ramadan sous le signe de la famine<\/h2>\n<p>Au terme de presque 500\u00a0jours d\u2019une guerre souvent qualifi\u00e9e de g\u00e9nocidaire, faisant au moins 48\u00a0500 victimes palestiniennes jusque-l\u00e0, un accord de tr\u00eave avait \u00e9t\u00e9 trouv\u00e9 entre le Hamas et Isra\u00ebl le 19\u00a0f\u00e9vrier. Il a permis le retour de 38 Isra\u00e9liens, morts ou vivants, captur\u00e9s par le mouvement islamiste le 7\u00a0octobre 2023, ainsi que de 2\u00a0300 prisonniers palestiniens, arr\u00eat\u00e9s et enferm\u00e9s souvent arbitrairement par les forces d\u2019occupation isra\u00e9liennes.<\/p>\n<p>Des milliers de familles gazaouies, d\u00e9plac\u00e9es par les bombardements, ont pu rentrer chez elles et commencer \u00e0 reb\u00e2tir leurs maisons d\u00e9truites. <i>\u00ab<small class=\"fine d-inline\">\u00a0<\/small>Apr\u00e8s avoir \u00e9t\u00e9 d\u00e9plac\u00e9 onze fois pendant la guerre, j\u2019ai retrouv\u00e9 ma maison d\u00e9truite et j\u2019ai emm\u00e9nag\u00e9 dans celle de mon fr\u00e8re [tu\u00e9 dans une frappe a\u00e9rienne]. Ma fille et moi \u00e9tions heureux de revenir dans notre quartier, m\u00eame si la douleur subsistait<small class=\"fine d-inline\">\u00a0<\/small>\u00bb<\/i>, \u00e9crit Majd Ahmed Abu Safiya.<\/p>\n<p>Le Ramadan, mois saint de l\u2019Islam, devait apporter joie et convivialit\u00e9 chez les Gazaouis. <i>\u00ab<small class=\"fine d-inline\">\u00a0<\/small>La chose la plus agr\u00e9able est d\u2019aller avec ma famille le soir sur le bord de mer de Gaza, de boire du caf\u00e9, de manger du qatayef [p\u00e2tisseries \u00e0 la cr\u00e8me] et des sucreries<small class=\"fine d-inline\">\u00a0<\/small>\u00bb<\/i>, d\u00e9crit le p\u00e8re de famille. C\u2019\u00e9tait sans compter sur les violations r\u00e9p\u00e9t\u00e9es de l\u2019accord par Isra\u00ebl, avec des bombardements continus et le blocage de l\u2019aide humanitaire le 2\u00a0mars dernier.<\/p>\n<p>Pendant leur mois saint, les habitants de Gaza ont \u00e9t\u00e9 priv\u00e9s d\u2019\u00e9lectricit\u00e9, de nourriture, et m\u00eame d\u2019eau potable \u2014 la majorit\u00e9 des infrastructures publiques \u00e9tant d\u00e9truites ou hors service faute de carburant. <i>\u00ab<small class=\"fine d-inline\">\u00a0<\/small>Au d\u00e9but de la tr\u00eave, l\u2019aide parvenait \u00e0 tout le monde, la nourriture \u00e9tait suffisante et vari\u00e9e, et les prix convenaient \u00e0 tout le monde, mais avec la fermeture des points de passage, la situation a chang\u00e9 et est devenue catastrophique<small class=\"fine d-inline\">\u00a0<\/small>\u00bb<\/i>, \u00e9crit le jeune homme, qui dit manger principalement des bo\u00eetes de conserves pour la rupture du je\u00fbne.<\/p>\n<p>La situation politique s\u2019est, elle aussi, enfonc\u00e9e dans la stagnation. Aucun \u00e9change d\u2019otages n\u2019a eu lieu depuis le 26\u00a0f\u00e9vrier, et les deux camps s\u2019accusent mutuellement de vouloir torpiller l\u2019accord de tr\u00eave. C\u2019est maintenant chose faite\u00a0: l\u2019attaque surprise, nomm\u00e9e <i>\u00ab<small class=\"fine d-inline\">\u00a0<\/small>op\u00e9ration enfer<small class=\"fine d-inline\">\u00a0<\/small>\u00bb<\/i> par l\u2019\u00e9tat-major isra\u00e9lien, r\u00e9duit \u00e0 n\u00e9ant l\u2019espoir des Gazaouis et des familles des prisonniers.<\/p>\n<blockquote class=\"spip\">\n<p>\u00ab<small class=\"fine d-inline\">\u00a0<\/small>Les cons\u00e9quences psychologiques sont \u00e9normes<small class=\"fine d-inline\">\u00a0<\/small>\u00bb<\/p>\n<\/blockquote>\n<p><i>\u00ab<small class=\"fine d-inline\">\u00a0<\/small>Voir les bombes de nouveau pleuvoir sur leurs t\u00eates et les corps s\u2019empiler, apr\u00e8s des semaines de tr\u00eave, est inimaginable [pour les Gazaouis]. Les cons\u00e9quences psychologiques de ces bombardements sont \u00e9normes<small class=\"fine d-inline\">\u00a0<\/small>\u00bb<\/i>, temp\u00eate Omar Sharkir, directeur de Human Rights Watch pour la r\u00e9gion Isra\u00ebl\/Palestine, joint au t\u00e9l\u00e9phone par <i>Reporterre<\/i>.<\/p>\n<p>Selon lui et d\u2019autres experts, Isra\u00ebl vise \u00e0 infliger la terreur afin de pousser le Hamas \u00e0 lib\u00e9rer les 58 otages isra\u00e9liens restants \u2014 voire \u00e0 se rendre. Un objectif assum\u00e9 par le premier ministre isra\u00e9lien Benjamin Netanyahou. <i>\u00ab<small class=\"fine d-inline\">\u00a0<\/small>Ce qui s\u2019est pass\u00e9 \u00e0 Gaza n\u2019est que le d\u00e9but<small class=\"fine d-inline\">\u00a0<\/small>\u00bb<\/i>, a-t-il d\u00e9clar\u00e9 lors d\u2019une allocution t\u00e9l\u00e9vis\u00e9e mardi 18\u00a0mars au soir, assurant que <i>\u00ab<small class=\"fine d-inline\">\u00a0<\/small>d\u00e9sormais les n\u00e9gociations ne se d\u00e9rouleront que sous le feu<small class=\"fine d-inline\">\u00a0<\/small>\u00bb<\/i>.<\/p>\n<p><i>\u00ab<small class=\"fine d-inline\">\u00a0<\/small>Les vies humaines ne devraient jamais \u00eatre une monnaie d\u2019\u00e9change pour des n\u00e9gociations, c\u2019est une violation flagrante du droit international<small class=\"fine d-inline\">\u00a0<\/small>\u00bb<\/i>, s\u2019indigne Omar Sharkir. <i>\u00ab<small class=\"fine d-inline\">\u00a0<\/small>M\u00eame s\u2019il va falloir une investigation pouss\u00e9e, ces bombardements s\u2019inscrivent d\u2019ores et d\u00e9j\u00e0 dans la lign\u00e9e des autres crimes de guerre isra\u00e9liens \u00e0 Gaza.<small class=\"fine d-inline\">\u00a0<\/small>\u00bb<\/i><\/p>\n<p>Depuis mardi, les d\u00e9nonciations de l\u2019<span class=\"caps\">ONU<\/span>, de l\u2019Union europ\u00e9enne et des organisations de d\u00e9fense des droits humains pleuvent. Mais derri\u00e8re les paroles, les actes manquent. Pour Sharkir, <i>\u00ab<small class=\"fine d-inline\">\u00a0<\/small>ces atrocit\u00e9s r\u00e9sultent directement de l\u2019incapacit\u00e9 de la communaut\u00e9 internationale \u00e0 sanctionner le gouvernement isra\u00e9lien pour ses crimes de guerre et \u00e0 mettre en \u0153uvre le mandat d\u2019arr\u00eat de la Cour p\u00e9nale internationale [\u00e0 l\u2019encontre de Benyamin Netanyahu]<small class=\"fine d-inline\">\u00a0<\/small>\u00bb<\/i>.<\/p>\n<hr class=\"spip\"\/>\n<p><strong>Pourquoi Reporterre couvre ce conflit\u00a0:<\/strong><\/p>\n<p><i>Y a-t-il un angle \u00e9cologique dans l\u2019horreur<small class=\"fine d-inline\">\u00a0<\/small>? Comment trouver le moyen de parler de l\u2019abomination<small class=\"fine d-inline\">\u00a0<\/small>? Comment raconter l\u2019\u00e9cocide quand le crime de guerre abat des bombes sur des femmes et des enfants<small class=\"fine d-inline\">\u00a0<\/small>? Depuis octobre 2023, l\u2019\u00e9quipe de <\/i>Reporterre<i> s\u2019astreint \u00e0 montrer que derri\u00e8re le g\u00e9nocide commis par l\u2019\u00c9tat d\u2019Isra\u00ebl, il y a l\u2019eau, les terres, les plantes, montrer que comme pour tout \u00e9v\u00e9nement humain, l\u2019on peut porter un regard \u00e9cologique.  <a target=\"_blank\" href=\"https:\/\/reporterre.net\/Gaza-ou-la-fin-de-l-humanite\">Ce crime commis par le gouvernement d\u2019extr\u00eame droite de M.\u00a0Netanyahou concerne l\u2019humanit\u00e9<\/a>. Aujourd\u2019hui, notre correspondant au Liban raconte le nouveau drame subi par une population innocente. <\/i>Reporterre<i>, solidaire de l\u2019humanit\u00e9, solidaire de la Palestine, participera aux <a target=\"_blank\" href=\"https:\/\/reporterre.net\/Les-Assises-pour-la-Palestine-a-Pantin-Seine-Saint-Denis\">Assises pour la Palestine<\/a>, le 5 et 6\u00a0avril \u00e0 Pantin et animera un d\u00e9bat sur les cons\u00e9quences \u00e9cologiques de la guerre. &#8211; <strong>Herv\u00e9 Kempf<\/strong>.<\/i><\/p>\n<aside class=\"boite_encarts\">\n<div class=\"encart encart_gris noprint\">\n<p><strong>Puisque vous \u00eates l\u00e0&#8230;<\/strong><\/p>\n<p>&#8230; nous avons un petit service \u00e0 vous demander.<br class=\"autobr\"\/><br \/>\nEntre la pr\u00e9sence d\u2019un climatosceptique \u00e0 la t\u00eate de la premi\u00e8re puissance mondiale, un gouvernement fran\u00e7ais qui flirte avec l\u2019extr\u00eame-droite, et les catastrophes climatiques qui s\u2019enchainent&#8230; Faire vivre l\u2019\u00e9cologie dans le d\u00e9bat public est un enjeu crucial.<\/p>\n<p>Personne ne modifie ce que nous publions. Nous n\u2019avons ni actionnaire, ni propri\u00e9taire milliardaire \u2014 seulement une \u00e9quipe d\u2019irr\u00e9ductibles journalistes, pleine de d\u00e9termination.<\/p>\n<p>Nous avons la conviction que l\u2019urgence \u00e9cologique est l\u2019enjeu majeur de notre \u00e9poque. Et comme plus de 2 millions de lectrices et lecteurs chaque mois, vous partagez sans doute cette conviction&#8230;<\/p>\n<p><strong>Depuis 12 ans, nous publions des articles de qualit\u00e9 sur l\u2019\u00e9cologie, en acc\u00e8s libre et sans publicit\u00e9, pour tous.<\/strong><br class=\"autobr\"\/><br \/>\nMais ce travail demande beaucoup de temps et de ressources.<\/p>\n<p>Alors, si vous en avez les moyens, sachez qu\u2019un don, m\u00eame d\u20191\u20ac, est un acte de soutien fort pour l\u2019\u00e9cologie et le journalisme ind\u00e9pendant.<br class=\"autobr\"\/><br \/>\n(Et \u00e7a vous prendra moins de temps que la lecture de ce texte).<\/p>\n<p><strong>Si vous le pouvez, choisissez un soutien mensuel. Merci.<\/strong><\/p>\n<p><a target=\"_blank\" href=\"https:\/\/reporterre.net\/dons\" class=\"bt_soutenir\">Je soutiens <i>Reporterre<\/i><\/a><\/p>\n<\/p><\/div>\n<div class=\"encart encart_vert noprint montre_1023\">\n<div class=\"infolettre-form-container noprint\">\n<p>Abonnez-vous \u00e0 la lettre d\u2019info de Reporterre<\/p>\n<\/div><\/div>\n<\/aside>\n<aside class=\"boite_apresarticle encart_note\">\n<h4>Apr\u00e8s cet article<\/h4>\n<p>      <a target=\"_blank\" href=\"https:\/\/reporterre.net\/Gaza-au-milieu-de-la-catastrophe-faire-revenir-la-vie\" class=\"lien_article\">\n      <picture class=\"vignette_gauche\"><source type=\"image\/webp\" srcset=\"https:\/\/reporterre.net\/local\/cache-vignettes\/L450xH300\/afp__20250120__36ut66e__v1__highres__palestinianisraelconflict_1_-7fe5a.jpg@.webp?1737382799\"><img decoding=\"async\" src=\"https:\/\/reporterre.net\/local\/cache-vignettes\/L450xH300\/afp__20250120__36ut66e__v1__highres__palestinianisraelconflict_1_-7fe5a.jpg?1737382799\" width=\"450\" height=\"300\" alt=\"\" class=\"marge12\" loading=\"lazy\"\/><br \/>\n<\/source><\/picture>\n<p class=\"libelle\">\n<p>      Monde\n    <\/p>\n<p class=\"titre pol20\">Gaza\u00a0: au milieu de la catastrophe, faire revenir la vie<\/p>\n<p>      <\/a><br \/>\n    <\/aside>\n<aside class=\"boite_complement texte\">\n<p>      <!-- zone_forum --><br \/>\n          <\/aside>\n<aside class=\"boite_lireaussi noprint\">\n<\/aside>\n<aside class=\"colonne\">\n<div class=\"article_info cache_1023 noprint\">\n<p>    <span class=\"date\">20 mars 2025  \u00e0 16h49<\/span><\/p>\n<p class=\"duree_lecture\">\n        Dur\u00e9e de lecture : 6 minutes\n      <\/p>\n<\/p><\/div>\n<div class=\"bloc_infolettre\">\n<div class=\"infolettre-form-container noprint\">\n<p>Abonnez-vous \u00e0 la lettre d\u2019info de Reporterre<\/p>\n<\/div><\/div>\n<\/aside>\n<div id=\"galerie\">\n  <img decoding=\"async\" src=\"\" class=\"principale\" id=\"principale\"\/><\/p>\n<p id=\"legende\">legende<\/p>\n<\/div>\n<footer class=\"noprint\">\n<\/footer>\n<\/div>\n<p><br \/>\n<br \/><a href=\"https:\/\/reporterre.net\/A-Gaza-l-horreur-continue\" target=\"_blank\"\">Source link <\/a><\/p>\n","protected":false},"excerpt":{"rendered":"<p>Beyrouth (Liban), correspondance La sid\u00e9ration et l\u2019horreur. Des corps d\u2019enfants empil\u00e9s dans des morgues, des familles en pleurs entre les d\u00e9combres de leurs maisons oblit\u00e9r\u00e9es. Si ces sc\u00e8nes de destruction&hellip; <\/p>\n","protected":false},"author":1,"featured_media":4855,"comment_status":"open","ping_status":"open","sticky":false,"template":"","format":"standard","meta":{"footnotes":""},"categories":[1],"tags":[],"class_list":["post-4854","post","type-post","status-publish","format-standard","has-post-thumbnail","hentry","category-non-classe"],"_links":{"self":[{"href":"https:\/\/monde25.info\/index.php\/wp-json\/wp\/v2\/posts\/4854","targetHints":{"allow":["GET"]}}],"collection":[{"href":"https:\/\/monde25.info\/index.php\/wp-json\/wp\/v2\/posts"}],"about":[{"href":"https:\/\/monde25.info\/index.php\/wp-json\/wp\/v2\/types\/post"}],"author":[{"embeddable":true,"href":"https:\/\/monde25.info\/index.php\/wp-json\/wp\/v2\/users\/1"}],"replies":[{"embeddable":true,"href":"https:\/\/monde25.info\/index.php\/wp-json\/wp\/v2\/comments?post=4854"}],"version-history":[{"count":0,"href":"https:\/\/monde25.info\/index.php\/wp-json\/wp\/v2\/posts\/4854\/revisions"}],"wp:featuredmedia":[{"embeddable":true,"href":"https:\/\/monde25.info\/index.php\/wp-json\/wp\/v2\/media\/4855"}],"wp:attachment":[{"href":"https:\/\/monde25.info\/index.php\/wp-json\/wp\/v2\/media?parent=4854"}],"wp:term":[{"taxonomy":"category","embeddable":true,"href":"https:\/\/monde25.info\/index.php\/wp-json\/wp\/v2\/categories?post=4854"},{"taxonomy":"post_tag","embeddable":true,"href":"https:\/\/monde25.info\/index.php\/wp-json\/wp\/v2\/tags?post=4854"}],"curies":[{"name":"wp","href":"https:\/\/api.w.org\/{rel}","templated":true}]}}