{"id":4860,"date":"2025-03-20T23:01:39","date_gmt":"2025-03-20T22:01:39","guid":{"rendered":"https:\/\/monde25.info\/index.php\/2025\/03\/20\/limiter-les-pansements-pour-panser-les-plaies-de-la-securite-sociale\/"},"modified":"2025-03-20T23:01:39","modified_gmt":"2025-03-20T22:01:39","slug":"limiter-les-pansements-pour-panser-les-plaies-de-la-securite-sociale","status":"publish","type":"post","link":"https:\/\/monde25.info\/index.php\/2025\/03\/20\/limiter-les-pansements-pour-panser-les-plaies-de-la-securite-sociale\/","title":{"rendered":"Limiter les pansements pour panser les plaies de la S\u00e9curit\u00e9 sociale"},"content":{"rendered":"<p> <br \/>\n<\/p>\n<div>\n<p><strong>Mercredi 19 mars, le minist\u00e8re de la Sant\u00e9 a annonc\u00e9 qu&rsquo;\u00e0 partir du 1er avril, les prescriptions de pansements seraient limit\u00e9es \u00e0 sept jours. \u00c0 la guerre comme \u00e0 la guerre, il faut r\u00e9duire le gaspillage et ma\u00eetriser les co\u00fbts de la S\u00e9curit\u00e9 sociale&#8230;\u00a0<\/strong><\/p>\n<p>Non, ce n&rsquo;est pas une blague. \u00c0 partir du 1er avril, les patients devront y penser \u00e0 deux fois avant d&rsquo;utiliser un pansement&#8230; Et pour cause ! Le minist\u00e8re de la Sant\u00e9, contraint et forc\u00e9 par une S\u00e9curit\u00e9 sociale mise \u00e0 mal, met un terme aux prescriptions de pansements \u00e0 dur\u00e9e ind\u00e9finie.<\/p>\n<p>C&rsquo;est une v\u00e9ritable catastrophe. Chaque ann\u00e9e, ce sont 470 millions d\u2019euros qui sont consacr\u00e9s aux remboursements des pansements, selon la ministre Catherine Vautrin, qui a annonc\u00e9 cette nouvelle mesure sur X. Au-del\u00e0 de l\u2019\u00e9conomie pure, le but est aussi d&rsquo;\u00e9viter l&rsquo;accumulation de pansements inutilis\u00e9s chez les patients. La pr\u00e9vention, on oublie, maintenant c&rsquo;est du flux tendu.<\/p>\n<p>L&rsquo;arr\u00eat\u00e9 pr\u00e9cise que cette limitation de sept jours pourra \u00eatre prolong\u00e9e en fonction des besoins m\u00e9dicaux, mais uniquement sur prescription. Un renouvellement qui reste donc conditionn\u00e9 aux volont\u00e9s des m\u00e9decins, mais qui risque d&rsquo;imposer des d\u00e9marches suppl\u00e9mentaires et d\u2019engendrer une bureaucratie plus contraignante pour ceux qui souffrent de blessures chroniques.<\/p>\n<p>Sur le plan environnemental, parce que tout est li\u00e9, la ministre assure que cette initiative s\u2019inscrit dans un respect de l\u2019\u00e9cosyst\u00e8me, soulignant un \u00ab\u00a0gaspillage massif\u00a0\u00bb des ressources. Comme l\u2019\u00e9voque un article du <em>Figaro Sant<\/em>\u00e9, l\u2019\u00e9quilibre entre r\u00e9duction des co\u00fbts, ambitions \u00e9cologiques et maintien de la qualit\u00e9 des soins reste fragile. Si l\u2019\u00c9tat fait le pari de l\u2019\u00e9conomie, il n&rsquo;est pas dit que ce soit le meilleur pansement pour la S\u00e9cu.<\/p>\n<\/div>\n<p><script>(function(d, s, id) {  var js, fjs = d.getElementsByTagName(s)[0];  if (d.getElementById(id)) return;  js = d.createElement(s); js.id = id;  js.src = \"\/\/connect.facebook.net\/fr_FR\/sdk.js#xfbml=1&version=v2.3\";  fjs.parentNode.insertBefore(js, fjs);}(document, \"script\", \"facebook-jssdk\"));<\/script><br \/>\n<br \/><br \/>\n<br \/><a href=\"https:\/\/www.francesoir.fr\/politique-france\/limiter-les-pansements-pour-panser-les-plaies-de-la-securite-sociale\" target=\"_blank\"\">Source link <\/a><\/p>\n","protected":false},"excerpt":{"rendered":"<p>Mercredi 19 mars, le minist\u00e8re de la Sant\u00e9 a annonc\u00e9 qu&rsquo;\u00e0 partir du 1er avril, les prescriptions de pansements seraient limit\u00e9es \u00e0 sept jours. \u00c0 la guerre comme \u00e0 la&hellip; <\/p>\n","protected":false},"author":1,"featured_media":4861,"comment_status":"open","ping_status":"open","sticky":false,"template":"","format":"standard","meta":{"footnotes":""},"categories":[1],"tags":[],"class_list":["post-4860","post","type-post","status-publish","format-standard","has-post-thumbnail","hentry","category-non-classe"],"_links":{"self":[{"href":"https:\/\/monde25.info\/index.php\/wp-json\/wp\/v2\/posts\/4860","targetHints":{"allow":["GET"]}}],"collection":[{"href":"https:\/\/monde25.info\/index.php\/wp-json\/wp\/v2\/posts"}],"about":[{"href":"https:\/\/monde25.info\/index.php\/wp-json\/wp\/v2\/types\/post"}],"author":[{"embeddable":true,"href":"https:\/\/monde25.info\/index.php\/wp-json\/wp\/v2\/users\/1"}],"replies":[{"embeddable":true,"href":"https:\/\/monde25.info\/index.php\/wp-json\/wp\/v2\/comments?post=4860"}],"version-history":[{"count":0,"href":"https:\/\/monde25.info\/index.php\/wp-json\/wp\/v2\/posts\/4860\/revisions"}],"wp:featuredmedia":[{"embeddable":true,"href":"https:\/\/monde25.info\/index.php\/wp-json\/wp\/v2\/media\/4861"}],"wp:attachment":[{"href":"https:\/\/monde25.info\/index.php\/wp-json\/wp\/v2\/media?parent=4860"}],"wp:term":[{"taxonomy":"category","embeddable":true,"href":"https:\/\/monde25.info\/index.php\/wp-json\/wp\/v2\/categories?post=4860"},{"taxonomy":"post_tag","embeddable":true,"href":"https:\/\/monde25.info\/index.php\/wp-json\/wp\/v2\/tags?post=4860"}],"curies":[{"name":"wp","href":"https:\/\/api.w.org\/{rel}","templated":true}]}}