{"id":4870,"date":"2025-03-21T03:25:36","date_gmt":"2025-03-21T02:25:36","guid":{"rendered":"https:\/\/monde25.info\/index.php\/2025\/03\/21\/des-deputes-veulent-un-moratoire-de-10-ans\/"},"modified":"2025-03-21T03:25:36","modified_gmt":"2025-03-21T02:25:36","slug":"des-deputes-veulent-un-moratoire-de-10-ans","status":"publish","type":"post","link":"https:\/\/monde25.info\/index.php\/2025\/03\/21\/des-deputes-veulent-un-moratoire-de-10-ans\/","title":{"rendered":"des d\u00e9put\u00e9s veulent un moratoire de 10 ans"},"content":{"rendered":"<p> <br \/>\n<\/p>\n<div>\n        <span class=\"date\">20 mars 2025  \u00e0 16h47<\/span><\/p>\n<p class=\"duree_lecture\">\n        Dur\u00e9e de lecture : 1 minute\n      <\/p>\n<\/p><\/div>\n<div>\n<p>Une \u00e9pine dans le pied des projets de m\u00e9gafermes d\u2019\u00e9levage de saumons<small class=\"fine d-inline\">\u00a0<\/small>? Une <a target=\"_blank\" href=\"https:\/\/www.assemblee-nationale.fr\/dyn\/docs\/PIONANR5L17B1136.raw\" class=\"spip_out\" rel=\"external\">proposition de loi<\/a> visant \u00e0 instaurer un moratoire sur les projets \u00e9levages hyperintensifs de saumons en circuits ferm\u00e9s a \u00e9t\u00e9 d\u00e9pos\u00e9e le 18\u00a0mars 2025 \u00e0 l\u2019Assembl\u00e9e nationale.<\/p>\n<p>Le texte est d\u00e9fendu par des parlementaires de tous horizons politiques\u00a0: La France insoumise, Les R\u00e9publicains, Les \u00c9cologistes, le Parti socialiste, Libert\u00e9s, ind\u00e9pendants, outre-mer et territoires, Ensemble pour la R\u00e9publique\u2026 Ils entendent mettre en pause pendant dix ans la d\u00e9livrance des autorisations environnementales pour les \u00e9levages de saumons dans des bassins en circuit ferm\u00e9.<\/p>\n<h2 class=\"spip\">Menace \u00e9cologique et \u00e9conomique<\/h2>\n<p>Les d\u00e9put\u00e9s pointent du doigt les conditions de vie des saumons dans ces \u00e9levages \u00e0 forte densit\u00e9, mais \u00e9galement les rejets de polluants de cette industrie. Ils repr\u00e9sentent, selon eux, une menace sur les plans \u00e9cologique et \u00e9conomique (notamment pour la p\u00eache et l\u2019ostr\u00e9iculture) dans les zones concern\u00e9es. La consommation \u00e9nerg\u00e9tique de ces usines, leur d\u00e9pendance aux petits poissons p\u00each\u00e9s en Afrique de l\u2019Ouest \u2014 qui sont utilis\u00e9s pour alimenter les saumons d\u2019\u00e9levage \u2014 sont aussi d\u00e9cri\u00e9s par les associations \u00e9cologistes.<\/p>\n<p>Dans un communiqu\u00e9, les <span class=\"caps\">ONG<\/span> Welfarm et Seastemik qualifient ce texte \u2014 qui n\u2019a pas encore \u00e9t\u00e9 adopt\u00e9, ni m\u00eame examin\u00e9 \u2014 de <i>\u00ab<small class=\"fine d-inline\">\u00a0<\/small>victoire<small class=\"fine d-inline\">\u00a0<\/small>\u00bb<\/i>. Deux projets industriels de fermes-usines \u00e0 saumons sont actuellement en cours en France\u00a0: <a target=\"_blank\" href=\"https:\/\/reporterre.net\/10-000-tonnes-de-saumons-par-an-bientot-une-ferme-usine-en-Gironde\">Pure Salmon en Gironde<\/a> \u2014 qui ambitionne de produire 10\u00a0000 tonnes de poisson chaque ann\u00e9e \u2014 et Local Ocean, dans le Pas-de-Calais. Les Fran\u00e7ais consomment aujourd\u2019hui 270\u00a0000 tonnes de saumons par an, pour une production locale marginale.<\/p>\n<aside class=\"boite_encarts\">\n<div class=\"encart encart_gris noprint\">\n<p><strong>Puisque vous \u00eates l\u00e0&#8230;<\/strong><\/p>\n<p>&#8230; nous avons un petit service \u00e0 vous demander.<br class=\"autobr\"\/><br \/>\nEntre la pr\u00e9sence d\u2019un climatosceptique \u00e0 la t\u00eate de la premi\u00e8re puissance mondiale, un gouvernement fran\u00e7ais qui flirte avec l\u2019extr\u00eame-droite, et les catastrophes climatiques qui s\u2019enchainent&#8230; Faire vivre l\u2019\u00e9cologie dans le d\u00e9bat public est un enjeu crucial.<\/p>\n<p>Personne ne modifie ce que nous publions. Nous n\u2019avons ni actionnaire, ni propri\u00e9taire milliardaire \u2014 seulement une \u00e9quipe d\u2019irr\u00e9ductibles journalistes, pleine de d\u00e9termination.<\/p>\n<p>Nous avons la conviction que l\u2019urgence \u00e9cologique est l\u2019enjeu majeur de notre \u00e9poque. Et comme plus de 2 millions de lectrices et lecteurs chaque mois, vous partagez sans doute cette conviction&#8230;<\/p>\n<p><strong>Depuis 12 ans, nous publions des articles de qualit\u00e9 sur l\u2019\u00e9cologie, en acc\u00e8s libre et sans publicit\u00e9, pour tous.<\/strong><br class=\"autobr\"\/><br \/>\nMais ce travail demande beaucoup de temps et de ressources.<\/p>\n<p>Alors, si vous en avez les moyens, sachez qu\u2019un don, m\u00eame d\u20191\u20ac, est un acte de soutien fort pour l\u2019\u00e9cologie et le journalisme ind\u00e9pendant.<br class=\"autobr\"\/><br \/>\n(Et \u00e7a vous prendra moins de temps que la lecture de ce texte).<\/p>\n<p><strong>Si vous le pouvez, choisissez un soutien mensuel. Merci.<\/strong><\/p>\n<p><a target=\"_blank\" href=\"https:\/\/reporterre.net\/dons\" class=\"bt_soutenir\">Je soutiens <i>Reporterre<\/i><\/a><\/p>\n<\/p><\/div>\n<div class=\"encart encart_vert noprint montre_1023\">\n<div class=\"infolettre-form-container noprint\">\n<p>Abonnez-vous \u00e0 la lettre d\u2019info de Reporterre<\/p>\n<\/div><\/div>\n<\/aside>\n<aside class=\"boite_apresarticle encart_note\">\n<h4>Apr\u00e8s cet article<\/h4>\n<p>      <a target=\"_blank\" href=\"https:\/\/reporterre.net\/Un-million-de-poulets-par-an-une-ferme-usine-en-projet-dans-la-Drome\" class=\"lien_article\">\n      <picture class=\"vignette_gauche\"><source type=\"image\/webp\" srcset=\"https:\/\/reporterre.net\/local\/cache-vignettes\/L450xH300\/densite-3-x2_1_-25694.jpg@.webp?1737368210\"><img decoding=\"async\" src=\"https:\/\/reporterre.net\/local\/cache-vignettes\/L450xH300\/densite-3-x2_1_-25694.jpg?1737368210\" width=\"450\" height=\"300\" alt=\"\" class=\"marge12\" loading=\"lazy\"\/><br \/>\n<\/source><\/picture>\n<p class=\"libelle\">\n<p>      Agriculture\n    <\/p>\n<p class=\"titre pol20\">Un million de poulets par an\u00a0: une ferme-usine en projet dans la Dr\u00f4me<\/p>\n<p>      <\/a><br \/>\n    <\/aside>\n<aside class=\"boite_complement texte\">\n<p>      <!-- zone_forum --><br \/>\n          <\/aside>\n<aside class=\"boite_lireaussi noprint\">\n<\/aside>\n<aside class=\"colonne\">\n<div class=\"article_info cache_1023 noprint\">\n        <span class=\"date\">20 mars 2025  \u00e0 16h47<\/span><\/p>\n<p class=\"duree_lecture\">\n        Dur\u00e9e de lecture : 1 minute\n      <\/p>\n<\/p><\/div>\n<div class=\"bloc_infolettre\">\n<div class=\"infolettre-form-container noprint\">\n<p>Abonnez-vous \u00e0 la lettre d\u2019info de Reporterre<\/p>\n<\/div><\/div>\n<\/aside>\n<div id=\"galerie\">\n  <img decoding=\"async\" src=\"\" class=\"principale\" id=\"principale\"\/><\/p>\n<p id=\"legende\">legende<\/p>\n<\/div>\n<footer class=\"noprint\">\n<\/footer>\n<\/div>\n<p><br \/>\n<br \/><a href=\"https:\/\/reporterre.net\/Des-deputes-transpartisans-proposent-un-moratoire-sur-les-fermes-a-saumons\" target=\"_blank\"\">Source link <\/a><\/p>\n","protected":false},"excerpt":{"rendered":"<p>20 mars 2025 \u00e0 16h47 Dur\u00e9e de lecture : 1 minute Une \u00e9pine dans le pied des projets de m\u00e9gafermes d\u2019\u00e9levage de saumons\u00a0? Une proposition de loi visant \u00e0 instaurer&hellip; <\/p>\n","protected":false},"author":1,"featured_media":4871,"comment_status":"open","ping_status":"open","sticky":false,"template":"","format":"standard","meta":{"footnotes":""},"categories":[1],"tags":[],"class_list":["post-4870","post","type-post","status-publish","format-standard","has-post-thumbnail","hentry","category-non-classe"],"_links":{"self":[{"href":"https:\/\/monde25.info\/index.php\/wp-json\/wp\/v2\/posts\/4870","targetHints":{"allow":["GET"]}}],"collection":[{"href":"https:\/\/monde25.info\/index.php\/wp-json\/wp\/v2\/posts"}],"about":[{"href":"https:\/\/monde25.info\/index.php\/wp-json\/wp\/v2\/types\/post"}],"author":[{"embeddable":true,"href":"https:\/\/monde25.info\/index.php\/wp-json\/wp\/v2\/users\/1"}],"replies":[{"embeddable":true,"href":"https:\/\/monde25.info\/index.php\/wp-json\/wp\/v2\/comments?post=4870"}],"version-history":[{"count":0,"href":"https:\/\/monde25.info\/index.php\/wp-json\/wp\/v2\/posts\/4870\/revisions"}],"wp:featuredmedia":[{"embeddable":true,"href":"https:\/\/monde25.info\/index.php\/wp-json\/wp\/v2\/media\/4871"}],"wp:attachment":[{"href":"https:\/\/monde25.info\/index.php\/wp-json\/wp\/v2\/media?parent=4870"}],"wp:term":[{"taxonomy":"category","embeddable":true,"href":"https:\/\/monde25.info\/index.php\/wp-json\/wp\/v2\/categories?post=4870"},{"taxonomy":"post_tag","embeddable":true,"href":"https:\/\/monde25.info\/index.php\/wp-json\/wp\/v2\/tags?post=4870"}],"curies":[{"name":"wp","href":"https:\/\/api.w.org\/{rel}","templated":true}]}}