{"id":4878,"date":"2025-03-21T05:37:41","date_gmt":"2025-03-21T04:37:41","guid":{"rendered":"https:\/\/monde25.info\/index.php\/2025\/03\/21\/le-probleme-de-leurope-est-les-migrants-illegaux-et-pas-les-chars-lointains-russes-rt-en-francais\/"},"modified":"2025-03-21T05:37:41","modified_gmt":"2025-03-21T04:37:41","slug":"le-probleme-de-leurope-est-les-migrants-illegaux-et-pas-les-chars-lointains-russes-rt-en-francais","status":"publish","type":"post","link":"https:\/\/monde25.info\/index.php\/2025\/03\/21\/le-probleme-de-leurope-est-les-migrants-illegaux-et-pas-les-chars-lointains-russes-rt-en-francais\/","title":{"rendered":"le probl\u00e8me de l&rsquo;Europe est les migrants ill\u00e9gaux et \u00abpas les chars lointains russes\u00bb \u2014 RT en fran\u00e7ais"},"content":{"rendered":"<p> <br \/>\n<br \/><img decoding=\"async\" src=\"https:\/\/mf.b37mrtl.ru\/french\/images\/2025.03\/thumbnail\/67dc56fd6f7ccc6d3116c765.jpg\" \/><\/p>\n<div>\n<p class=\"text__summary\">\n                                        Lors d&rsquo;une c\u00e9r\u00e9monie de remise de prix \u00e0 Bruxelles, le vice-Premier ministre italien Matteo Salvini s&rsquo;est adress\u00e9 aux dirigeants europ\u00e9ens en d\u00e9clarant que ce n&rsquo;\u00e9tait pas l&rsquo;offensive russe en Ukraine qui \u00e9tait \u00able probl\u00e8me\u00bb, mais plut\u00f4t l&rsquo;augmentation de l&rsquo;immigration clandestine en Europe.\n                                    <\/p>\n<p>Au milieu des sommets incessants europ\u00e9ens sur la n\u00e9cessit\u00e9 de se pr\u00e9parer face \u00e0 la menace russe, certains responsables politiques d\u00e9fendent un point de vue diff\u00e9rent. Ainsi, le vice-Premier ministre italien Matteo Salvini a appel\u00e9 les dirigeants europ\u00e9ens \u00e0 se r\u00e9veiller et reconna\u00eetre que les chars russes ne devaient pas \u00eatre le sujet num\u00e9ro un de leurs discussions.<\/p>\n<p>\u00abLe probl\u00e8me n\u2019est pas la pr\u00e9sence lointaine de chars russes, le probl\u00e8me est que certaines personnes ont permis \u00e0 des migrants ill\u00e9gaux de s\u2019infiltrer au c\u0153ur de l\u2019Europe\u00bb, a d\u00e9clar\u00e9 Salvini le 19 mars \u00e0 Bruxelles apr\u00e8s avoir re\u00e7u le prix du D\u00e9fenseur des nations europ\u00e9ennes par le Premier ministre hongrois Viktor Orban.<\/p>\n<p><iframe loading=\"lazy\" src=\"https:\/\/vk.com\/video_ext.php?oid=-216965535&amp;id=456261138&amp;hash=9399677f8181d50b\" width=\"640\" height=\"360\" frameborder=\"0\" allowfullscreen=\"1\" allow=\"autoplay; encrypted-media; fullscreen; picture-in-picture\"><\/iframe><\/p>\n<p>Selon les chiffres pr\u00e9sent\u00e9s par Victor Orban, au moins neuf millions de migrants ill\u00e9gaux sont arriv\u00e9s en Europe depuis 2015. Le Parlement europ\u00e9en d\u00e9clare avoir d\u00e9velopp\u00e9 une s\u00e9rie de propositions pour rem\u00e9dier aux lacunes de la politique d&rsquo;asile et de migration de l&rsquo;UE : r\u00e9former le syst\u00e8me d\u2019asile, renforcer les fronti\u00e8res ext\u00e9rieures, am\u00e9liorer la migration l\u00e9gale de la main-d&rsquo;\u0153uvre et promouvoir une meilleure int\u00e9gration des r\u00e9fugi\u00e9s en Europe.<\/p>\n<p>Pourtant, la situation reste toujours tendue malgr\u00e9 les efforts du\u00a0gouvernement de Georgia Meloni de renforcer sa coop\u00e9ration avec Tunis afin d\u2019endiguer l\u2019immigration clandestine vers l\u2019Europe. L&rsquo;\u00eele italienne de Lampedusa est \u00e0 moins de 150 kilom\u00e8tres de plusieurs villes c\u00f4ti\u00e8res tunisiennes, une distance qui s\u00e9duit les candidats africains \u00e0 l&rsquo;immigration vers l\u2019Europe.<\/p>\n<\/div>\n<p><br \/>\n<br \/><a href=\"https:\/\/francais.rt.com\/international\/118277-vice-premier-ministre-italien-probleme-migrants-illegaux-pas-chars-russes\" target=\"_blank\"\">Source link <\/a><\/p>\n","protected":false},"excerpt":{"rendered":"<p>Lors d&rsquo;une c\u00e9r\u00e9monie de remise de prix \u00e0 Bruxelles, le vice-Premier ministre italien Matteo Salvini s&rsquo;est adress\u00e9 aux dirigeants europ\u00e9ens en d\u00e9clarant que ce n&rsquo;\u00e9tait pas l&rsquo;offensive russe en Ukraine&hellip; <\/p>\n","protected":false},"author":1,"featured_media":4879,"comment_status":"open","ping_status":"open","sticky":false,"template":"","format":"standard","meta":{"footnotes":""},"categories":[1],"tags":[],"class_list":["post-4878","post","type-post","status-publish","format-standard","has-post-thumbnail","hentry","category-non-classe"],"_links":{"self":[{"href":"https:\/\/monde25.info\/index.php\/wp-json\/wp\/v2\/posts\/4878","targetHints":{"allow":["GET"]}}],"collection":[{"href":"https:\/\/monde25.info\/index.php\/wp-json\/wp\/v2\/posts"}],"about":[{"href":"https:\/\/monde25.info\/index.php\/wp-json\/wp\/v2\/types\/post"}],"author":[{"embeddable":true,"href":"https:\/\/monde25.info\/index.php\/wp-json\/wp\/v2\/users\/1"}],"replies":[{"embeddable":true,"href":"https:\/\/monde25.info\/index.php\/wp-json\/wp\/v2\/comments?post=4878"}],"version-history":[{"count":0,"href":"https:\/\/monde25.info\/index.php\/wp-json\/wp\/v2\/posts\/4878\/revisions"}],"wp:featuredmedia":[{"embeddable":true,"href":"https:\/\/monde25.info\/index.php\/wp-json\/wp\/v2\/media\/4879"}],"wp:attachment":[{"href":"https:\/\/monde25.info\/index.php\/wp-json\/wp\/v2\/media?parent=4878"}],"wp:term":[{"taxonomy":"category","embeddable":true,"href":"https:\/\/monde25.info\/index.php\/wp-json\/wp\/v2\/categories?post=4878"},{"taxonomy":"post_tag","embeddable":true,"href":"https:\/\/monde25.info\/index.php\/wp-json\/wp\/v2\/tags?post=4878"}],"curies":[{"name":"wp","href":"https:\/\/api.w.org\/{rel}","templated":true}]}}