{"id":4880,"date":"2025-03-21T06:10:39","date_gmt":"2025-03-21T05:10:39","guid":{"rendered":"https:\/\/monde25.info\/index.php\/2025\/03\/21\/cest-le-metoo-de-lenseignement-catholique-clament-les-victimes-devant-la-commission-denquete\/"},"modified":"2025-03-21T06:10:39","modified_gmt":"2025-03-21T05:10:39","slug":"cest-le-metoo-de-lenseignement-catholique-clament-les-victimes-devant-la-commission-denquete","status":"publish","type":"post","link":"https:\/\/monde25.info\/index.php\/2025\/03\/21\/cest-le-metoo-de-lenseignement-catholique-clament-les-victimes-devant-la-commission-denquete\/","title":{"rendered":"\u00abC\u2019est le #MeToo de l\u2019enseignement catholique\u00bb, clament les victimes devant la commission d\u2019enqu\u00eate"},"content":{"rendered":"<p> <br \/>\n<br \/>Plusieurs collectifs ont \u00e9t\u00e9 entendus lors de la premi\u00e8re journ\u00e9e d\u2019audition de la commission d\u2019enqu\u00eate sur les violences perp\u00e9tr\u00e9es dans les \u00e9tablissements scolaires. Ils ont racont\u00e9 les s\u00e9vices et point\u00e9 des responsables: l\u2019\u00c9ducation nationale, l\u2019\u00c9glise et l\u2019enseignement catholique.<br \/>\n<br \/><br \/>\n<br \/><a href=\"https:\/\/www.mediapart.fr\/journal\/france\/200325\/c-est-le-metoo-de-l-enseignement-catholique-clament-les-victimes-devant-la-commission-d-enquete\" target=\"_blank\"\">Source link <\/a><\/p>\n","protected":false},"excerpt":{"rendered":"<p>Plusieurs collectifs ont \u00e9t\u00e9 entendus lors de la premi\u00e8re journ\u00e9e d\u2019audition de la commission d\u2019enqu\u00eate sur les violences perp\u00e9tr\u00e9es dans les \u00e9tablissements scolaires. Ils ont racont\u00e9 les s\u00e9vices et point\u00e9&hellip; <\/p>\n","protected":false},"author":1,"featured_media":4881,"comment_status":"open","ping_status":"open","sticky":false,"template":"","format":"standard","meta":{"footnotes":""},"categories":[1],"tags":[],"class_list":["post-4880","post","type-post","status-publish","format-standard","has-post-thumbnail","hentry","category-non-classe"],"_links":{"self":[{"href":"https:\/\/monde25.info\/index.php\/wp-json\/wp\/v2\/posts\/4880","targetHints":{"allow":["GET"]}}],"collection":[{"href":"https:\/\/monde25.info\/index.php\/wp-json\/wp\/v2\/posts"}],"about":[{"href":"https:\/\/monde25.info\/index.php\/wp-json\/wp\/v2\/types\/post"}],"author":[{"embeddable":true,"href":"https:\/\/monde25.info\/index.php\/wp-json\/wp\/v2\/users\/1"}],"replies":[{"embeddable":true,"href":"https:\/\/monde25.info\/index.php\/wp-json\/wp\/v2\/comments?post=4880"}],"version-history":[{"count":0,"href":"https:\/\/monde25.info\/index.php\/wp-json\/wp\/v2\/posts\/4880\/revisions"}],"wp:featuredmedia":[{"embeddable":true,"href":"https:\/\/monde25.info\/index.php\/wp-json\/wp\/v2\/media\/4881"}],"wp:attachment":[{"href":"https:\/\/monde25.info\/index.php\/wp-json\/wp\/v2\/media?parent=4880"}],"wp:term":[{"taxonomy":"category","embeddable":true,"href":"https:\/\/monde25.info\/index.php\/wp-json\/wp\/v2\/categories?post=4880"},{"taxonomy":"post_tag","embeddable":true,"href":"https:\/\/monde25.info\/index.php\/wp-json\/wp\/v2\/tags?post=4880"}],"curies":[{"name":"wp","href":"https:\/\/api.w.org\/{rel}","templated":true}]}}