{"id":4882,"date":"2025-03-21T07:16:39","date_gmt":"2025-03-21T06:16:39","guid":{"rendered":"https:\/\/monde25.info\/index.php\/2025\/03\/21\/enfin-le-probleme-ce-nest-pas-le-travail-de-ceux-qui-travaillent-mais-le-nombre-de-ceux-qui-ne-travaillent-pas-du-tout\/"},"modified":"2025-03-21T07:16:39","modified_gmt":"2025-03-21T06:16:39","slug":"enfin-le-probleme-ce-nest-pas-le-travail-de-ceux-qui-travaillent-mais-le-nombre-de-ceux-qui-ne-travaillent-pas-du-tout","status":"publish","type":"post","link":"https:\/\/monde25.info\/index.php\/2025\/03\/21\/enfin-le-probleme-ce-nest-pas-le-travail-de-ceux-qui-travaillent-mais-le-nombre-de-ceux-qui-ne-travaillent-pas-du-tout\/","title":{"rendered":"Enfin\u2026 \u201cle probl\u00e8me ce n\u2019est pas le travail de ceux qui travaillent mais le nombre de ceux qui ne travaillent pas du tout\u201d!"},"content":{"rendered":"<p> <br \/>\n<\/p>\n<div>\n<p>Source <a target=\"_blank\" href=\"https:\/\/insolentiae.com\/enfin-le-probleme-ce-nest-pas-le-travail-de-ceux-qui-travaillent-mais-le-nombre-de-ceux-qui-ne-travaillent-pas-du-tout\/\" data-type=\"link\" data-id=\"https:\/\/insolentiae.com\/enfin-le-probleme-ce-nest-pas-le-travail-de-ceux-qui-travaillent-mais-le-nombre-de-ceux-qui-ne-travaillent-pas-du-tout\/\">INSOLENTIAE<\/a><\/p>\n<div class=\"wp-block-image\">\n<figure class=\"aligncenter size-large is-resized\"><img fetchpriority=\"high\" decoding=\"async\" width=\"465\" height=\"330\" src=\"https:\/\/lesmoutonsenrages.fr\/wp-content\/uploads\/2025\/03\/image-76-465x330.png\" alt=\"\" class=\"wp-image-165964\" style=\"width:465px;height:auto\" srcset=\"https:\/\/lesmoutonsenrages.fr\/wp-content\/uploads\/2025\/03\/image-76-465x330.png 465w, https:\/\/lesmoutonsenrages.fr\/wp-content\/uploads\/2025\/03\/image-76-250x178.png 250w, https:\/\/lesmoutonsenrages.fr\/wp-content\/uploads\/2025\/03\/image-76-150x107.png 150w, https:\/\/lesmoutonsenrages.fr\/wp-content\/uploads\/2025\/03\/image-76.png 552w\" sizes=\"(max-width: 465px) 100vw, 465px\"\/><\/figure>\n<\/div>\n<p>C\u2019est un article du Figaro <a target=\"_blank\" href=\"https:\/\/www.lefigaro.fr\/flash-eco\/la-ministre-du-travail-a-t-elle-raison-de-dire-qu-en-france-on-n-a-pas-assez-de-gens-qui-travaillent-20250319\" target=\"_blank\" rel=\"noreferrer noopener\">(source ici)<\/a> qui revient sur les derni\u00e8res d\u00e9clarations de notre ministre du Travail Astrid Panosyan-Bouvet en se demandant si elle raison de dire qu\u2019en France, \u00ab on n\u2019a pas assez de gens qui travaillent \u00bb ?<\/p>\n<p>Le probl\u00e8me, selon la ministre, ne proviendrait pas des individus en emploi, qui \u00ab eux travaillent beaucoup, si ce n\u2019est plus que les Allemands et les Britanniques \u00bb, mais plut\u00f4t du nombre de personnes qui travaillent.<\/p>\n<p><span id=\"more-165963\"\/><\/p>\n<p>Travailler plus pour produire plus. Fran\u00e7ois Bayrou en a fait l\u2019un de ses refrains favoris en ces temps de disette budg\u00e9taire. Augmenter les imp\u00f4ts ? \u00ab Une blague ! \u00bb Pour sortir le pays de l\u2019impasse, \u00ab la strat\u00e9gie du gouvernement c\u2019est de remettre les Fran\u00e7ais au travail et de produire plus \u00bb, a affirm\u00e9 le premier ministre ce dimanche au micro de France Inter. \u00ab Notre pays, depuis 30 ans au moins, ne produit plus comme il l\u2019a fait, et ne produit pas ce que nos voisins produisent \u00bb, regrette-t-il. Sa ministre d\u00e9l\u00e9gu\u00e9e au Travail et \u00e0 l\u2019Emploi, Astrid Panosyan-Bouvet, en a remis une couche mardi matin sur RTL. \u00ab Je pense qu\u2019il faut qu\u2019on travaille plus collectivement \u00bb, assure-t-elle, car \u00ab on travaille 100 heures de moins que les Allemands \u00bb.<\/p>\n<p>Le probl\u00e8me, selon la ministre, ne proviendrait pas des individus en emploi, qui \u00ab eux travaillent beaucoup, si ce n\u2019est plus que les Allemands et les Britanniques \u00bb, mais plut\u00f4t du nombre de personnes qui travaillent. \u00ab On n\u2019a pas assez de gens qui travaillent aujourd\u2019hui. On est 8 sur le terrain de foot quand les Allemands et les Am\u00e9ricains sont 11, donc forc\u00e9ment qu\u2019on travaille moins \u00bb, explique-t-elle. Est-ce vraiment le cas ?<\/p>\n<p>Oui c\u2019est le cas et c\u2019est bien le drame de l\u2019action politique pleine d\u2019une immense lachet\u00e9 coupable.<\/p>\n<p>Je le dis depuis des mois y compris dans le cadre de la r\u00e9forme des retraites !<\/p>\n<p>La retraite \u00e0 60 ans est une bonne id\u00e9e, ce qui n\u2019emp\u00eache pas de ne pas la donner \u00e0 taux plein !<\/p>\n<p>On doit pouvoir partir \u00e0 60 ans avec une petite pension. C\u2019est un choix. Une libert\u00e9.<\/p>\n<p>Pour le taux plein pourquoi pas 64 ou 65 ans m\u00eame en fonction de la p\u00e9nibilit\u00e9 qui doit \u00eatre prise en compte d\u2019une mani\u00e8re juste pour tous ceux qui travaillent de mani\u00e8re manuelle.<\/p>\n<p>Pour le reste, il faut mettre au travail ceux qui n\u2019ont jamais travaill\u00e9 et ils sont nombreux.<\/p>\n<p>Trop nombreux.<\/p>\n<p>Punir ceux qui travaillent d\u00e9j\u00e0 en les faisant travailler plus pour les taxer toujours plus n\u2019a strictement aucun sens.<\/p>\n<p>C\u2019est de surcro\u00eet moralement parfaitement condamnable.<\/p>\n<p>La solidarit\u00e9 a une limite !<\/p>\n<p>La limite de la solidarit\u00e9 c\u2019est ce que les gens qui travaillent peuvent se faire taxer et pomper.<\/p>\n<p>La limite de la solidarit\u00e9 c\u2019est le temps de travail maximum que les actifs actuels ne pourront pas d\u00e9passer car il y a une limite \u00e0 tout.<\/p>\n<p>Quand toutes ces limites seront atteintes et c\u2019est globalement le cas, alors il faudra que tous ceux qui b\u00e9n\u00e9ficient de la solidarit\u00e9 de ceux qui travaillent en ne fichant rien se remettent au travail ou.. pas !<\/p>\n<p>Et ce sera leur probl\u00e8me.<\/p>\n<p>Inutile de rappeler que les gens handicap\u00e9s, eux, travaillent dans des ESAT, donc ne venez pas faire la le\u00e7on sur les incapacit\u00e9s physiques.<\/p>\n<p>Cela suffit maintenant.<\/p>\n<p>Touts ceux qui peuvent travailler doivent bosser.<\/p>\n<p>Il est normal de voir les jeunes travailler et avoir plus d\u2019arr\u00eats maladie chez les plus vieux.<\/p>\n<p>Aujourd\u2019hui c\u2019est l\u2019inverse.<\/p>\n<p>Les arr\u00eats maladie sont plus nombreux chez les moins de 30 ans que chez les plus de 50 ans.<\/p>\n<p>C\u2019est bon !<\/p>\n<p>Charles SANNAT<\/p>\n<p>Tous les articles, la tribune libre et commentaires sont sous la responsabilit\u00e9 de leurs auteurs. Les Moutons Enrag\u00e9s ne sauraient \u00eatre tenus responsables de leur contenu ou orientation.<\/p>\n<\/p><\/div>\n<p><br \/>\n<br \/><a href=\"https:\/\/lesmoutonsenrages.fr\/2025\/03\/21\/enfin-le-probleme-ce-nest-pas-le-travail-de-ceux-qui-travaillent-mais-le-nombre-de-ceux-qui-ne-travaillent-pas-du-tout\/\" target=\"_blank\"\">Source link <\/a><\/p>\n","protected":false},"excerpt":{"rendered":"<p>Source INSOLENTIAE C\u2019est un article du Figaro (source ici) qui revient sur les derni\u00e8res d\u00e9clarations de notre ministre du Travail Astrid Panosyan-Bouvet en se demandant si elle raison de dire&hellip; <\/p>\n","protected":false},"author":1,"featured_media":4883,"comment_status":"open","ping_status":"open","sticky":false,"template":"","format":"standard","meta":{"footnotes":""},"categories":[1],"tags":[],"class_list":["post-4882","post","type-post","status-publish","format-standard","has-post-thumbnail","hentry","category-non-classe"],"_links":{"self":[{"href":"https:\/\/monde25.info\/index.php\/wp-json\/wp\/v2\/posts\/4882","targetHints":{"allow":["GET"]}}],"collection":[{"href":"https:\/\/monde25.info\/index.php\/wp-json\/wp\/v2\/posts"}],"about":[{"href":"https:\/\/monde25.info\/index.php\/wp-json\/wp\/v2\/types\/post"}],"author":[{"embeddable":true,"href":"https:\/\/monde25.info\/index.php\/wp-json\/wp\/v2\/users\/1"}],"replies":[{"embeddable":true,"href":"https:\/\/monde25.info\/index.php\/wp-json\/wp\/v2\/comments?post=4882"}],"version-history":[{"count":0,"href":"https:\/\/monde25.info\/index.php\/wp-json\/wp\/v2\/posts\/4882\/revisions"}],"wp:featuredmedia":[{"embeddable":true,"href":"https:\/\/monde25.info\/index.php\/wp-json\/wp\/v2\/media\/4883"}],"wp:attachment":[{"href":"https:\/\/monde25.info\/index.php\/wp-json\/wp\/v2\/media?parent=4882"}],"wp:term":[{"taxonomy":"category","embeddable":true,"href":"https:\/\/monde25.info\/index.php\/wp-json\/wp\/v2\/categories?post=4882"},{"taxonomy":"post_tag","embeddable":true,"href":"https:\/\/monde25.info\/index.php\/wp-json\/wp\/v2\/tags?post=4882"}],"curies":[{"name":"wp","href":"https:\/\/api.w.org\/{rel}","templated":true}]}}