{"id":4888,"date":"2025-03-21T10:02:55","date_gmt":"2025-03-21T09:02:55","guid":{"rendered":"https:\/\/monde25.info\/index.php\/2025\/03\/21\/eaux-minerales-audition-tendue-de-la-directrice-generale-de-nestle-waters-au-senat\/"},"modified":"2025-03-21T10:02:55","modified_gmt":"2025-03-21T09:02:55","slug":"eaux-minerales-audition-tendue-de-la-directrice-generale-de-nestle-waters-au-senat","status":"publish","type":"post","link":"https:\/\/monde25.info\/index.php\/2025\/03\/21\/eaux-minerales-audition-tendue-de-la-directrice-generale-de-nestle-waters-au-senat\/","title":{"rendered":"Eaux min\u00e9rales : audition tendue de la directrice g\u00e9n\u00e9rale de Nestl\u00e9 Waters au S\u00e9nat"},"content":{"rendered":"<p> <br \/>\n<\/p>\n<div>\n<p>La directrice g\u00e9n\u00e9rale de Nestl\u00e9 Waters, sur la d\u00e9fensive mercredi devant une commission d&rsquo;enqu\u00eate s\u00e9natoriale qui a d\u00e9plor\u00e9 son manque de coop\u00e9ration, a assur\u00e9 que les traitements ill\u00e9gaux utilis\u00e9s par l&rsquo;entreprise jusqu&rsquo;en 2023 sur ses eaux min\u00e9rales Perrier et H\u00e9par permettaient \u00ab\u00a0d&rsquo;assurer la s\u00e9curit\u00e9 alimentaire\u00a0\u00bb.<\/p>\n<p>\u00ab\u00a0Je n&rsquo;ai pas la raison pour laquelle ils \u00e9taient en place. Je sais que ces traitements permettaient d&rsquo;assurer la s\u00e9curit\u00e9 alimentaire. J&rsquo;ai compris qu&rsquo;il y avait d&rsquo;autres fa\u00e7ons d&rsquo;assurer la s\u00e9curit\u00e9 alimentaire (&#8230;) et que pour supprimer ces traitements non conformes, il fallait revoir tout le design de l&rsquo;usine\u00a0\u00bb, a affirm\u00e9 Muriel Lienau.<\/p>\n<p>Elle a ensuite d\u00e9taill\u00e9 le plan de transformation mis en place pour remplacer ces traitements apr\u00e8s qu&rsquo;elle en a pris connaissance \u00e0 la suite de sa prise de fonction en 2020.<\/p>\n<p>Tout au long de l&rsquo;audition, le rapporteur Alexandre Ouizille (PS) et plusieurs autres s\u00e9nateurs ont d\u00e9plor\u00e9 leurs difficult\u00e9s \u00e0 obtenir des r\u00e9ponses claires.<\/p>\n<p>La commission d&rsquo;enqu\u00eate s\u00e9natoriale a \u00e9t\u00e9 mise sur pied en novembre dernier, pr\u00e8s d&rsquo;un an apr\u00e8s des r\u00e9v\u00e9lations par des journalistes du Monde, de Radio France et de Mediapart concernant l&rsquo;utilisation de traitements ill\u00e9gaux par des min\u00e9raliers, dont Nestl\u00e9 Waters.<\/p>\n<p>Une soixantaine de personnes &#8211; industriels, conseillers minist\u00e9riels, repr\u00e9sentants de diff\u00e9rents services de l\u2019\u00c9tat, chercheurs, laboratoires, \u00e9lus locaux &#8211; ont \u00e9t\u00e9 auditionn\u00e9es depuis d\u00e9cembre par cette commission qui vise \u00e0 faire la lumi\u00e8re sur \u00ab\u00a0les pratiques des industriels de l&rsquo;eau en bouteille et les responsabilit\u00e9s des pouvoirs publics dans les d\u00e9faillances du contr\u00f4le de leurs activit\u00e9s et la gestion des risques \u00e9conomiques, patrimoniaux, fiscaux, \u00e9cologiques et sanitaires associ\u00e9s\u00a0\u00bb.<\/p>\n<p><strong>&#8211; \u00ab\u00a0Refus de d\u00e9poser\u00a0\u00bb &#8211;<\/strong><\/p>\n<p>Muriel Lienau a demand\u00e9 \u00e0 la commission de clarifier dans son rapport les recommandations sur la micro-filtration utilis\u00e9e par le groupe, dont certains s\u00e9nateurs ont contest\u00e9 la l\u00e9galit\u00e9.<\/p>\n<p>\u00ab\u00a0Nous avons soumis aux autorit\u00e9s locales des dossiers d&rsquo;autorisation\u00a0\u00bb du processus de micro-filtration cartouche \u00e0 0,2 micron, a-t-elle ajout\u00e9, apr\u00e8s avoir d\u00e9clar\u00e9 qu&rsquo;il n&rsquo;existe \u00ab\u00a0aujourd&rsquo;hui aucun r\u00e8glement autorisant ni interdisant une technologie de micro-filtration particuli\u00e8re\u00a0\u00bb.<\/p>\n<p>Elle a ensuite refus\u00e9 de donner les noms des personnes qui l&rsquo;ont inform\u00e9e des traitements ill\u00e9gaux apr\u00e8s sa prise de poste, invoquant la proc\u00e9dure judiciaire en cours. \u00ab\u00a0C&rsquo;\u00e9tait mon choix de ne pas chercher des responsabilit\u00e9s individuelles mais de continuer \u00e0 travailler et de mettre toute l&rsquo;\u00e9nergie \u00e0 trouver des solutions\u00a0\u00bb, a-t-elle dit.<\/p>\n<p>Le pr\u00e9sident de la commission, le s\u00e9nateur LR Laurent Burgoa, lui a rappel\u00e9 que le \u00ab\u00a0refus de d\u00e9poser ou de pr\u00eater serment (&#8230;) devant une commission d&rsquo;enqu\u00eate est passible de deux ans d&#8217;emprisonnement et de 7.500 euros d&rsquo;amende\u00a0\u00bb et qu&rsquo;une proc\u00e9dure judiciaire n&#8217;emp\u00eachait pas un tel t\u00e9moignage.<\/p>\n<p>La directrice g\u00e9n\u00e9rale a maintenu sa position jusqu&rsquo;\u00e0 la fin de l&rsquo;audition.<\/p>\n<p>Mardi, la commission avait auditionn\u00e9 Sophie Dubois, directrice g\u00e9n\u00e9rale de Nestl\u00e9 Waters France d&rsquo;avril 2018 \u00e0 janvier 2025 et actuellement pr\u00e9sidente de Nestl\u00e9 France.<\/p>\n<p>Cette derni\u00e8re a affirm\u00e9 que son r\u00f4le dans le plan de transformation s&rsquo;\u00e9tait limit\u00e9 aux aspects marketing et distribution et qu&rsquo;elle n&rsquo;avait eu connaissance de l&rsquo;utilisation de traitements interdits qu&rsquo;apr\u00e8s d&rsquo;autres cadres comme Muriel Lienau.<\/p>\n<p>L&rsquo;\u00e9change a \u00e9t\u00e9 encore plus tendu qu&rsquo;avec Muriel Lienau, le pr\u00e9sident s&rsquo;\u00e9tonnant en conclusion que \u00ab\u00a0quelqu&rsquo;un qui a des responsabilit\u00e9s importantes (&#8230;) n&rsquo;ait pas eu connaissance de faits\u00a0\u00bb qui se sont pass\u00e9s dans son entreprise.<\/p>\n<\/div>\n<p><script>(function(d, s, id) {  var js, fjs = d.getElementsByTagName(s)[0];  if (d.getElementById(id)) return;  js = d.createElement(s); js.id = id;  js.src = \"\/\/connect.facebook.net\/fr_FR\/sdk.js#xfbml=1&version=v2.3\";  fjs.parentNode.insertBefore(js, fjs);}(document, \"script\", \"facebook-jssdk\"));<\/script><br \/>\n<br \/><br \/>\n<br \/><a href=\"https:\/\/www.francesoir.fr\/societe-justice\/eaux-minerales-audition-tendue-de-la-directrice-generale-de-nestle-waters-au-senat\" target=\"_blank\"\">Source link <\/a><\/p>\n","protected":false},"excerpt":{"rendered":"<p>La directrice g\u00e9n\u00e9rale de Nestl\u00e9 Waters, sur la d\u00e9fensive mercredi devant une commission d&rsquo;enqu\u00eate s\u00e9natoriale qui a d\u00e9plor\u00e9 son manque de coop\u00e9ration, a assur\u00e9 que les traitements ill\u00e9gaux utilis\u00e9s par&hellip; <\/p>\n","protected":false},"author":1,"featured_media":4889,"comment_status":"open","ping_status":"open","sticky":false,"template":"","format":"standard","meta":{"footnotes":""},"categories":[1],"tags":[],"class_list":["post-4888","post","type-post","status-publish","format-standard","has-post-thumbnail","hentry","category-non-classe"],"_links":{"self":[{"href":"https:\/\/monde25.info\/index.php\/wp-json\/wp\/v2\/posts\/4888","targetHints":{"allow":["GET"]}}],"collection":[{"href":"https:\/\/monde25.info\/index.php\/wp-json\/wp\/v2\/posts"}],"about":[{"href":"https:\/\/monde25.info\/index.php\/wp-json\/wp\/v2\/types\/post"}],"author":[{"embeddable":true,"href":"https:\/\/monde25.info\/index.php\/wp-json\/wp\/v2\/users\/1"}],"replies":[{"embeddable":true,"href":"https:\/\/monde25.info\/index.php\/wp-json\/wp\/v2\/comments?post=4888"}],"version-history":[{"count":0,"href":"https:\/\/monde25.info\/index.php\/wp-json\/wp\/v2\/posts\/4888\/revisions"}],"wp:featuredmedia":[{"embeddable":true,"href":"https:\/\/monde25.info\/index.php\/wp-json\/wp\/v2\/media\/4889"}],"wp:attachment":[{"href":"https:\/\/monde25.info\/index.php\/wp-json\/wp\/v2\/media?parent=4888"}],"wp:term":[{"taxonomy":"category","embeddable":true,"href":"https:\/\/monde25.info\/index.php\/wp-json\/wp\/v2\/categories?post=4888"},{"taxonomy":"post_tag","embeddable":true,"href":"https:\/\/monde25.info\/index.php\/wp-json\/wp\/v2\/tags?post=4888"}],"curies":[{"name":"wp","href":"https:\/\/api.w.org\/{rel}","templated":true}]}}