{"id":4890,"date":"2025-03-21T10:35:37","date_gmt":"2025-03-21T09:35:37","guid":{"rendered":"https:\/\/monde25.info\/index.php\/2025\/03\/21\/serguei-lavrov-celebre-ses-75-ans-aujourdhui\/"},"modified":"2025-03-21T10:35:37","modified_gmt":"2025-03-21T09:35:37","slug":"serguei-lavrov-celebre-ses-75-ans-aujourdhui","status":"publish","type":"post","link":"https:\/\/monde25.info\/index.php\/2025\/03\/21\/serguei-lavrov-celebre-ses-75-ans-aujourdhui\/","title":{"rendered":"Sergue\u00ef Lavrov c\u00e9l\u00e8bre ses 75 ans aujourd&rsquo;hui"},"content":{"rendered":"<p> <br \/>\n<br \/><img decoding=\"async\" src=\"https:\/\/cdn1.img.sputniknews.africa\/img\/07e9\/03\/14\/1071187391_0:0:1280:720_600x0_80_0_0_8700a144ef0930eb7d078822edb30132.png\" \/><\/p>\n<div>\n<div class=\"article__meta\" itemscope=\"\" itemtype=\"https:\/\/schema.org\/Article\">\n<p>https:\/\/fr.sputniknews.africa\/20250321\/serguei-lavrov-celebre-ses-75-ans-aujourdhui&#8211;1071187557.html<\/p>\n<p><a target=\"_blank\" itemprop=\"url\" href=\"https:\/\/fr.sputniknews.africa\/20250321\/serguei-lavrov-celebre-ses-75-ans-aujourdhui--1071187557.html\" title=\"Sergue\u00ef Lavrov c\u00e9l\u00e8bre ses 75 ans aujourd'hui \"\/><\/p>\n<p>Sergue\u00ef Lavrov c\u00e9l\u00e8bre ses 75 ans aujourd&rsquo;hui <\/p>\n<p>Sergue\u00ef Lavrov c\u00e9l\u00e8bre ses 75 ans aujourd&rsquo;hui <\/p>\n<p>Sputnik Afrique<\/p>\n<p>\u00c0 la t\u00eate du minist\u00e8re des Affaires \u00e9trang\u00e8res depuis 21 ans, il est le visage de la diplomatie russe, toujours en premi\u00e8re ligne pour d\u00e9fendre les int\u00e9r\u00eats de&#8230; 21.03.2025, Sputnik Afrique<\/p>\n<p>2025-03-21T09:38+0100<\/p>\n<p>2025-03-21T09:38+0100<\/p>\n<p>2025-03-21T09:38+0100<\/p>\n<p>infographies<\/p>\n<p>sergue\u00ef lavrov<\/p>\n<p>russie<\/p>\n<p>diplomatie<\/p>\n<p>international<\/p>\n<p>https:\/\/cdn1.img.sputniknews.africa\/img\/07e9\/03\/14\/1071187391_0:0:1280:720_1920x0_80_0_0_a9d449e92be410b17ffebc33a7fff851.png<\/p>\n<p>Sputnik Afrique propose \u00e0 cette occasion de red\u00e9couvrir ses d\u00e9clarations les plus marquantes de ces derni\u00e8res ann\u00e9es.<\/p>\n<p>russie<\/p>\n<div itemprop=\"copyrightHolder\" itemscope=\"\" itemtype=\"http:\/\/schema.org\/Organization\">\n<p>Sputnik Afrique<\/p>\n<p><a target=\"_blank\" itemprop=\"url\" href=\"https:\/\/fr.sputniknews.africa\" title=\"Sputnik Afrique\"> <\/a><\/p>\n<p>feedback.fr@sputniknews.com<\/p>\n<p>+74956456601<\/p>\n<p>MIA \u201eRossiya Segodnya\u201c<\/p>\n<p><a target=\"_blank\" itemprop=\"sameAs\" href=\"https:\/\/t.me\/sputnik_afrique\"> <\/a><a target=\"_blank\" itemprop=\"sameAs\" href=\"https:\/\/t.me\/sputnik_africa\"> <\/a><a target=\"_blank\" itemprop=\"sameAs\" href=\"https:\/\/t.me\/sputnik_ethiopia\"> <\/a><a target=\"_blank\" itemprop=\"sameAs\" href=\"https:\/\/x.com\/sputnik_afrique\"> <\/a><a target=\"_blank\" itemprop=\"sameAs\" href=\"https:\/\/x.com\/sputnik_africa\"> <\/a><a target=\"_blank\" itemprop=\"sameAs\" href=\"https:\/\/x.com\/sputnik_ethio\"> <\/a><\/div>\n<p>2025<\/p>\n<div itemprop=\"creator\" itemscope=\"\" itemtype=\"http:\/\/schema.org\/Organization\">\n<p>Sputnik Afrique<\/p>\n<p><a target=\"_blank\" itemprop=\"url\" href=\"https:\/\/fr.sputniknews.africa\" title=\"Sputnik Afrique\"> <\/a><\/p>\n<p>feedback.fr@sputniknews.com<\/p>\n<p>+74956456601<\/p>\n<p>MIA \u201eRossiya Segodnya\u201c<\/p>\n<p><a target=\"_blank\" itemprop=\"sameAs\" href=\"https:\/\/t.me\/sputnik_afrique\"> <\/a><a target=\"_blank\" itemprop=\"sameAs\" href=\"https:\/\/t.me\/sputnik_africa\"> <\/a><a target=\"_blank\" itemprop=\"sameAs\" href=\"https:\/\/t.me\/sputnik_ethiopia\"> <\/a><a target=\"_blank\" itemprop=\"sameAs\" href=\"https:\/\/x.com\/sputnik_afrique\"> <\/a><a target=\"_blank\" itemprop=\"sameAs\" href=\"https:\/\/x.com\/sputnik_africa\"> <\/a><a target=\"_blank\" itemprop=\"sameAs\" href=\"https:\/\/x.com\/sputnik_ethio\"> <\/a><\/div>\n<p>Actus<\/p>\n<p>fr_FR<\/p>\n<div itemprop=\"sourceOrganization\" itemscope=\"\" itemtype=\"http:\/\/schema.org\/Organization\">\n<p>Sputnik Afrique<\/p>\n<p><a target=\"_blank\" itemprop=\"url\" href=\"https:\/\/fr.sputniknews.africa\" title=\"Sputnik Afrique\"> <\/a><\/p>\n<p>feedback.fr@sputniknews.com<\/p>\n<p>+74956456601<\/p>\n<p>MIA \u201eRossiya Segodnya\u201c<\/p>\n<p><a target=\"_blank\" itemprop=\"sameAs\" href=\"https:\/\/t.me\/sputnik_afrique\"> <\/a><a target=\"_blank\" itemprop=\"sameAs\" href=\"https:\/\/t.me\/sputnik_africa\"> <\/a><a target=\"_blank\" itemprop=\"sameAs\" href=\"https:\/\/t.me\/sputnik_ethiopia\"> <\/a><a target=\"_blank\" itemprop=\"sameAs\" href=\"https:\/\/x.com\/sputnik_afrique\"> <\/a><a target=\"_blank\" itemprop=\"sameAs\" href=\"https:\/\/x.com\/sputnik_africa\"> <\/a><a target=\"_blank\" itemprop=\"sameAs\" href=\"https:\/\/x.com\/sputnik_ethio\"> <\/a><\/div>\n<p><a target=\"_blank\" itemprop=\"thumbnailUrl\" href=\"https:\/\/cdn1.img.sputniknews.africa\/img\/07e9\/03\/14\/1071187391_0:0:1280:720_1920x0_80_0_0_a9d449e92be410b17ffebc33a7fff851.png\"\/><a target=\"_blank\" itemprop=\"thumbnailUrl\" href=\"https:\/\/cdn1.img.sputniknews.africa\/img\/07e9\/03\/14\/1071187391_161:0:1121:720_1920x0_80_0_0_02155ed3905331a91dfe7b88c53e4ca1.png\">https:\/\/cdn1.img.sputniknews.africa\/img\/07e9\/03\/14\/1071187391_161:0:1121:720_1920x0_80_0_0_02155ed3905331a91dfe7b88c53e4ca1.png<\/a><a target=\"_blank\" itemprop=\"thumbnailUrl\" href=\"https:\/\/cdn1.img.sputniknews.africa\/img\/07e9\/03\/14\/1071187391_281:0:1001:720_1920x0_80_0_0_d2f6db26019be41470a1a34333b31fb3.png\" title=\"Sergue\u00ef Lavrov c\u00e9l\u00e8bre ses 75 ans aujourd'hui \"\/><\/p>\n<div itemprop=\"publisher\" itemscope=\"\" itemtype=\"http:\/\/schema.org\/Organization\">\n<p>Sputnik Afrique<\/p>\n<p><a target=\"_blank\" itemprop=\"url\" href=\"https:\/\/fr.sputniknews.africa\" title=\"Sputnik Afrique\"> <\/a><\/p>\n<p>feedback.fr@sputniknews.com<\/p>\n<p>+74956456601<\/p>\n<p>MIA \u201eRossiya Segodnya\u201c<\/p>\n<p><a target=\"_blank\" itemprop=\"sameAs\" href=\"https:\/\/t.me\/sputnik_afrique\"> <\/a><a target=\"_blank\" itemprop=\"sameAs\" href=\"https:\/\/t.me\/sputnik_africa\"> <\/a><a target=\"_blank\" itemprop=\"sameAs\" href=\"https:\/\/t.me\/sputnik_ethiopia\"> <\/a><a target=\"_blank\" itemprop=\"sameAs\" href=\"https:\/\/x.com\/sputnik_afrique\"> <\/a><a target=\"_blank\" itemprop=\"sameAs\" href=\"https:\/\/x.com\/sputnik_africa\"> <\/a><a target=\"_blank\" itemprop=\"sameAs\" href=\"https:\/\/x.com\/sputnik_ethio\"> <\/a><\/div>\n<p>sergue\u00ef lavrov, russie, diplomatie, international, \u0438\u043d\u0444\u043e\u0433\u0440\u0430\u0444\u0438\u043a\u0430<\/p>\n<div itemprop=\"about\" itemscope=\"\" itemtype=\"https:\/\/schema.org\/Thing\">\n<p>sergue\u00ef lavrov, russie, diplomatie, international, \u0438\u043d\u0444\u043e\u0433\u0440\u0430\u0444\u0438\u043a\u0430<\/p>\n<\/div>\n<\/div>\n<div class=\"article__header\">\n<p>\u00c0 la t\u00eate du minist\u00e8re des Affaires \u00e9trang\u00e8res depuis 21 ans, il est le visage de la diplomatie russe, toujours en premi\u00e8re ligne pour d\u00e9fendre les int\u00e9r\u00eats de Moscou sur la sc\u00e8ne internationale.<\/p>\n<\/div>\n<div class=\"article__body\">\n<div class=\"article__block\" data-type=\"text\">\n<p>Sputnik Afrique propose \u00e0 cette occasion de red\u00e9couvrir ses d\u00e9clarations les plus marquantes de ces derni\u00e8res ann\u00e9es.<\/p>\n<\/div>\n<\/div>\n<\/div>\n<p><script async=\"async\" type=\"text\/plain\" class=\"_iub_cs_activate\" data-iub-purposes=\"3\" data-suppressedsrc=\"https:\/\/connect.facebook.net\/en_US\/sdk.js#xfbml=1&amp;version=v3.2\"><\/script><br \/>\n<br \/><br \/>\n<br \/><a href=\"https:\/\/fr.sputniknews.africa\/20250321\/serguei-lavrov-celebre-ses-75-ans-aujourdhui--1071187557.html\" target=\"_blank\"\">Source link <\/a><\/p>\n","protected":false},"excerpt":{"rendered":"<p>https:\/\/fr.sputniknews.africa\/20250321\/serguei-lavrov-celebre-ses-75-ans-aujourdhui&#8211;1071187557.html Sergue\u00ef Lavrov c\u00e9l\u00e8bre ses 75 ans aujourd&rsquo;hui Sergue\u00ef Lavrov c\u00e9l\u00e8bre ses 75 ans aujourd&rsquo;hui Sputnik Afrique \u00c0 la t\u00eate du minist\u00e8re des Affaires \u00e9trang\u00e8res depuis 21 ans, il est&hellip; <\/p>\n","protected":false},"author":1,"featured_media":4891,"comment_status":"open","ping_status":"open","sticky":false,"template":"","format":"standard","meta":{"footnotes":""},"categories":[1],"tags":[],"class_list":["post-4890","post","type-post","status-publish","format-standard","has-post-thumbnail","hentry","category-non-classe"],"_links":{"self":[{"href":"https:\/\/monde25.info\/index.php\/wp-json\/wp\/v2\/posts\/4890","targetHints":{"allow":["GET"]}}],"collection":[{"href":"https:\/\/monde25.info\/index.php\/wp-json\/wp\/v2\/posts"}],"about":[{"href":"https:\/\/monde25.info\/index.php\/wp-json\/wp\/v2\/types\/post"}],"author":[{"embeddable":true,"href":"https:\/\/monde25.info\/index.php\/wp-json\/wp\/v2\/users\/1"}],"replies":[{"embeddable":true,"href":"https:\/\/monde25.info\/index.php\/wp-json\/wp\/v2\/comments?post=4890"}],"version-history":[{"count":0,"href":"https:\/\/monde25.info\/index.php\/wp-json\/wp\/v2\/posts\/4890\/revisions"}],"wp:featuredmedia":[{"embeddable":true,"href":"https:\/\/monde25.info\/index.php\/wp-json\/wp\/v2\/media\/4891"}],"wp:attachment":[{"href":"https:\/\/monde25.info\/index.php\/wp-json\/wp\/v2\/media?parent=4890"}],"wp:term":[{"taxonomy":"category","embeddable":true,"href":"https:\/\/monde25.info\/index.php\/wp-json\/wp\/v2\/categories?post=4890"},{"taxonomy":"post_tag","embeddable":true,"href":"https:\/\/monde25.info\/index.php\/wp-json\/wp\/v2\/tags?post=4890"}],"curies":[{"name":"wp","href":"https:\/\/api.w.org\/{rel}","templated":true}]}}