{"id":49,"date":"2024-11-14T01:56:39","date_gmt":"2024-11-14T00:56:39","guid":{"rendered":"https:\/\/monde25.info\/index.php\/2024\/11\/14\/un-rapport-confidentiel-etrille-la-privatisation-de-fret-sncf\/"},"modified":"2024-11-14T01:56:39","modified_gmt":"2024-11-14T00:56:39","slug":"un-rapport-confidentiel-etrille-la-privatisation-de-fret-sncf","status":"publish","type":"post","link":"https:\/\/monde25.info\/index.php\/2024\/11\/14\/un-rapport-confidentiel-etrille-la-privatisation-de-fret-sncf\/","title":{"rendered":"Un rapport confidentiel \u00e9trille la privatisation de Fret SNCF"},"content":{"rendered":"<p> <br \/>\n<\/p>\n<div>\n<p>La d\u00e9monstration est pointue et le constat est cinglant. Le d\u00e9mant\u00e8lement de la filiale marchandises de la <span class=\"caps\">SNCF<\/span>, d\u00e9cid\u00e9 par le gouvernement fran\u00e7ais, est une <i>\u00ab<small class=\"fine d-inline\">\u00a0<\/small>punition disproportionn\u00e9e<small class=\"fine d-inline\">\u00a0<\/small>\u00bb, \u00ab<small class=\"fine d-inline\">\u00a0<\/small>injuste<small class=\"fine d-inline\">\u00a0<\/small>\u00bb, \u00ab<small class=\"fine d-inline\">\u00a0<\/small>brutale<small class=\"fine d-inline\">\u00a0<\/small>\u00bb<\/i> men\u00e9e en suivant un <i>\u00ab<small class=\"fine d-inline\">\u00a0<\/small>calendrier fou<small class=\"fine d-inline\">\u00a0<\/small>\u00bb<\/i>. Et au bout du compte, il ne r\u00e9pondra pas au probl\u00e8me qu\u2019il est cens\u00e9 r\u00e9soudre.<\/p>\n<p><i>Reporterre<\/i> a mis la main sur trois rapports d\u2019expertise confidentiels du cabinet Secafi, rendus en septembre 2023, mars 2024 et le 29\u00a0octobre dernier aux repr\u00e9sentants des 5\u00a0000 salari\u00e9s de la branche Fret <span class=\"caps\">SNCF<\/span>. \u00c0 travers 350\u00a0pages de chiffres et d\u2019analyse, ils offrent une plong\u00e9e d\u00e9routante dans le monde ubuesque de l\u2019\u00e9conomie ferroviaire.<\/p>\n<p>Le 1<sup class=\"typo_exposants\">er<\/sup>\u00a0janvier 2025, la filiale fret du groupe <span class=\"caps\">SNCF<\/span>, qui transportait <a target=\"_blank\" href=\"https:\/\/www.autorite-transports.fr\/wp-content\/uploads\/2024\/03\/bilan-marche-ferroviaire-fret-2017_2022_v2.pdf\" class=\"spip_out\" rel=\"external\">la moiti\u00e9 des marchandises<\/a> circulant sur rails, disparaitra. Ses activit\u00e9s les plus rentables ont \u00e9t\u00e9 c\u00e9d\u00e9es \u00e0 des entreprises concurrentes ces derniers mois et 40<small class=\"fine d-inline\">\u00a0<\/small>% de ses actifs (immeubles, locomotives, etc.) doivent \u00eatre vendus. Pour remplacer ce qui reste de l\u2019ancien fleuron public, deux soci\u00e9t\u00e9s nouvelles sont cr\u00e9\u00e9es\u00a0: Hexafret pour faire circuler les trains et Technis pour assurer la maintenance. Elles appartiennent encore \u00e0 la <span class=\"caps\">SNCF<\/span>, mais ne feront plus partie du groupe et pourront \u00eatre privatis\u00e9es \u00e0 49<small class=\"fine d-inline\">\u00a0<\/small>% \u00e0 l\u2019avenir.<\/p>\n<div class=\"spip_document_86138 spip_document spip_documents spip_document_image spip_documents_center spip_document_center spip_document_avec_legende\" data-legende-len=\"160\" data-legende-lenx=\"xxx\">\n<figure class=\"spip_doc_inner\">\n      <picture><source type=\"image\/webp\" srcset=\"https:\/\/reporterre.net\/local\/cache-vignettes\/L1050xH700\/23-11-21_fret_sotteville_le_s_rouen_016-2-451ec.jpg@.webp?1731513289\"><img decoding=\"async\" src=\"https:\/\/reporterre.net\/IMG\/jpg\/23-11-21_fret_sotteville_le_s_rouen_016-2.jpg\" width=\"1200\" height=\"800\" loading=\"lazy\" alt=\"\"\/><br \/>\n    <\/source><\/picture><figcaption class=\"spip_doc_legende\">\n<p>Syndicats de cheminots et associations \u00e9cologistes ont manifest\u00e9 en Normandie fin 2023, contre le plan de liquidation de Fret <span class=\"caps\"><span class=\"caps\">SNCF<\/span><\/span>.<br \/>\n<i>\u00a9 \u00c9milie Sfez \/ Reporterre<br \/>\n<\/i><\/p>\n<\/figcaption><\/figure>\n<\/p><\/div>\n<p>C\u2019est le gouvernement fran\u00e7ais qui a d\u00e9cid\u00e9 en septembre 2023 de ce changement radical. Officiellement, il s\u2019agit d\u2019amadouer la Commission europ\u00e9enne, gardienne de la concurrence libre et non fauss\u00e9e, qui accuse la France d\u2019avoir subventionn\u00e9 indirectement Fret <span class=\"caps\">SNCF<\/span>, l\u2019avantageant vis-\u00e0-vis des compagnies priv\u00e9es. Pour ne pas avoir \u00e0 rembourser 5,3\u00a0milliards d\u2019euros de subventions indues, ce qui l\u2019aurait condamn\u00e9 \u00e0 une faillite certaine, Fret <span class=\"caps\">SNCF<\/span> sera donc \u00e9parpill\u00e9 fa\u00e7on puzzle.<\/p>\n<h2 class=\"spip\">La France se tire une balle dans le pied<\/h2>\n<p>Cette <i>\u00ab<small class=\"fine d-inline\">\u00a0<\/small>rupture sans pr\u00e9c\u00e9dent<small class=\"fine d-inline\">\u00a0<\/small>\u00bb<\/i>, conduite <i>\u00ab<small class=\"fine d-inline\">\u00a0<\/small>\u00e0 marche forc\u00e9e<small class=\"fine d-inline\">\u00a0<\/small>\u00bb<\/i>, pr\u00e9sente de nombreux risques, estiment les experts, qui ont acc\u00e8s dans le cadre de leur mission aux informations comptables du groupe <span class=\"caps\">SNCF<\/span>.<\/p>\n<p>Le premier est \u00e9conomique\u00a0: les vingt-trois lignes offertes \u00e0 la concurrence sont des trains dits <i>\u00ab<small class=\"fine d-inline\">\u00a0<\/small>complets<small class=\"fine d-inline\">\u00a0<\/small>\u00bb<\/i>, qui relient une usine ou un silo \u00e0 grains, par exemple, \u00e0 une autre usine ou \u00e0 un port. Ils sont les plus simples \u00e0 g\u00e9rer. Hexafret est pri\u00e9e de son c\u00f4t\u00e9 de se concentrer sur les trains compos\u00e9s de wagons isol\u00e9s et de marchandises diversifi\u00e9es, <i>\u00ab<small class=\"fine d-inline\">\u00a0<\/small>un march\u00e9 diffus, complexe \u00e0 op\u00e9rer, volatile et soumis \u00e0 diff\u00e9rents al\u00e9as<small class=\"fine d-inline\">\u00a0<\/small>\u00bb,<\/i> r\u00e9sument les experts. Or, la saign\u00e9e impos\u00e9e \u00e0 l\u2019entreprise publique et la <i>\u00ab<small class=\"fine d-inline\">\u00a0<\/small>d\u00e9mutualisation des activit\u00e9s<small class=\"fine d-inline\">\u00a0<\/small>\u00bb<\/i> vont la fragiliser et <i>\u00ab<small class=\"fine d-inline\">\u00a0<\/small>amputer l\u2019entreprise de marges de man\u0153uvre<small class=\"fine d-inline\">\u00a0<\/small>\u00bb.<\/i> Cela aboutira \u00e0 <i>\u00ab<small class=\"fine d-inline\">\u00a0<\/small>un mod\u00e8le \u00e9conomique plus co\u00fbteux<small class=\"fine d-inline\">\u00a0<\/small>\u00bb<\/i> et \u00e0 <i>\u00ab<small class=\"fine d-inline\">\u00a0<\/small>l\u2019attrition des circulations<small class=\"fine d-inline\">\u00a0<\/small>\u00bb<\/i>, s\u2019alarment les experts.<\/p>\n<p>Cette pr\u00e9vision \u00e0 la baisse du nombre de trains en circulation risque d\u2019entrainer un effet pervers. Moins de trains signifie une baisse des p\u00e9ages per\u00e7us par <span class=\"caps\">SNCF<\/span> R\u00e9seau, le gestionnaire des rails. Et <i>in fine<\/i> moins de recettes et donc moins de moyens pour entretenir un r\u00e9seau vieillissant. C\u2019est donc tout le petit monde du fret ferroviaire qui risque de p\u00e2tir, <a target=\"_blank\" href=\"https:\/\/reporterre.net\/En-France-le-fret-ferroviaire-cherche-a-raccrocher-les-wagons\">encore une fois<\/a>, des d\u00e9boires frappant l\u2019entreprise publique.<\/p>\n<p>Ce sont les patrons d\u2019entreprises priv\u00e9es concurrentes de la <span class=\"caps\">SNCF<\/span> qui l\u2019ont dit, ces derniers mois, \u00e0 l\u2019instar de celui de <a target=\"_blank\" href=\"https:\/\/www.ville-rail-transports.com\/ferroviaire\/%E2%80%AFles-menaces-qui-pesent-sur-fret-sncf-ne-sont-pas-une-bonne-nouvelle-selon-ses-concurrents\/\" class=\"spip_out\" rel=\"external\">DBCargo France<\/a>.<\/p>\n<h2 class=\"spip\">La demande est de retour<\/h2>\n<p>Ironie de l\u2019histoire, ces mauvaises nouvelles s\u2019accumulent alors que la demande est de retour. Les entreprises sont de plus en plus press\u00e9es d\u2019afficher des actions concr\u00e8tes sur le plan \u00e9cologique et aspirent \u00e0 mettre une partie de leurs marchandises sur des trains. Mais le mauvais \u00e9tat du r\u00e9seau entra\u00eene un manque de fiabilit\u00e9 (annulations, retards, etc.). Tandis que <i>\u00ab<small class=\"fine d-inline\">\u00a0<\/small>le trafic de voyageurs absorbe la quasi-totalit\u00e9 des capacit\u00e9s de jour du r\u00e9seau<small class=\"fine d-inline\">\u00a0<\/small>\u00bb, <\/i> les marchandises circulent surtout la nuit, <i>\u00ab<small class=\"fine d-inline\">\u00a0<\/small>et subissent les nuisances des travaux d\u2019entretien<small class=\"fine d-inline\">\u00a0<\/small>\u00bb<\/i>, appel\u00e9s \u00e0 se multiplier en raison de la v\u00e9tust\u00e9 du r\u00e9seau ferr\u00e9 fran\u00e7ais, note Secafi. Tous ces \u00e9l\u00e9ments ont entra\u00een\u00e9 une <i><a target=\"_blank\" href=\"https:\/\/www.lesechos.fr\/industrie-services\/tourisme-transport\/ces-acteurs-prives-qui-veulent-sortir-le-fret-ferroviaire-du-declin-2109236\" class=\"spip_out\" rel=\"external\">\u00ab<small class=\"fine d-inline\">\u00a0<\/small>chute historique<small class=\"fine d-inline\">\u00a0<\/small>\u00bb<\/a><\/i> du fret ferroviaire en 2023, selon l\u2019Autorit\u00e9 de r\u00e9gulation des transports (-17<small class=\"fine d-inline\">\u00a0<\/small>% sur un an).<\/p>\n<p>Plus ironique encore, le ferroviaire est en r\u00e9alit\u00e9 b\u00e9n\u00e9fique pour les finances publiques, estiment les experts apr\u00e8s avoir fait chauffer leur calculatrice. Si Fret <span class=\"caps\">SNCF<\/span> n\u2019avait pas \u00e9t\u00e9 sauv\u00e9 de la faillite depuis 2007, le report sur la route de ses marchandises aurait provoqu\u00e9 des <i>\u00ab<small class=\"fine d-inline\">\u00a0<\/small>externalit\u00e9s n\u00e9gatives<small class=\"fine d-inline\">\u00a0<\/small>\u00bb<\/i> bien connues (congestion des villes, accidents, maladies cardio-vasculaires caus\u00e9es par la pollution de l\u2019air, etc.). Au total, selon Secafi, ces dommages collat\u00e9raux auraient co\u00fbt\u00e9 10 milliards d\u2019euros de d\u00e9penses publiques. Soit le double de ce qu\u2019a co\u00fbt\u00e9 le sauvetage de l\u2019entreprise ferroviaire publique.<\/p>\n<div class=\"spip_document_86122 spip_document spip_documents spip_document_image spip_documents_center spip_document_center spip_document_avec_legende\" data-legende-len=\"22\" data-legende-lenx=\"\">\n<figure class=\"spip_doc_inner\">\n      <picture><source type=\"image\/webp\" srcset=\"https:\/\/reporterre.net\/local\/cache-vignettes\/L814xH393\/greph_1-47fab.png?1731510512\"><img decoding=\"async\" src=\"https:\/\/reporterre.net\/IMG\/png\/greph_1.png\" width=\"814\" height=\"393\" loading=\"lazy\" alt=\"\"\/><br \/>\n    <\/source><\/picture><figcaption class=\"spip_doc_legende\">\n<p><i>Secafi, octobre 2024<br \/>\n<\/i><\/p>\n<\/figcaption><\/figure>\n<\/p><\/div>\n<p><i>\u00ab<small class=\"fine d-inline\">\u00a0<\/small>La France souffre depuis des d\u00e9cennies d\u2019une absence de politique ferroviaire, industrielle<small class=\"fine d-inline\">\u00a0<\/small>\u00bb<\/i>, tranche l\u2019expertise. Elle ne doit pas perdre de vue, insistent-ils, que la <span class=\"caps\">SNCF<\/span> doit \u00eatre <i>\u00ab<small class=\"fine d-inline\">\u00a0<\/small>prot\u00e9g\u00e9e du \u201cmarch\u00e9 b\u00eate et m\u00e9chant\u201d au regard de son empreinte environnementale, de sa valeur ajout\u00e9e nationale, de ses missions d\u2019int\u00e9r\u00eat g\u00e9n\u00e9ral et de service public<small class=\"fine d-inline\">\u00a0<\/small>\u00bb<\/i>.<\/p>\n<h2 class=\"spip\">Le dogme de la concurrence, jusqu\u2019\u00e0 l\u2019absurde<\/h2>\n<p>Et ce n\u2019est pas fini\u00a0: <i>\u00ab<small class=\"fine d-inline\">\u00a0<\/small>Sans soutien public, la p\u00e9rennit\u00e9 de l\u2019activit\u00e9 serait injouable<small class=\"fine d-inline\">\u00a0<\/small>\u00bb,<\/i> insistent les experts. <i>\u00ab<small class=\"fine d-inline\">\u00a0<\/small>Le wagon isol\u00e9 est d\u00e9ficitaire et ne peut s\u2019inscrire dans une logique de concurrence que s\u2019il est aid\u00e9.<small class=\"fine d-inline\">\u00a0<\/small>\u00bb<\/i> Sans oublier que la conjoncture \u00e9conomique tourne au maussade, en particulier dans les domaines qui utilisent le fret (l\u2019automobile, la sid\u00e9rurgie, etc.) et que <i>\u00ab<small class=\"fine d-inline\">\u00a0<\/small>les al\u00e9as climatiques de plus en plus nombreux viennent perturber les trafics des trains, impactent la production, et donc les revenus<small class=\"fine d-inline\">\u00a0<\/small>\u00bb<\/i>.<\/p>\n<p>Le <i>\u00ab<small class=\"fine d-inline\">\u00a0<\/small>plan de discontinuit\u00e9<small class=\"fine d-inline\">\u00a0<\/small>\u00bb,<\/i> selon le vocable du gouvernement, ne changera donc pas le c\u0153ur du probl\u00e8me\u00a0: le besoin vital de subventions de la compagnie de fret. En r\u00e9sum\u00e9, <i>\u00ab<small class=\"fine d-inline\">\u00a0<\/small>Fret <span class=\"caps\">SNCF<\/span>, entreprise publique, a \u00e9t\u00e9 punie de ne pas avoir \u00e9t\u00e9 g\u00e9r\u00e9e comme une entreprise priv\u00e9e. Et la future entreprise \u00ab\u00a0priv\u00e9e\u00a0\u00bb sera reconnue dans ses missions d\u2019int\u00e9r\u00eat g\u00e9n\u00e9ral au travers d\u2019un soutien financier public permettant l\u2019\u00e9quilibre de son activit\u00e9<small class=\"fine d-inline\">\u00a0<\/small>\u00bb<\/i>, raillent les experts.<\/p>\n<p>Le plan pr\u00e9voit enfin 10<small class=\"fine d-inline\">\u00a0<\/small>% de baisse d\u2019effectif \u2014 soit 500\u00a0postes supprim\u00e9s \u2014 par le jeu des transferts de salari\u00e9s \u00e0 la concurrence et des d\u00e9missions. Ce qui s\u00e8me <a target=\"_blank\" href=\"https:\/\/reporterre.net\/En-France-le-fret-ferroviaire-cherche-a-raccrocher-les-wagons\">col\u00e8re et incompr\u00e9hension<\/a>, d\u2019autant plus que les cheminots ont fourni d\u2019\u00e9normes efforts de productivit\u00e9, depuis 2001 et l\u2019ouverture du transport de marchandises \u00e0 la concurrence des entreprises priv\u00e9es.<\/p>\n<p>Depuis 2009, 7\u00a0500 emplois ont \u00e9t\u00e9 supprim\u00e9s soit 63<small class=\"fine d-inline\">\u00a0<\/small>% de l\u2019effectif, soulignent les experts.<\/p>\n<div class=\"spip_document_86121 spip_document spip_documents spip_document_image spip_documents_center spip_document_center spip_document_avec_legende\" data-legende-len=\"22\" data-legende-lenx=\"\">\n<figure class=\"spip_doc_inner\">\n      <picture><source type=\"image\/webp\" srcset=\"https:\/\/reporterre.net\/local\/cache-vignettes\/L709xH298\/graph_2-3-a2fa0.png?1731510512\"><img decoding=\"async\" src=\"https:\/\/reporterre.net\/IMG\/png\/graph_2-3.png\" width=\"709\" height=\"298\" loading=\"lazy\" alt=\"\"\/><br \/>\n    <\/source><\/picture><figcaption class=\"spip_doc_legende\">\n<p><i>Secafi, octobre 2024<br \/>\n<\/i><\/p>\n<\/figcaption><\/figure>\n<\/p><\/div>\n<p>Au cours d\u2019une enqu\u00eate men\u00e9e sous la forme d\u2019entretiens et \u00e0 travers un questionnaire diffus\u00e9 aux salari\u00e9s, le cabinet Secafi a constat\u00e9 un <i>\u00ab<small class=\"fine d-inline\">\u00a0<\/small>sentiment d\u2019une profonde injustice<small class=\"fine d-inline\">\u00a0<\/small>\u00bb<\/i> chez les cheminots, renforc\u00e9 par <i>\u00ab<small class=\"fine d-inline\">\u00a0<\/small>l\u2019attachement tr\u00e8s fort<small class=\"fine d-inline\">\u00a0<\/small>\u00bb<\/i> des agents \u00e0 leur travail et par quinze ans de r\u00e9organisations en cascade qui ont d\u00e9j\u00e0 \u00e9mouss\u00e9 les troupes. Neuf salari\u00e9s sond\u00e9s sur dix jugent ce projet incompr\u00e9hensible, y compris parmi les cadres.<\/p>\n<p>Face \u00e0 ce <i>\u00ab<small class=\"fine d-inline\">\u00a0<\/small>paradoxe fran\u00e7ais<small class=\"fine d-inline\">\u00a0<\/small>\u00bb<\/i>, les experts recommandent un moratoire, comme propos\u00e9 par une commission d\u2019enqu\u00eate parlementaire le 13\u00a0d\u00e9cembre 2023. <i>\u00ab<small class=\"fine d-inline\">\u00a0<\/small>Le desserrement du calendrier nous para\u00eet essentiel<small class=\"fine d-inline\">\u00a0<\/small>\u00bb,<\/i> \u00e9crivent-ils, notamment pour <i>\u00ab<small class=\"fine d-inline\">\u00a0<\/small>laisser le temps du d\u00e9bat rationnel<small class=\"fine d-inline\">\u00a0<\/small>\u00bb.<\/i><\/p>\n<blockquote class=\"spip\">\n<p>\u00ab<small class=\"fine d-inline\">\u00a0<\/small>Une strat\u00e9gie de rentabilit\u00e9 financi\u00e8re sans limite<small class=\"fine d-inline\">\u00a0<\/small>\u00bb<\/p>\n<\/blockquote>\n<p>Le ministre des Transports, Fran\u00e7ois Durovray, \u00e9cartait cette hypoth\u00e8se le 28\u00a0octobre. <i>\u00ab<small class=\"fine d-inline\">\u00a0<\/small>Le fret ferroviaire est crucial pour la transition \u00e9cologique, [mais] nous n\u2019avons pas d\u2019autre choix que d\u2019aller au bout du processus de discontinuit\u00e9 de Fret <span class=\"caps\">SNCF<\/span><small class=\"fine d-inline\">\u00a0<\/small>\u00bb<\/i>, a-t-il d\u00e9clar\u00e9 sur X. Les <i>\u00ab<small class=\"fine d-inline\">\u00a0<\/small>lignes rouges<small class=\"fine d-inline\">\u00a0<\/small>\u00bb<\/i> sont selon lui garanties, parmi lesquelles <i>\u00ab<small class=\"fine d-inline\">\u00a0<\/small>pas de report modal vers la route<small class=\"fine d-inline\">\u00a0<\/small>\u00bb<\/i> et <i>\u00ab<small class=\"fine d-inline\">\u00a0<\/small>un plan d\u2019affaires solide<small class=\"fine d-inline\">\u00a0<\/small>\u00bb<\/i> pour Hexafret.<\/p>\n<p>Les quatre syndicats repr\u00e9sentatifs de cheminots (<span class=\"caps\">CGT<\/span>, Unsa, Sud, <span class=\"caps\">CFDT<\/span>) ont appel\u00e9, d\u2019une m\u00eame voix, \u00e0 une gr\u00e8ve le 21\u00a0novembre, contre la <i>\u00ab<small class=\"fine d-inline\">\u00a0<\/small>strat\u00e9gie de dumping social et de rentabilit\u00e9 financi\u00e8re sans limite<small class=\"fine d-inline\">\u00a0<\/small>\u00bb<\/i> du groupe <span class=\"caps\">SNCF<\/span> et de son minist\u00e8re de tutelle. Un second appel \u00e0 une gr\u00e8ve illimit\u00e9e et reconductible \u00e0 \u00e9t\u00e9 lanc\u00e9, \u00e0 compter du 11\u00a0d\u00e9cembre.<\/p>\n<aside class=\"boite_encarts\">\n<div class=\"encart encart_gris noprint\">\n<p><strong>Il est de retour.<\/strong><\/p>\n<p>Dans quelques semaines, Donald Trump se r\u00e9-installera \u00e0 la Maison Blanche.<\/p>\n<p>Un milliardaire, pour qui le r\u00e9chauffement climatique est \u00ab<small class=\"fine d-inline\">\u00a0<\/small>un canular<small class=\"fine d-inline\">\u00a0<\/small>\u00bb, sera \u00e0 la t\u00eate de la plus grande puissance mondiale.<\/p>\n<p>Dans une d\u00e9cennie cruciale pour l\u2019\u00e9cologie, nous ne pouvons pas nous permettre de perdre plus de temps.<\/p>\n<p>La soci\u00e9t\u00e9 civile doit continuer de se soulever, de se mobiliser et de faire pression sur les puissants.<\/p>\n<p>Mais pour agir, il faut savoir.<\/p>\n<p><strong>Depuis 11 ans, nous publions des articles de qualit\u00e9 sur l\u2019\u00e9cologie, en acc\u00e8s libre et sans publicit\u00e9, pour tous.<\/strong><\/p>\n<p>Nous avons la conviction que l\u2019urgence \u00e9cologique est l\u2019enjeu majeur de notre \u00e9poque.<br class=\"autobr\"\/><br \/>\n Et comme plus de 2 millions de lectrices et lecteurs chaque mois, vous partagez sans doute cette conviction&#8230;<\/p>\n<p>Alors si vous en avez les moyens, sachez qu\u2019un don, m\u00eame d\u20191\u20ac, est un acte de soutien fort pour l\u2019\u00e9cologie et le journalisme ind\u00e9pendant.<br class=\"autobr\"\/><br \/>\n (Et \u00e7a vous prendra moins de temps que la lecture de ce texte).<\/p>\n<p><strong>Si vous le pouvez, choisissez un soutien mensuel. Merci.<\/strong><\/p>\n<p><a target=\"_blank\" href=\"https:\/\/reporterre.net\/dons\" class=\"bt_soutenir\">Je soutiens <i>Reporterre<\/i><\/a><\/p>\n<\/p><\/div>\n<div class=\"encart encart_vert noprint montre_1023\">\n<div class=\"infolettre-form-container noprint\">\n<p>Abonnez-vous \u00e0 la lettre d\u2019info de Reporterre<\/p>\n<\/div><\/div>\n<\/aside>\n<aside class=\"boite_apresarticle encart_note\">\n<h4>Apr\u00e8s cet article<\/h4>\n<p>      <a target=\"_blank\" href=\"https:\/\/reporterre.net\/Privatisation-du-fret-SNCF-On-fait-tout-pour-couler-le-ferroviaire\" class=\"lien_article\">\n      <picture class=\"vignette_gauche\"><source type=\"image\/webp\" srcset=\"https:\/\/reporterre.net\/local\/cache-gd2\/84\/5b5dae1f5cccd458221d628b6d6243.jpg@.webp?1730182833\"><img decoding=\"async\" src=\"https:\/\/reporterre.net\/local\/cache-gd2\/84\/5b5dae1f5cccd458221d628b6d6243.jpg?1730182832\" width=\"450\" height=\"300\" alt=\"\" class=\"marge12\" loading=\"lazy\"\/><br \/>\n<\/source><\/picture>\n<p class=\"libelle\">\n<p>          Reportage \u2014<\/p>\n<p>      Transports\n    <\/p>\n<p class=\"titre pol20\">Privatisation du fret <span class=\"caps\">SNCF<\/span>\u00a0: \u00ab<small class=\"fine d-inline\">\u00a0<\/small>On fait tout pour couler le ferroviaire<small class=\"fine d-inline\">\u00a0<\/small>\u00bb<\/p>\n<p>      <\/a><br \/>\n    <\/aside>\n<aside class=\"boite_complement texte\">\n<p>      <!-- zone_forum --><br \/>\n          <\/aside>\n<aside class=\"boite_lireaussi noprint\">\n<\/aside>\n<aside class=\"colonne\">\n<div class=\"article_info cache_1023 noprint\">\n<p>    <span class=\"date\">13 novembre 2024  \u00e0 16h31<\/span><\/p>\n<p>    <span class=\"date_modif\">Mis \u00e0 jour le 13 novembre 2024 \u00e0 16h54<\/span>      <\/p>\n<p class=\"duree_lecture\">\n        Dur\u00e9e de lecture : 7 minutes\n      <\/p>\n<\/p><\/div>\n<div class=\"bloc_infolettre\">\n<div class=\"infolettre-form-container noprint\">\n<p>Abonnez-vous \u00e0 la lettre d\u2019info de Reporterre<\/p>\n<\/div><\/div>\n<\/aside>\n<div id=\"galerie\">\n  <img decoding=\"async\" src=\"\" class=\"principale\" id=\"principale\"\/><\/p>\n<p id=\"legende\">legende<\/p>\n<\/div>\n<footer class=\"noprint\">\n<\/footer>\n<\/div>\n<p><br \/>\n<br \/><a href=\"https:\/\/reporterre.net\/Un-rapport-confidentiel-etrille-la-privatisation-de-Fret-SNCF\" target=\"_blank\"\">Source link <\/a><\/p>\n","protected":false},"excerpt":{"rendered":"<p>La d\u00e9monstration est pointue et le constat est cinglant. Le d\u00e9mant\u00e8lement de la filiale marchandises de la SNCF, d\u00e9cid\u00e9 par le gouvernement fran\u00e7ais, est une \u00ab\u00a0punition disproportionn\u00e9e\u00a0\u00bb, \u00ab\u00a0injuste\u00a0\u00bb, \u00ab\u00a0brutale\u00a0\u00bb men\u00e9e&hellip; <\/p>\n","protected":false},"author":1,"featured_media":50,"comment_status":"open","ping_status":"open","sticky":false,"template":"","format":"standard","meta":{"footnotes":""},"categories":[1],"tags":[],"class_list":["post-49","post","type-post","status-publish","format-standard","has-post-thumbnail","hentry","category-non-classe"],"_links":{"self":[{"href":"https:\/\/monde25.info\/index.php\/wp-json\/wp\/v2\/posts\/49","targetHints":{"allow":["GET"]}}],"collection":[{"href":"https:\/\/monde25.info\/index.php\/wp-json\/wp\/v2\/posts"}],"about":[{"href":"https:\/\/monde25.info\/index.php\/wp-json\/wp\/v2\/types\/post"}],"author":[{"embeddable":true,"href":"https:\/\/monde25.info\/index.php\/wp-json\/wp\/v2\/users\/1"}],"replies":[{"embeddable":true,"href":"https:\/\/monde25.info\/index.php\/wp-json\/wp\/v2\/comments?post=49"}],"version-history":[{"count":0,"href":"https:\/\/monde25.info\/index.php\/wp-json\/wp\/v2\/posts\/49\/revisions"}],"wp:featuredmedia":[{"embeddable":true,"href":"https:\/\/monde25.info\/index.php\/wp-json\/wp\/v2\/media\/50"}],"wp:attachment":[{"href":"https:\/\/monde25.info\/index.php\/wp-json\/wp\/v2\/media?parent=49"}],"wp:term":[{"taxonomy":"category","embeddable":true,"href":"https:\/\/monde25.info\/index.php\/wp-json\/wp\/v2\/categories?post=49"},{"taxonomy":"post_tag","embeddable":true,"href":"https:\/\/monde25.info\/index.php\/wp-json\/wp\/v2\/tags?post=49"}],"curies":[{"name":"wp","href":"https:\/\/api.w.org\/{rel}","templated":true}]}}