{"id":490,"date":"2024-11-19T23:05:48","date_gmt":"2024-11-19T22:05:48","guid":{"rendered":"https:\/\/monde25.info\/index.php\/2024\/11\/19\/a-agen-les-coleres-sans-filtre-de-la-coordination-rurale\/"},"modified":"2024-11-19T23:05:48","modified_gmt":"2024-11-19T22:05:48","slug":"a-agen-les-coleres-sans-filtre-de-la-coordination-rurale","status":"publish","type":"post","link":"https:\/\/monde25.info\/index.php\/2024\/11\/19\/a-agen-les-coleres-sans-filtre-de-la-coordination-rurale\/","title":{"rendered":"\u00c0 Agen, les col\u00e8res sans filtre de la Coordination rurale"},"content":{"rendered":"<p> <br \/>\n<br \/>La Coordination rurale du Lot-et-Garonne s\u2019est mobilis\u00e9e pour demander la baisse des charges et l\u2019\u00e9galit\u00e9 des r\u00e8gles pour tous les agriculteurs europ\u00e9ens. La proximit\u00e9 du syndicat avec l\u2019extr\u00eame droite affleure souvent dans les discours. Mais le d\u00e9sarroi des paysans reste profond.<br \/>\n<br \/><br \/>\n<br \/><a href=\"https:\/\/www.mediapart.fr\/journal\/france\/191124\/agen-les-coleres-sans-filtre-de-la-coordination-rurale\" target=\"_blank\"\">Source link <\/a><\/p>\n","protected":false},"excerpt":{"rendered":"<p>La Coordination rurale du Lot-et-Garonne s\u2019est mobilis\u00e9e pour demander la baisse des charges et l\u2019\u00e9galit\u00e9 des r\u00e8gles pour tous les agriculteurs europ\u00e9ens. La proximit\u00e9 du syndicat avec l\u2019extr\u00eame droite affleure&hellip; <\/p>\n","protected":false},"author":1,"featured_media":491,"comment_status":"open","ping_status":"open","sticky":false,"template":"","format":"standard","meta":{"footnotes":""},"categories":[1],"tags":[],"class_list":["post-490","post","type-post","status-publish","format-standard","has-post-thumbnail","hentry","category-non-classe"],"_links":{"self":[{"href":"https:\/\/monde25.info\/index.php\/wp-json\/wp\/v2\/posts\/490","targetHints":{"allow":["GET"]}}],"collection":[{"href":"https:\/\/monde25.info\/index.php\/wp-json\/wp\/v2\/posts"}],"about":[{"href":"https:\/\/monde25.info\/index.php\/wp-json\/wp\/v2\/types\/post"}],"author":[{"embeddable":true,"href":"https:\/\/monde25.info\/index.php\/wp-json\/wp\/v2\/users\/1"}],"replies":[{"embeddable":true,"href":"https:\/\/monde25.info\/index.php\/wp-json\/wp\/v2\/comments?post=490"}],"version-history":[{"count":0,"href":"https:\/\/monde25.info\/index.php\/wp-json\/wp\/v2\/posts\/490\/revisions"}],"wp:featuredmedia":[{"embeddable":true,"href":"https:\/\/monde25.info\/index.php\/wp-json\/wp\/v2\/media\/491"}],"wp:attachment":[{"href":"https:\/\/monde25.info\/index.php\/wp-json\/wp\/v2\/media?parent=490"}],"wp:term":[{"taxonomy":"category","embeddable":true,"href":"https:\/\/monde25.info\/index.php\/wp-json\/wp\/v2\/categories?post=490"},{"taxonomy":"post_tag","embeddable":true,"href":"https:\/\/monde25.info\/index.php\/wp-json\/wp\/v2\/tags?post=490"}],"curies":[{"name":"wp","href":"https:\/\/api.w.org\/{rel}","templated":true}]}}