{"id":4901,"date":"2025-03-21T13:54:49","date_gmt":"2025-03-21T12:54:49","guid":{"rendered":"https:\/\/monde25.info\/index.php\/2025\/03\/21\/le-conseil-constitutionnel-censure-un-tiers-de-la-loi-dorientation-agricole\/"},"modified":"2025-03-21T13:54:49","modified_gmt":"2025-03-21T12:54:49","slug":"le-conseil-constitutionnel-censure-un-tiers-de-la-loi-dorientation-agricole","status":"publish","type":"post","link":"https:\/\/monde25.info\/index.php\/2025\/03\/21\/le-conseil-constitutionnel-censure-un-tiers-de-la-loi-dorientation-agricole\/","title":{"rendered":"Le Conseil constitutionnel censure un tiers de la loi d\u2019orientation agricole"},"content":{"rendered":"<p> <br \/>\n<\/p>\n<div style=\"position:relative;\">\n        <picture><source type=\"image\/webp\" srcset=\"https:\/\/reporterre.net\/local\/cache-vignettes\/L720xH480\/arton30707-3-ea3d8.jpg@.webp?1742556679\"><img loading=\"lazy\" decoding=\"async\" src=\"https:\/\/reporterre.net\/local\/cache-vignettes\/L720xH480\/arton30707-3-ea3d8.jpg?1742556679\" width=\"720\" height=\"480\" alt=\"Le Conseil constitutionnel censure un tiers de la loi d'orientation agricole\" class=\"image_logo voir_logo\"\/><\/p>\n<p><\/source><\/picture>\n<p class=\"legende_logo\">L\u2019essentiel des \u00ab mesures concr\u00e8tes [&#8230;] a \u00e9t\u00e9 valid\u00e9 \u00bb, selon la ministre de l\u2019Agriculture. <span class=\"copyright_logo\">&#8211; Wikimedia Commons\/CC BY 3.0\/Mbzt<\/span><\/p>\n<p class=\"legende_logo_480\">L\u2019essentiel des \u00ab mesures concr\u00e8tes [&#8230;] a \u00e9t\u00e9 valid\u00e9 \u00bb, selon la ministre de l\u2019Agriculture. <span class=\"copyright_logo\">&#8211; Wikimedia Commons\/CC BY 3.0\/Mbzt<\/span><\/p>\n<\/p><\/div>\n<div>\n        <span class=\"date\">21 mars 2025  \u00e0 12h31<\/span><\/p>\n<p class=\"duree_lecture\">\n        Dur\u00e9e de lecture : 2 minutes\n      <\/p>\n<\/p><\/div>\n<div>\n<p>Le Conseil constitutionnel a censur\u00e9, le 20\u00a0mars, un tiers de la loi d\u2019orientation agricole. Le texte, consid\u00e9r\u00e9 comme <a target=\"_blank\" href=\"https:\/\/reporterre.net\/Desastreuse-pour-la-biodiversite-la-loi-d-orientation-agricole-est-adoptee\">d\u00e9sastreux pour l\u2019\u00e9cologie<\/a>, se trouve ainsi profond\u00e9ment amend\u00e9. <i>\u00ab<small class=\"fine d-inline\">\u00a0<\/small>C\u2019est une petite victoire<small class=\"fine d-inline\">\u00a0<\/small>\u00bb<\/i>, pour le d\u00e9put\u00e9 \u00e9cologiste Beno\u00eet Biteau.<\/p>\n<p>Avec d\u2019autres parlementaires de gauche, il avait saisi les Sages de la rue Cambon, estimant que le texte adopt\u00e9 fin f\u00e9vrier bafouait la Charte de l\u2019environnement.<\/p>\n<p>Parmi les dispositions supprim\u00e9es, figure notamment la tr\u00e8s probl\u00e9matique instauration d\u2019une <i>\u00ab<small class=\"fine d-inline\">\u00a0<\/small>pr\u00e9somption de non-intentionnalit\u00e9<small class=\"fine d-inline\">\u00a0<\/small>\u00bb<\/i>, <a target=\"_blank\" href=\"https:\/\/reporterre.net\/Destructions-d-especes-protegees-l-Etat-ouvre-la-porte-a-toutes-les-derives\">qui d\u00e9p\u00e9nalisait les infractions relatives \u00e0 la destruction d\u2019esp\u00e8ces prot\u00e9g\u00e9es<\/a>. Un <i>\u00ab<small class=\"fine d-inline\">\u00a0<\/small>permis de d\u00e9truire la biodiversit\u00e9<small class=\"fine d-inline\">\u00a0<\/small>\u00bb<\/i> pour ses d\u00e9tracteurs.<\/p>\n<p>Le Conseil constitutionnel a \u00e9galement annul\u00e9 le principe de <i>\u00ab<small class=\"fine d-inline\">\u00a0<\/small>non-r\u00e9gression de la souverainet\u00e9 alimentaire<small class=\"fine d-inline\">\u00a0<\/small>\u00bb<\/i>, et une partie de l\u2019article 1, qui interdisait d\u2019imposer aux agriculteurs des normes plus strictes que les exigences minimales europ\u00e9ennes.<\/p>\n<h2 class=\"spip\">L\u2019essentiel valid\u00e9<\/h2>\n<p>En revanche, les Sages ont jug\u00e9 conforme \u00e0 la Constitution la disposition \u00e9rigeant l\u2019agriculture au rang d\u2019<i>\u00ab<small class=\"fine d-inline\">\u00a0<\/small>int\u00e9r\u00eat g\u00e9n\u00e9ral majeur<small class=\"fine d-inline\">\u00a0<\/small>\u00bb<\/i>, une revendication de la <span class=\"caps\">FNSEA<\/span>, syndicat productiviste majoritaire. L\u2019objectif <i>\u00ab<small class=\"fine d-inline\">\u00a0<\/small>pas d\u2019interdiction sans solution<small class=\"fine d-inline\">\u00a0<\/small>\u00bb<\/i>, qui interdit de bannir un produit autoris\u00e9 dans le reste de l\u2019Union europ\u00e9enne sans alternative disponible, a \u00e9galement \u00e9t\u00e9 jug\u00e9 constitutionnel.<\/p>\n<p>Malgr\u00e9 ce revers, la ministre de l\u2019Agriculture s\u2019est r\u00e9jouie que <i>\u00ab<small class=\"fine d-inline\">\u00a0<\/small>l\u2019essentiel des mesures concr\u00e8tes pour les agriculteurs [ait] \u00e9t\u00e9 valid\u00e9<small class=\"fine d-inline\">\u00a0<\/small>\u00bb<\/i>. <i>\u00ab<small class=\"fine d-inline\">\u00a0<\/small>Des avanc\u00e9es majeures attendues depuis longtemps sont d\u00e9sormais ancr\u00e9es dans la loi<small class=\"fine d-inline\">\u00a0<\/small>\u00bb<\/i>, a indiqu\u00e9 Annie Genevard sur ses r\u00e9seaux sociaux.<\/p>\n<p>La Ligue pour la protection des oiseaux (<span class=\"caps\">LPO<\/span>) a salu\u00e9 pour sa part une d\u00e9cision <i>\u00ab<small class=\"fine d-inline\">\u00a0<\/small>rassurante<small class=\"fine d-inline\">\u00a0<\/small>\u00bb<\/i> du Conseil constitutionnel. <i>\u00ab<small class=\"fine d-inline\">\u00a0<\/small>Elle d\u00e9montre que nos institutions r\u00e9publicaines restent capables de prot\u00e9ger les acquis en mati\u00e8re de pr\u00e9servation de la biodiversit\u00e9<small class=\"fine d-inline\">\u00a0<\/small>\u00bb<\/i>, selon son pr\u00e9sident Allain Bougrain-Dubourg.<\/p>\n<aside class=\"boite_encarts\">\n<div class=\"encart encart_gris noprint\">\n<p><strong>Puisque vous \u00eates l\u00e0&#8230;<\/strong><\/p>\n<p>&#8230; nous avons un petit service \u00e0 vous demander.<br class=\"autobr\"\/><br \/>\nEntre la pr\u00e9sence d\u2019un climatosceptique \u00e0 la t\u00eate de la premi\u00e8re puissance mondiale, un gouvernement fran\u00e7ais qui flirte avec l\u2019extr\u00eame-droite, et les catastrophes climatiques qui s\u2019enchainent&#8230; Faire vivre l\u2019\u00e9cologie dans le d\u00e9bat public est un enjeu crucial.<\/p>\n<p>Personne ne modifie ce que nous publions. Nous n\u2019avons ni actionnaire, ni propri\u00e9taire milliardaire \u2014 seulement une \u00e9quipe d\u2019irr\u00e9ductibles journalistes, pleine de d\u00e9termination.<\/p>\n<p>Nous avons la conviction que l\u2019urgence \u00e9cologique est l\u2019enjeu majeur de notre \u00e9poque. Et comme plus de 2 millions de lectrices et lecteurs chaque mois, vous partagez sans doute cette conviction&#8230;<\/p>\n<p><strong>Depuis 12 ans, nous publions des articles de qualit\u00e9 sur l\u2019\u00e9cologie, en acc\u00e8s libre et sans publicit\u00e9, pour tous.<\/strong><br class=\"autobr\"\/><br \/>\nMais ce travail demande beaucoup de temps et de ressources.<\/p>\n<p>Alors, si vous en avez les moyens, sachez qu\u2019un don, m\u00eame d\u20191\u20ac, est un acte de soutien fort pour l\u2019\u00e9cologie et le journalisme ind\u00e9pendant.<br class=\"autobr\"\/><br \/>\n(Et \u00e7a vous prendra moins de temps que la lecture de ce texte).<\/p>\n<p><strong>Si vous le pouvez, choisissez un soutien mensuel. Merci.<\/strong><\/p>\n<p><a target=\"_blank\" href=\"https:\/\/reporterre.net\/dons\" class=\"bt_soutenir\">Je soutiens <i>Reporterre<\/i><\/a><\/p>\n<\/p><\/div>\n<div class=\"encart encart_vert noprint montre_1023\">\n<div class=\"infolettre-form-container noprint\">\n<p>Abonnez-vous \u00e0 la lettre d\u2019info de Reporterre<\/p>\n<\/div><\/div>\n<\/aside>\n<aside class=\"boite_apresarticle encart_note\">\n<\/aside>\n<aside class=\"boite_complement texte\">\n<p>      <!-- zone_forum --><br \/>\n          <\/aside>\n<aside class=\"boite_lireaussi noprint\">\n<\/aside>\n<aside class=\"colonne\">\n<div class=\"article_info cache_1023 noprint\">\n        <span class=\"date\">21 mars 2025  \u00e0 12h31<\/span><\/p>\n<p class=\"duree_lecture\">\n        Dur\u00e9e de lecture : 2 minutes\n      <\/p>\n<\/p><\/div>\n<div class=\"bloc_infolettre\">\n<div class=\"infolettre-form-container noprint\">\n<p>Abonnez-vous \u00e0 la lettre d\u2019info de Reporterre<\/p>\n<\/div><\/div>\n<\/aside>\n<div id=\"galerie\">\n  <img decoding=\"async\" src=\"\" class=\"principale\" id=\"principale\"\/><\/p>\n<p id=\"legende\">legende<\/p>\n<\/div>\n<footer class=\"noprint\">\n<\/footer>\n<\/div>\n<p><br \/>\n<br \/><a href=\"https:\/\/reporterre.net\/Le-Conseil-constitutionnel-censure-un-tiers-de-la-loi-d-orientation-agricole\" target=\"_blank\"\">Source link <\/a><\/p>\n","protected":false},"excerpt":{"rendered":"<p>L\u2019essentiel des \u00ab mesures concr\u00e8tes [&#8230;] a \u00e9t\u00e9 valid\u00e9 \u00bb, selon la ministre de l\u2019Agriculture. &#8211; Wikimedia Commons\/CC BY 3.0\/Mbzt L\u2019essentiel des \u00ab mesures concr\u00e8tes [&#8230;] a \u00e9t\u00e9 valid\u00e9 \u00bb,&hellip; <\/p>\n","protected":false},"author":1,"featured_media":4902,"comment_status":"open","ping_status":"open","sticky":false,"template":"","format":"standard","meta":{"footnotes":""},"categories":[1],"tags":[],"class_list":["post-4901","post","type-post","status-publish","format-standard","has-post-thumbnail","hentry","category-non-classe"],"_links":{"self":[{"href":"https:\/\/monde25.info\/index.php\/wp-json\/wp\/v2\/posts\/4901","targetHints":{"allow":["GET"]}}],"collection":[{"href":"https:\/\/monde25.info\/index.php\/wp-json\/wp\/v2\/posts"}],"about":[{"href":"https:\/\/monde25.info\/index.php\/wp-json\/wp\/v2\/types\/post"}],"author":[{"embeddable":true,"href":"https:\/\/monde25.info\/index.php\/wp-json\/wp\/v2\/users\/1"}],"replies":[{"embeddable":true,"href":"https:\/\/monde25.info\/index.php\/wp-json\/wp\/v2\/comments?post=4901"}],"version-history":[{"count":0,"href":"https:\/\/monde25.info\/index.php\/wp-json\/wp\/v2\/posts\/4901\/revisions"}],"wp:featuredmedia":[{"embeddable":true,"href":"https:\/\/monde25.info\/index.php\/wp-json\/wp\/v2\/media\/4902"}],"wp:attachment":[{"href":"https:\/\/monde25.info\/index.php\/wp-json\/wp\/v2\/media?parent=4901"}],"wp:term":[{"taxonomy":"category","embeddable":true,"href":"https:\/\/monde25.info\/index.php\/wp-json\/wp\/v2\/categories?post=4901"},{"taxonomy":"post_tag","embeddable":true,"href":"https:\/\/monde25.info\/index.php\/wp-json\/wp\/v2\/tags?post=4901"}],"curies":[{"name":"wp","href":"https:\/\/api.w.org\/{rel}","templated":true}]}}