{"id":4903,"date":"2025-03-21T14:27:43","date_gmt":"2025-03-21T13:27:43","guid":{"rendered":"https:\/\/monde25.info\/index.php\/2025\/03\/21\/5-preuves-que-la-resistance-anti-trump-sorganise\/"},"modified":"2025-03-21T14:27:43","modified_gmt":"2025-03-21T13:27:43","slug":"5-preuves-que-la-resistance-anti-trump-sorganise","status":"publish","type":"post","link":"https:\/\/monde25.info\/index.php\/2025\/03\/21\/5-preuves-que-la-resistance-anti-trump-sorganise\/","title":{"rendered":"5 preuves que la r\u00e9sistance anti-Trump s\u2019organise"},"content":{"rendered":"<p> <br \/>\n<\/p>\n<div>\n<h4><strong>Depuis le retour au pouvoir de Donald Trump, de multiples d\u00e9cisions et prises de position ont suscit\u00e9 de graves pol\u00e9miques. Racisme, sexisme, imp\u00e9rialisme, obscurantisme, l\u2019avenir du pays sombre dans une fascisation flagrante. Pourtant, face \u00e0 cette perspective, de nombreux Am\u00e9ricains sont d\u00e9j\u00e0 entr\u00e9s en r\u00e9sistance.<\/strong><\/h4>\n<p>Pour son second mandat, Donald Trump para\u00eet bien d\u00e9termin\u00e9 \u00e0 passer la vitesse sup\u00e9rieure en mati\u00e8re de <strong>projets r\u00e9actionnaires.<\/strong> En quelques semaines, <strong><a target=\"_blank\" href=\"https:\/\/mrmondialisation.org\/9-atrocites-trump-mandat\/\">une pluie de mesures ahurissantes<\/a><\/strong> s\u2019est abattue sur les \u00c9tats-Unis et continue d\u2019\u00eatre aliment\u00e9e.<\/p>\n<p>Pour autant, apr\u00e8s quelques mois de sid\u00e9ration, <strong>scientifiques, f\u00e9ministes, \u00e9tudiants et politiciens se sont mis en ordre de bataille<\/strong> pour enrayer cette dynamique effrayante. Pour un peu d\u2019espoir, Mr Mondialisation vous pr\u00e9sente <strong>six exemples de r\u00e9sistance au n\u00e9ofascisme am\u00e9ricain.<\/strong><\/p>\n<h2><strong>1 \u2014 Les scientifiques vent debout<\/strong><\/h2>\n<p>Connu pour ses multiples d\u00e9nis de r\u00e9alit\u00e9, Donald Trump s\u2019est \u00e9galement largement employ\u00e9 \u00e0 <strong><a target=\"_blank\" href=\"https:\/\/lareleveetlapeste.fr\/dans-le-monde-entier-les-scientifiques-se-rebellent-face-a-donald-trump\/\">d\u00e9nigrer les faits scientifiques<\/a><\/strong> afin de s\u00e9duire son \u00e9lectorat complotiste.<strong> La premi\u00e8re victime de cette conception du monde est sans aucun doute la plan\u00e8te.<\/strong><\/p>\n<p>Le nouveau pr\u00e9sident n\u2019a d\u2019ailleurs jamais cach\u00e9 <strong><a target=\"_blank\" href=\"https:\/\/reporterre.net\/Donald-Trump-au-pouvoir-une-catastrophe-pour-la-diplomatie-climatique\">son climatoscepticisme,<\/a><\/strong>\u00a0notamment en quittant<strong> les accords de Paris<\/strong> pour la seconde fois. Mais d\u2019autres domaines li\u00e9s \u00e0 la science ont aussi \u00e9t\u00e9 massivement attaqu\u00e9s, comme<strong> <a target=\"_blank\" href=\"https:\/\/www.lopinion.fr\/economie\/pourquoi-donald-trump-bouleverse-et-inquiete-aussi-le-monde-de-la-sante\">la m\u00e9decine<\/a>, ou encore les universit\u00e9s et le milieu de la recherche<\/strong> qui ont subi des milliers de licenciements, des coupes budg\u00e9taires et <a target=\"_blank\" href=\"https:\/\/reporterre.net\/Femme-climat-Trump-interdit-des-mots-dans-les-articles-scientifiques\">des censures<\/a> au nom de \u00ab\u00a0la lutte contre le wokisme\u00a0\u00bb.<\/p>\n<p><iframe loading=\"lazy\" title=\"Pourquoi Donald Trump d\u00e9teste-t-il les scientifiques ?\" width=\"1110\" height=\"624\" src=\"https:\/\/www.youtube.com\/embed\/wRz-JFZSCWw?feature=oembed\" frameborder=\"0\" allow=\"accelerometer; autoplay; clipboard-write; encrypted-media; gyroscope; picture-in-picture; web-share\" referrerpolicy=\"strict-origin-when-cross-origin\" allowfullscreen><\/iframe><\/p>\n<p><strong>Plusieurs habitants et organisations sont alors entr\u00e9s en r\u00e9sistance, notamment au niveau judiciaire <a target=\"_blank\" href=\"https:\/\/www.novethic.fr\/environnement\/climat\/trump-contre-science-apres-sideration-resister-partout\">pour contester<\/a> des renvois et faire annuler des d\u00e9cisions aberrantes du gouvernement.<\/strong><\/p>\n<p>Dans le m\u00eame temps, un collectif nomm\u00e9 <strong><a target=\"_blank\" href=\"https:\/\/www.radiofrance.fr\/franceculture\/podcasts\/culture-de-l-info\/culture-de-l-info-3138034\">\u00ab\u00a0Stand up for Science\u00a0\u00bb<\/a> <\/strong>s\u2019est constitu\u00e9 dans tout le pays et au-del\u00e0 des ses fronti\u00e8res. Vendredi 7 mars dernier, <strong>plusieurs milliers de citoyens et scientifiques se sont ainsi rassembl\u00e9s dans le monde<\/strong> pour s\u2019opposer aux positions du pr\u00e9sident am\u00e9ricain.<\/p>\n<figure id=\"attachment_716306\" aria-describedby=\"caption-attachment-716306\" style=\"width: 1024px\" class=\"wp-caption alignnone\"><img fetchpriority=\"high\" decoding=\"async\" class=\"wp-image-716306 size-medium\" src=\"https:\/\/mrmondialisation.org\/wp-content\/uploads\/2025\/03\/54371943439-ec10333949-k-1024x548.jpg\" alt=\"\" width=\"1024\" height=\"548\" srcset=\"https:\/\/mrmondialisation.org\/wp-content\/uploads\/2025\/03\/54371943439-ec10333949-k-1024x548.jpg 1024w, https:\/\/mrmondialisation.org\/wp-content\/uploads\/2025\/03\/54371943439-ec10333949-k-1524x815.jpg 1524w, https:\/\/mrmondialisation.org\/wp-content\/uploads\/2025\/03\/54371943439-ec10333949-k-768x411.jpg 768w, https:\/\/mrmondialisation.org\/wp-content\/uploads\/2025\/03\/54371943439-ec10333949-k-1536x822.jpg 1536w, https:\/\/mrmondialisation.org\/wp-content\/uploads\/2025\/03\/54371943439-ec10333949-k-696x372.jpg 696w, https:\/\/mrmondialisation.org\/wp-content\/uploads\/2025\/03\/54371943439-ec10333949-k-1068x571.jpg 1068w, https:\/\/mrmondialisation.org\/wp-content\/uploads\/2025\/03\/54371943439-ec10333949-k-785x420.jpg 785w, https:\/\/mrmondialisation.org\/wp-content\/uploads\/2025\/03\/54371943439-ec10333949-k.jpg 2047w\" sizes=\"(max-width: 1024px) 100vw, 1024px\"\/><figcaption id=\"caption-attachment-716306\" class=\"wp-caption-text\">Lincoln Memorial, 3\/7\/25 @Victoria Pickerin\/Flickr<\/figcaption><\/figure>\n<h2><strong>2 \u2014 Bernie Sanders, l\u2019ind\u00e9fectible\u00a0<\/strong><\/h2>\n<p>Depuis la victoire de Donald Trump, <strong>le camp d\u00e9mocrate, et notamment son aile lib\u00e9rale, semble \u00eatre rest\u00e9e paralys\u00e9e.<\/strong> Toutefois, un homme para\u00eet ne pas avoir abandonn\u00e9 la lutte contre la pr\u00e9sidence d\u2019extr\u00eame droite. Cet homme, c\u2019est l\u2019ind\u00e9pendant Bernie Sanders, bient\u00f4t 84 ans, et pourtant plus actif que jamais.<\/p>\n<p>Lanc\u00e9 dans <a target=\"_blank\" href=\"https:\/\/time-com.translate.goog\/7266280\/bernie-sanders-trump-resistance-rally\/?_x_tr_sl=en&amp;_x_tr_tl=fr&amp;_x_tr_hl=fr&amp;_x_tr_pto=wapp&amp;_x_tr_hist=true\"><strong>une tourn\u00e9e g\u00e9ante<\/strong> <\/a>\u00e0 travers l\u2019Am\u00e9rique \u00ab\u00a0contre l\u2019oligarchie\u00a0\u00bb, celui qui avait brigu\u00e9 par deux fois, <a target=\"_blank\" href=\"https:\/\/www.leparisien.fr\/politique\/hillary-clinton-a-t-elle-triche-04-11-2017-7372020.php\">sans succ\u00e8s<\/a>, l\u2019investiture d\u00e9mocrate aux pr\u00e9sidentielles, continue de<strong> soulever les foules<\/strong> en d\u00e9fendant un projet r\u00e9ellement \u00e0 gauche, \u00e0 l\u2019inverse de Kamala Harris ou Joe Biden dont <a target=\"_blank\" href=\"https:\/\/www.humanite.fr\/monde\/etats-unis\/presidentielle-americaine-le-programme-de-kamala-harris-est-il-communiste\">les politiques n\u00e9olib\u00e9rales<\/a> avaient d\u00e9\u00e7u beaucoup d\u2019\u00e9lecteurs.<\/p>\n<blockquote class=\"bluesky-embed\" data-bluesky-uri=\"at:\/\/did:plc:gscm3sxlkqvcquiliaepvhwy\/app.bsky.feed.post\/3ljy2c2yyek2k\" data-bluesky-cid=\"bafyreigbsyt27sjxquqqicd3t74j7qm35sbh3rr5rsizux73nr5go5iqbq\">\n<p lang=\"en\">THOUSANDS of people went out to see Bernie Sanders in Warren, MI yesterday as part of his \u201cFighting Oligarchy\u201d tour \u270a<\/p>\n<p>\u2014 <a target=\"_blank\" href=\"https:\/\/bsky.app\/profile\/did:plc:gscm3sxlkqvcquiliaepvhwy?ref_src=embed\">REVOLUTION TELEVISED (@revolution-tv.bsky.social)<\/a> <a target=\"_blank\" href=\"https:\/\/bsky.app\/profile\/did:plc:gscm3sxlkqvcquiliaepvhwy\/post\/3ljy2c2yyek2k?ref_src=embed\">2025-03-09T22:06:08.349Z<\/a><\/p>\n<\/blockquote>\n<div class=\"td-a-rec td-a-rec-id-content_inline  tdi_1 td_block_template_1\">\n<span class=\"td-adspot-title\">&#8211; Pour une information libre ! &#8211;<\/span><a target=\"_blank\" href=\"https:\/\/fr.tipeee.com\/mr-mondialisation\" class=\"tipeee-project-small\">Soutenir Mr Japanization sur Tipeee<\/a>\n<\/div>\n<p>S\u2019il n\u2019est pas candidat \u00e0 la pr\u00e9sidence en 2028, en raison de son \u00e2ge, il tente malgr\u00e9 tout de <strong>canaliser la col\u00e8re anti-Trump pour faire avancer des id\u00e9es progressistes<\/strong> dans le pays.<\/p>\n<p><strong>Assurance maladie et universit\u00e9 publiques et gratuites ou encore grand plan \u00e9cologique<\/strong> font notamment partie de ses aspirations phares. Autour de ces mesures, il souhaite pouvoir c\u00e9der <strong>le flambeau \u00e0 une nouvelle g\u00e9n\u00e9ration<\/strong> qui continuera \u00e0 porter ces id\u00e9es et \u00e0 s\u2019opposer \u00e0 Donald Trump. La jeune s\u00e9natrice <a target=\"_blank\" href=\"https:\/\/lvsl.fr\/alexandria-ocasio-cortez-lelue-socialiste-qui-dynamite-la-scene-politique-americaine\/\">Alexandria Ocasio-Cortez<\/a>, qui a particip\u00e9 \u00e0 cette tourn\u00e9e, pourrait bien repr\u00e9senter un espoir \u00e0 l\u2019avenir.<\/p>\n<figure id=\"attachment_716204\" aria-describedby=\"caption-attachment-716204\" style=\"width: 1500px\" class=\"wp-caption alignnone\"><img loading=\"lazy\" decoding=\"async\" class=\"wp-image-716204 size-full\" src=\"https:\/\/mrmondialisation.org\/wp-content\/uploads\/2025\/03\/bernie-aoc.jpg\" alt=\"\" width=\"1500\" height=\"785\" srcset=\"https:\/\/mrmondialisation.org\/wp-content\/uploads\/2025\/03\/bernie-aoc.jpg 1500w, https:\/\/mrmondialisation.org\/wp-content\/uploads\/2025\/03\/bernie-aoc-1024x536.jpg 1024w, https:\/\/mrmondialisation.org\/wp-content\/uploads\/2025\/03\/bernie-aoc-768x402.jpg 768w, https:\/\/mrmondialisation.org\/wp-content\/uploads\/2025\/03\/bernie-aoc-696x364.jpg 696w, https:\/\/mrmondialisation.org\/wp-content\/uploads\/2025\/03\/bernie-aoc-1068x559.jpg 1068w, https:\/\/mrmondialisation.org\/wp-content\/uploads\/2025\/03\/bernie-aoc-803x420.jpg 803w\" sizes=\"auto, (max-width: 1500px) 100vw, 1500px\"\/><figcaption id=\"caption-attachment-716204\" class=\"wp-caption-text\">@<a target=\"_blank\" href=\"https:\/\/www.flickr.com\/photos\/182025665@N08\/49426522637\/in\/photolist-2hHbpjt-2hH8TQz-2hHczDv-2hHcw4j-2hH8UtP-2hH8UqC-2hHbsc2-2hH8RHD-2hHczov-2hHcwkB-2iiCFzt-2iiCGtc-2hHbpfL-2hH8TM3-2hHborM-2iizLbR-2iizNz8-2iiDmcE-2iiCGi2-2iizMCD-2iiDkUW-2iiCeQ7-2iiDRbM-2iiDPW7-2oggzCK-2iiDnab-2iiDkH3-2iiCbLr-2oge21T-2iiAhou-2ogbnHw-2ogbnJi-2ogftAT-2ogbnGe-2ogbnKL-2oge2bh-2iizP9V-2oggfeg-2oggfeG-2oge2gY-2oge2fR-2iiCbbt-2oge2hE-2iiCzY8-2iiDvkp-2iiCf3G-2iiCe6g-2iiDjzM-2iizQac-2iiAgsM\">Nicole Tian \/Flickr<\/a><\/figcaption><\/figure>\n<h2><strong>3 \u2014 Des centaines de manifestations<\/strong><\/h2>\n<p>Dans tous les pays, <strong>les manifestations ne cessent de se multiplier,<\/strong> m\u00eame si le choc semblait avoir dans un premier temps anesth\u00e9si\u00e9 les foules. Un grand rassemblement avait d\u2019ailleurs d\u00e9j\u00e0 eu lieu <a target=\"_blank\" href=\"https:\/\/contre-attaque.net\/2025\/01\/19\/usa-grande-manifestation-contre-trump-avant-son-investiture\/\">juste avant l\u2019investiture<\/a> du pr\u00e9sident. <strong>Les cort\u00e8ges en faveur de Gaza n\u2019ont n\u00e9anmoins jamais recul\u00e9, et se <a target=\"_blank\" href=\"https:\/\/www.lemonde.fr\/international\/article\/2025\/03\/10\/a-l-universite-columbia-aux-etats-unis-un-leader-des-manifestations-propalestiniennes-arrete-par-les-autorites-federales_6577702_3210.html\">poursuivent d\u2019autant plus<\/a> aujourd\u2019hui face aux id\u00e9es ahurissantes de <a target=\"_blank\" href=\"https:\/\/www.huffingtonpost.fr\/international\/video\/gaza-le-plan-de-donald-trump-prend-forme-assure-ce-ministre-israelien_247210.html\">d\u00e9portation massive<\/a> de Donald Trump.<\/strong><\/p>\n<p><iframe loading=\"lazy\" title=\"\u00c9tats-Unis : une pluie de manifestations pour d\u00e9noncer les propos de Trump \u2022 FRANCE 24\" width=\"1110\" height=\"624\" src=\"https:\/\/www.youtube.com\/embed\/IV5vgQsjGrU?feature=oembed\" frameborder=\"0\" allow=\"accelerometer; autoplay; clipboard-write; encrypted-media; gyroscope; picture-in-picture; web-share\" referrerpolicy=\"strict-origin-when-cross-origin\" allowfullscreen><\/iframe><\/p>\n<p>Mais les protestations ne se limitent pas \u00e0 ce sujet puisque l\u2019on a pu voir <strong>des gens r\u00e9unis pour la science, pour les droits <a target=\"_blank\" href=\"https:\/\/fr.euronews.com\/2025\/01\/18\/etats-unis-manifestation-a-washington-contre-donald-trump\">des femmes<\/a>, des <a target=\"_blank\" href=\"https:\/\/www.lopinion.fr\/international\/etats-unis-manifestation-a-new-york-pour-les-droits-des-personnes-transgenres\">personnes transgenres<\/a>, ou encore <a target=\"_blank\" href=\"https:\/\/www.france24.com\/fr\/info-en-continu\/20250227-new-york-un-fragile-sanctuaire-pour-les-immigr\u00e9s\">des personnes immigr\u00e9es.<\/a><\/strong>\u00a0Dans les parcs nationaux, durement frapp\u00e9s par les mesures \u00e9conomiques de l\u2019administration am\u00e9ricaine, plusieurs <a target=\"_blank\" href=\"https:\/\/ici.radio-canada.ca\/nouvelle\/2146185\/etats-unis-climat-science-coupes-manifestations\">mouvements de r\u00e9sistance<\/a> se sont aussi construits.<\/p>\n<h2><strong>4 \u2014 La mobilisation des artistes<\/strong><\/h2>\n<p>Pour faire correspondre le pays \u00e0 sa vision du monde, Donald Trump s\u2019en est \u00e9galement pris \u00e0 <strong>la sph\u00e8re de la culture, <a target=\"_blank\" href=\"https:\/\/www.radiofrance.fr\/franceculture\/podcasts\/journal-de-7-h\/journal-de-7h-du-vendredi-14-fevrier-2025-6298940\">en confisquant par exemple le contr\u00f4le<\/a> du centre Kennedy,<\/strong> une c\u00e9l\u00e8bre salle de repr\u00e9sentation de Washington. Il n\u2019a pas h\u00e9sit\u00e9 \u00e0 en <a target=\"_blank\" href=\"https:\/\/www.parismatch.com\/actu\/international\/apres-linterdiction-de-leurs-spectacles-a-washington-les-drags-se-rassemblent-contre-donald-trump-248474#8\">exclure imm\u00e9diatement<\/a> un spectacle de Drag Queens et d\u2019autres divertissements mettant en sc\u00e8ne la communaut\u00e9 LGBT.<\/p>\n<p>Dans le milieu du show-business, de multiples acteurs et actrices, chanteuses et chanteurs <a target=\"_blank\" href=\"https:\/\/www.lefigaro.fr\/musique\/renee-fleming-jean-guihen-queyras-christian-tetzlaff-brad-mehldau-ces-musiciens-classiques-qui-font-croisade-contre-trump-20250307?utm_source=app&amp;utm_medium=share&amp;utm_campaign=android_Figaro\">et musiciens musiciennes<\/a> se sont, en outre, positionn\u00e9s contre le pr\u00e9sident am\u00e9ricain. De nombreuses stars ont ainsi marqu\u00e9 leur opposition au gouvernement, comme <strong>Jane Fonda, <a target=\"_blank\" href=\"https:\/\/www.francetvinfo.fr\/replay-radio\/le-monde-d-elodie\/bruce-springsteen-je-pense-que-nous-sommes-tous-tres-inquiets-a-propos-de-notre-democratie-aux-etats-unis_7098372.html\">Bruce Springsteen<\/a>, <a target=\"_blank\" href=\"https:\/\/www.express.co.uk\/celebrity-news\/2017951\/sean-penn-blunt-message\">Sean Penn<\/a>, <a target=\"_blank\" href=\"https:\/\/www.rollingstone.fr\/la-lettre-ouverte-de-neil-young-a-donald-trump\/\">Neil Young<\/a> ou encore <a target=\"_blank\" href=\"https:\/\/www.euronews.com\/culture\/2025\/03\/07\/lady-gaga-trans-community-must-be-protected-from-donald-trumps-anti-trans-laws\">Lady Gaga<\/a>.<\/strong><\/p>\n<p><iframe loading=\"lazy\" title=\"Jane Fonda r\u00e9pond \u00e0 Donald Trump : \u00ab Etre woke signifie qu&#039;on se soucie des autres \u00bb\" width=\"1110\" height=\"624\" src=\"https:\/\/www.youtube.com\/embed\/s6uj1uwBMkg?feature=oembed\" frameborder=\"0\" allow=\"accelerometer; autoplay; clipboard-write; encrypted-media; gyroscope; picture-in-picture; web-share\" referrerpolicy=\"strict-origin-when-cross-origin\" allowfullscreen><\/iframe><\/p>\n<h2><strong>5 \u2014 D\u00e9sob\u00e9issance civile<\/strong><\/h2>\n<p>Face aux lois iniques de Donald Trump, <strong>certains citoyens et entreprises ont tout bonnement d\u00e9cid\u00e9 <a target=\"_blank\" href=\"https:\/\/www.amnesty.ch\/fr\/sur-amnesty\/publications\/magazine-amnesty\/2017-1\/opinion-nadia-boehlen-etats-unis-trump-resistance\">de d\u00e9sob\u00e9ir<\/a> pour entrer en r\u00e9sistance.<\/strong> Certaines villes ont par exemple rejet\u00e9 l\u2019id\u00e9e de participer aux op\u00e9rations de <a target=\"_blank\" href=\"https:\/\/www.humanite.fr\/monde\/donald-trump\/chasse-aux-migrants-trump-commence-sa-campagne-de-com\">\u00ab chasse \u00bb contre les sans-papiers.<\/a>\u00a0Des associations ont d\u2019ailleurs en ce sens <strong>fait suspendre juridiquement des d\u00e9crets d\u2019expulsion.<\/strong><\/p>\n<p><iframe loading=\"lazy\" title=\"D\u00c9SOB\u00c9ISSANCE CIVILE : UN DROIT HISTORIQUE, UNE N\u00c9CESSIT\u00c9 ACTUELLE\" width=\"1110\" height=\"624\" src=\"https:\/\/www.youtube.com\/embed\/a_oClVgtmO0?feature=oembed\" frameborder=\"0\" allow=\"accelerometer; autoplay; clipboard-write; encrypted-media; gyroscope; picture-in-picture; web-share\" referrerpolicy=\"strict-origin-when-cross-origin\" allowfullscreen><\/iframe><\/p>\n<p>Certaines compagnies, <a target=\"_blank\" href=\"https:\/\/www.bfmtv.com\/tech\/apple\/c-est-un-canular-donald-trump-critique-apple-apres-son-refus-de-supprimer-sa-politique-d-inclusivite_AV-202502260530.html\">comme Apple<\/a>, ont, quant \u00e0 elles, <strong>refus\u00e9 d\u2019appliquer les directives de suppressions des politiques d\u2019inclusivit\u00e9.<\/strong> Un <a target=\"_blank\" href=\"https:\/\/www.france24.com\/fr\/am\u00e9riques\/20250203-r\u00e9sister-donald-trump-avec-un-manuel-de-sabotage-des-ann\u00e9es-1940-un-\u00e9tonnant-retour\">manuel de sabotage<\/a> des ann\u00e9es 40 a, en outre, refait surface dans le pays de l\u2019oncle Sam, marquant l\u2019int\u00e9r\u00eat d\u2019un nombre croissant d\u2019Am\u00e9ricains pour <strong>une certaine forme de r\u00e9sistance,<\/strong> comme l\u2019incomp\u00e9tence volontaire.<\/p>\n<p>Pour contrer les attaques d\u2019extr\u00eame droite, de multiples citoyens ont par ailleurs mis en place <strong>une <a target=\"_blank\" href=\"https:\/\/dubasque.org\/la-resistance-des-travailleurs-sociaux-americains-face-aux-attaques-de-donald-trump\/\">assistance juridique<\/a> pour les plus d\u00e9favoris\u00e9s<\/strong> qui sont les plus touch\u00e9s par la situation.<\/p>\n<h2><strong>6 \u2014 Boycott contre les soutiens du gouvernement<\/strong><\/h2>\n<p>Certains citoyens ont \u00e9galement d\u00e9cid\u00e9 de<strong> boycotter les produits des soci\u00e9t\u00e9s qui auraient c\u00e9d\u00e9 aux injonctions du gouvernement ou qui le soutiendraient.<\/strong> La NAACP, association de d\u00e9fense des droits des noirs am\u00e9ricains, a par exemple demand\u00e9 \u00e0 ses sympathisants d\u2019orienter leurs achats vers des entreprises n\u2019ayant pas abandonn\u00e9 les programmes de diversit\u00e9, <a target=\"_blank\" href=\"https:\/\/mrmondialisation.org\/9-atrocites-trump-mandat\/\">comme r\u00e9clam\u00e9<\/a> par Donald Trump.<\/p>\n<p>Et ces appels, repris par d\u2019autres organisations et m\u00eame des pasteurs, n\u2019ont pas \u00e9t\u00e9 sans effet puisque <a target=\"_blank\" href=\"https:\/\/www.theguardian.com\/us-news\/2025\/feb\/18\/shoppers-political-boycotts-spending-patterns-poll\">selon le Guardian<\/a>, <strong>un quart des Am\u00e9ricains auraient d\u00e9laiss\u00e9 leurs magasins pr\u00e9f\u00e9r\u00e9s pour des raisons politiques.<\/strong><\/p>\n<p>Mais la compagnie la plus vis\u00e9e par les boycotts est <strong><a target=\"_blank\" href=\"https:\/\/bonpote.com\/je-regrette-davoir-achete-une-tesla-pourquoi-le-cours-de-bourse-seffondre\/\">sans aucun doute Tesla,<\/a><\/strong>\u00a0la marque de voitures \u00e9lectriques appartenant au <a target=\"_blank\" href=\"https:\/\/mrmondialisation.org\/musk-visage-folie-siecle\/\">milliardaire d\u2019extr\u00eame droite Elon Musk<\/a>, soutien et membre du gouvernement Trump. Des boycotts qui traversent d\u2019ailleurs les fronti\u00e8res : <strong>l\u2019id\u00e9e de <a target=\"_blank\" href=\"https:\/\/reporterre.net\/Boycotter-le-made-in-USA-l-idee-de-cet-agriculteur-bio-seduit\">se passer des produits am\u00e9ricains<\/a> commence \u00e0 faire son chemin en France.<\/strong><\/p>\n<p><iframe loading=\"lazy\" title=\"ELON MUSK : ET SI C\u2019\u00c9TAIT D\u00c9J\u00c0 LE D\u00c9BUT DE LA FIN ?\" width=\"1110\" height=\"624\" src=\"https:\/\/www.youtube.com\/embed\/hR9oOPID1u0?feature=oembed\" frameborder=\"0\" allow=\"accelerometer; autoplay; clipboard-write; encrypted-media; gyroscope; picture-in-picture; web-share\" referrerpolicy=\"strict-origin-when-cross-origin\" allowfullscreen><\/iframe><\/p>\n<p>M\u00eame si la discr\u00e9tion, voire la soumission de certains Am\u00e9ricains \u00e0 Donald Trump, a pu \u00e9tonner et d\u00e9cevoir les observateurs internationaux, il faut donc noter que <strong>bon nombre d\u2019entre eux n\u2019ont pas c\u00e9d\u00e9 et cherchent \u00e0 organiser la r\u00e9sistance.<\/strong> Et il y en aura bien besoin.<\/p>\n<p style=\"text-align: right;\"><em>\u2013 Simon Verdi\u00e8re<\/em><\/p>\n<hr\/>\n<p>Image article : Lincoln Memorial, 3\/7\/25 @Victoria Pickerin\/Flickr<\/p>\n<p>\u00a0<\/p>\n<div class=\"td-a-rec td-a-rec-id-content_bottom  tdi_2 td_block_template_1\">\n<span class=\"td-adspot-title\">&#8211; Cet article gratuit et ind\u00e9pendant existe gr\u00e2ce \u00e0 vous &#8211;<\/span><\/p>\n<div class=\"td-all-devices\">\n    <a target=\"_blank\" href=\"https:\/\/mrmondialisation.org\/donation\/\" title=\"Faire_un_don\"><img decoding=\"async\" class=\"donationArticle\" src=\"https:\/\/mrmondialisation.org\/wp-content\/uploads\/2022\/12\/220405-flikalicious-final.jpg\" alt=\"Donation\"\/><\/a>\n<\/div>\n<\/div><\/div>\n<p><br \/>\n<br \/><a href=\"https:\/\/mrmondialisation.org\/5-preuves-resistance-trump\/\" target=\"_blank\"\">Source link <\/a><\/p>\n","protected":false},"excerpt":{"rendered":"<p>Depuis le retour au pouvoir de Donald Trump, de multiples d\u00e9cisions et prises de position ont suscit\u00e9 de graves pol\u00e9miques. Racisme, sexisme, imp\u00e9rialisme, obscurantisme, l\u2019avenir du pays sombre dans une&hellip; <\/p>\n","protected":false},"author":1,"featured_media":4904,"comment_status":"open","ping_status":"open","sticky":false,"template":"","format":"standard","meta":{"footnotes":""},"categories":[1],"tags":[],"class_list":["post-4903","post","type-post","status-publish","format-standard","has-post-thumbnail","hentry","category-non-classe"],"_links":{"self":[{"href":"https:\/\/monde25.info\/index.php\/wp-json\/wp\/v2\/posts\/4903","targetHints":{"allow":["GET"]}}],"collection":[{"href":"https:\/\/monde25.info\/index.php\/wp-json\/wp\/v2\/posts"}],"about":[{"href":"https:\/\/monde25.info\/index.php\/wp-json\/wp\/v2\/types\/post"}],"author":[{"embeddable":true,"href":"https:\/\/monde25.info\/index.php\/wp-json\/wp\/v2\/users\/1"}],"replies":[{"embeddable":true,"href":"https:\/\/monde25.info\/index.php\/wp-json\/wp\/v2\/comments?post=4903"}],"version-history":[{"count":0,"href":"https:\/\/monde25.info\/index.php\/wp-json\/wp\/v2\/posts\/4903\/revisions"}],"wp:featuredmedia":[{"embeddable":true,"href":"https:\/\/monde25.info\/index.php\/wp-json\/wp\/v2\/media\/4904"}],"wp:attachment":[{"href":"https:\/\/monde25.info\/index.php\/wp-json\/wp\/v2\/media?parent=4903"}],"wp:term":[{"taxonomy":"category","embeddable":true,"href":"https:\/\/monde25.info\/index.php\/wp-json\/wp\/v2\/categories?post=4903"},{"taxonomy":"post_tag","embeddable":true,"href":"https:\/\/monde25.info\/index.php\/wp-json\/wp\/v2\/tags?post=4903"}],"curies":[{"name":"wp","href":"https:\/\/api.w.org\/{rel}","templated":true}]}}