{"id":4917,"date":"2025-03-21T19:24:49","date_gmt":"2025-03-21T18:24:49","guid":{"rendered":"https:\/\/monde25.info\/index.php\/2025\/03\/21\/leurope-devra-agir-comme-un-seul-etat\/"},"modified":"2025-03-21T19:24:49","modified_gmt":"2025-03-21T18:24:49","slug":"leurope-devra-agir-comme-un-seul-etat","status":"publish","type":"post","link":"https:\/\/monde25.info\/index.php\/2025\/03\/21\/leurope-devra-agir-comme-un-seul-etat\/","title":{"rendered":"\u201c L&rsquo;Europe devra agir comme un seul \u00c9tat \u201d"},"content":{"rendered":"<p> <br \/>\n<\/p>\n<div id=\"\">\n<p>Mario Draghi\u00a0:<\/p>\n<p>\u00ab\u00a0Le Rapport, dans sa troisi\u00e8me partie, aborde les principales vuln\u00e9rabilit\u00e9s auxquelles l\u2019Union europ\u00e9enne est expos\u00e9e et, parmi elles, la d\u00e9fense.<\/p>\n<p>Il est n\u00e9cessaire de d\u00e9finir une cha\u00eene de commandement d\u2019\u00e9chelle sup\u00e9rieure qui puisse coordonner des arm\u00e9es h\u00e9t\u00e9rog\u00e8nes par leur langue, leurs m\u00e9thodes, leurs armements et qui puisse s\u2019affranchir des priorit\u00e9s nationales en op\u00e9rant comme un v\u00e9ritable syst\u00e8me de d\u00e9fense continental.<\/p>\n<p>D\u2019un point de vue industriel et organisationnel, cela signifie favoriser les synergies industrielles europ\u00e9ennes en concentrant les d\u00e9veloppements sur des plateformes militaires communes (avions, navires, v\u00e9hicules terrestres, satellites), afin de permettre l\u2019interop\u00e9rabilit\u00e9 et de r\u00e9duire la dispersion ainsi que les actuelles duplications dans les productions des \u00c9tats membres.<\/p>\n<p>Ces derni\u00e8res semaines, la Commission europ\u00e9enne a lanc\u00e9 un important plan d\u2019investissements dans la d\u00e9fense de l\u2019Europe.<\/p>\n<p>Alors m\u00eame que l\u2019on pr\u00e9voit de nouvelles ressources, il serait n\u00e9cessaire que l\u2019actuel march\u00e9 public europ\u00e9en de la d\u00e9fense\u00a0\u2013\u00a0environ 110 milliards d\u2019euros en 2023\u00a0\u2013\u00a0soit concentr\u00e9 sur quelques plateformes de pointe, plut\u00f4t que sur une multitude de plateformes nationales, aucune r\u00e9ellement comp\u00e9titive car essentiellement con\u00e7ues pour leurs march\u00e9s domestiques.<\/p>\n<p>L\u2019effet de cette fragmentation est d\u00e9vastateur\u00a0: malgr\u00e9 des investissements globalement \u00e9lev\u00e9s, les pays europ\u00e9ens ach\u00e8tent finalement une grande partie de leurs plateformes militaires aux \u00c9tats-Unis.<br class=\"autobr\"\/><br \/>\nEntre 2020 et 2024, les \u00c9tats-Unis ont assur\u00e9 65\u00a0% des importations de syst\u00e8mes de d\u00e9fense des \u00c9tats europ\u00e9ens membres de l\u2019OTAN.<\/p>\n<p>Dans la m\u00eame p\u00e9riode, l\u2019Italie a import\u00e9 environ 30\u00a0% de ses \u00e9quipements de d\u00e9fense des \u00c9tatsUnis.<\/p>\n<p>Si l\u2019Europe d\u00e9cidait de cr\u00e9er sa propre d\u00e9fense et d\u2019augmenter ses investissements en d\u00e9passant l\u2019actuelle fragmentation, plut\u00f4t que de recourir massivement aux importations, elle en retirerait sans aucun doute un plus grand b\u00e9n\u00e9fice industriel, ainsi qu\u2019un rapport plus \u00e9quilibr\u00e9 avec l\u2019alli\u00e9 atlantique, y compris sur le plan \u00e9conomique.<\/p>\n<p>Cette grande transformation est en r\u00e9alit\u00e9 indispensable, non seulement en raison des complexit\u00e9s g\u00e9opolitiques actuelles, mais aussi \u00e0 cause de l\u2019\u00e9volution technologique extr\u00eamement rapide, qui a compl\u00e8tement boulevers\u00e9 le concept m\u00eame de d\u00e9fense et de guerre.<\/p>\n<p>Prenons l\u2019exemple des drones\u00a0: selon une estimation des forces arm\u00e9es ukrainiennes, depuis le d\u00e9but du conflit, environ 65\u00a0% des cibles touch\u00e9es l\u2019ont \u00e9t\u00e9 par des a\u00e9ronefs sans pilote. Mais ce ne sont pas uniquement les drones\u00a0:\u00a0l\u2019intelligence artificielle, les donn\u00e9es, la guerre \u00e9lectronique, l\u2019espace et les satellites, ainsi que la cyber-guerre silencieuse, ont d\u00e9sormais un r\u00f4le fondamental sur et en dehors des champs de bataille.<\/p>\n<p>La d\u00e9fense aujourd\u2019hui ne se r\u00e9sume plus \u00e0 l\u2019armement, c\u2019est aussi de la technologie num\u00e9rique.<br class=\"autobr\"\/><br \/>\nC\u2019est le concept m\u00eame de d\u00e9fense qui \u00e9volue vers une notion plus large de s\u00e9curit\u00e9 globale. La convergence entre les technologies militaires et les technologies num\u00e9riques conduit \u00e0 la synergie des diff\u00e9rents syst\u00e8mes de d\u00e9fense a\u00e9rienne, maritime, terrestre et spatiale.<\/p>\n<p>Il est donc n\u00e9cessaire de se doter d\u2019une strat\u00e9gie continentale unifi\u00e9e pour le cloud, le supercalcul, l\u2019intelligence artificielle et la cybers\u00e9curit\u00e9.<\/p>\n<p>Cette \u00e9volution ne peut se faire qu\u2019\u00e0 l\u2019\u00e9chelle europ\u00e9enne. La d\u00e9fense commune de l\u2019Europe devient ainsi un passage oblig\u00e9 pour exploiter au mieux les technologies qui devront garantir notre s\u00e9curit\u00e9.<\/p>\n<p>M\u00eame notre fa\u00e7on de mesurer l\u2019investissement dans la d\u00e9fense, aujourd\u2019hui bas\u00e9e uniquement sur les d\u00e9penses militaires, devra \u00eatre revue pour inclure les investissements dans le num\u00e9rique, l\u2019espace et la cybers\u00e9curit\u00e9, d\u00e9sormais essentiels \u00e0 la d\u00e9fense de demain.<\/p>\n<p>Pour tout cela, il est n\u00e9cessaire d\u2019engager un processus qui nous am\u00e8nera \u00e0 d\u00e9passer les mod\u00e8les nationaux et \u00e0 penser \u00e0 l\u2019\u00e9chelle continentale. Tout cela concerne non seulement notre s\u00e9curit\u00e9, mais aussi la place de l\u2019Europe parmi les grandes puissances.<\/p>\n<p>Les d\u00e9cisions auxquelles le Rapport appelle l\u2019Europe sont aujourd\u2019hui encore plus urgentes, alors que la n\u00e9cessit\u00e9 de se d\u00e9fendre et de le faire vite est <i>au c\u0153ur des pr\u00e9occupations de la majorit\u00e9 des citoyens<\/i> Europ\u00e9ens. Une Europe qui cro\u00eet pourra financer plus ais\u00e9ment des besoins d\u00e9sormais sup\u00e9rieurs aux pr\u00e9visions du Rapport.<\/p>\n<p>Une Europe qui r\u00e9forme son march\u00e9 des services et des capitaux verra le secteur priv\u00e9 participer \u00e0 ce financement. Mais l\u2019intervention de l\u2019\u00c9tat restera n\u00e9cessaire.<\/p>\n<p>Les marges budg\u00e9taires \u00e9troites ne permettront pas \u00e0 certains pays d\u2019augmenter significativement leur d\u00e9ficit, et il est tout aussi<i> inimaginable de r\u00e9duire les d\u00e9penses sociales et de sant\u00e9\u00a0:\u00a0ce serait non seulement une erreur politique, mais surtout un reniement de la solidarit\u00e9 qui fait partie de l\u2019identit\u00e9 europ\u00e9enne<\/i>, cette m\u00eame identit\u00e9 que nous voulons d\u00e9fendre face \u00e0 la menace des autocraties.<\/p>\n<p>Le recours \u00e0 la dette commune est la seule voie possible. Pour mettre en \u0153uvre de nombreuses propositions contenues dans le Rapport, <i>l\u2019Europe devra agir comme un seul \u00c9tat<\/i>.<\/p>\n<p>Cela pourra signifier soit une plus grande centralisation des d\u00e9cisions et des capacit\u00e9s de d\u00e9pense, soit une coordination plus rapide et plus efficace entre les pays qui, partageant des orientations communes, r\u00e9ussiront \u00e0 atteindre les compromis n\u00e9cessaires pour avancer ensemble.<\/p>\n<p>\u00c0 chaque \u00e9tape de ce processus, les Parlements nationaux et le Parlement europ\u00e9en joueront un r\u00f4le essentiel. Les choix qui nous attendent sont d\u2019une importance historique, peut-\u00eatre comme jamais depuis la fondation de l\u2019Union europ\u00e9enne.<\/p>\n<p>La politique\u00a0\u2013\u00a0et en particulier la politique int\u00e9rieure de chaque \u00c9tat membre\u00a0\u2013\u00a0en sera au c\u0153ur. Vous, d\u00e9put\u00e9s, en serez les acteurs, en r\u00e9pondant, par vos d\u00e9cisions, aux aspirations mais aussi aux inqui\u00e9tudes des citoyens.<\/p>\n<p>C\u2019est ainsi que nous construirons une Europe forte et coh\u00e9sive, car chacun de ses \u00c9tats n\u2019est fort que s\u2019il est uni aux autres et s\u2019il est coh\u00e9rent en son sein.<\/p>\n<p>Je vous remercie.\u00a0\u00bb<\/p>\n<p>Ainsi la menace russe, devenue terriblement pr\u00e9gnante (et non provoqu\u00e9e), au point o\u00f9 m\u00eame l\u2019assassin islamiste de Samuel Paty est soudainement devenu &#8211;\u00a0si je puis dire &#8211;\u00a0<a target=\"_blank\" href=\"https:\/\/www.youtube.com\/watch?v=0_K2eS79LVI\" class=\"spip_out\" rel=\"external\">\u00ab\u00a0un tch\u00e9tch\u00e8ne russe aux ordres du Kremlin\u00a0\u00bb dans toutes les bouches ressassant les \u00e9l\u00e9ments de langage de la propagande officielle<\/a>,  permet utilement de soutenir \u00e0 la fois les int\u00e9r\u00eats des m\u00eames industriels (de la finance) qui ont tout fait pour aboutir \u00e0 la guerre en Ukraine (et poussent pour son escalade), et l\u2019agenda f\u00e9d\u00e9raliste qui vise la destruction des \u00c9tats-nations, qui est me semble-t-il le seul cadre o\u00f9 puisse s\u2019exercer (un ersatz de) la d\u00e9mocratie.<\/p>\n<p>En outre, l\u2019UE qui s\u2019assume comme l\u2019antagoniste des autocraties, s\u2019assure d\u00e9sormais &#8211;\u00a0pour notre bien &#8211;\u00a0de mieux censurer les discours d\u00e9rangeants et d\u2019intimider ou de supprimer les plateformes qui les diffuseraient. On attend d\u00e9sormais avec impatience que l\u2019Euro num\u00e9rique d\u00fbment s\u00e9curis\u00e9 puisse favoriser encore mieux tous les pr\u00e9l\u00e8vements \u00e0 la source, et la marche au pas de l\u2019ensemble des acteurs de l\u2019\u00e9conomie.<\/p>\n<p>Pour ce qui est des capacit\u00e9s de notre industrie, Mario Draghi parle bien du co\u00fbt faramineux de l\u2019\u00e9nergie, mais\u00a0\u2013\u00a0\u00e0 l\u2019instar de bon nombre de nos repr\u00e9sentants &#8211;\u00a0il n\u2019\u00e9voque \u00e9trangement pas les cons\u00e9quences concr\u00e8tes de la mise \u00e0 mort de Nord Stream par un myst\u00e9rieux alli\u00e9.<\/p>\n<p>La revente du p\u00e9trole russe raffin\u00e9, via l\u2019Inde et autres circuits pirates qui permettent, en transvasant les pr\u00e9cieux fluides d\u2019un navire \u00e0 l\u2019autre dans les eaux internationales, de continuer \u00e0 acheminer jusqu\u2019en Europe une bonne quantit\u00e9 d\u2019\u00e9nergies fossiles venues de Russie sous sanction, mais en masquant leur origine, ne permet-elle finalement pas un b\u00e9n\u00e9fice tr\u00e8s substantiel \u00e0 ceux qui l\u2019organisent\u00a0?<\/p>\n<p>Qui, par exemple, se soucierait de 1300 emplois chez Michelin, franchement\u00a0? Michelin, contrairement aux boulangers,  peut rester comp\u00e9titif en vulcanisant ailleurs. L\u2019Europe, qu\u2019on n\u2019en doute pas, s\u2019assurera d\u2019offrir autrement \u00e0 ces quelques malheureux salari\u00e9s un cadre id\u00e9al \u00e0 leur \u00e9panouissement. Et puis le pain des boulangeries artisanales, c\u2019est surcot\u00e9.<\/p>\n<p>Une question qui me taraude ici (parmi d\u2019autres) c\u2019est\u00a0: est-ce que c\u2019est le totalitarisme qui conduit \u00e0 la guerre, ou est-ce que c\u2019est la guerre qui justifie le totalitarisme\u00a0?<\/p>\n<p>Et vous\u00a0: Qu\u2019est-ce qui est au c\u0153ur de vos pr\u00e9occupations\u00a0?<\/p>\n<p><a target=\"_blank\" href=\"https:\/\/legrandcontinent.eu\/fr\/2025\/03\/18\/mario-draghi-construire-a-lechelle-superieure-le-discours-de-rome-en-integralite\/\" class=\"spip_out\" rel=\"external\">Discours int\u00e9gral<\/a><br class=\"autobr\"\/><br \/>\n<a target=\"_blank\" href=\"https:\/\/commission.europa.eu\/topics\/eu-competitiveness\/draghi-report_en\" class=\"spip_out\" rel=\"external\">Le Rapport Draghi<\/a> (en anglais uniquement)<\/p>\n<\/div>\n<p><script async defer>(function(d, s, id) {\nvar js, fjs = d.getElementsByTagName(s)[0];\nif (d.getElementById(id)) return;\njs = d.createElement(s); js.id = id;\njs.src=\"https:\/\/connect.facebook.net\/fr_FR\/sdk.js#xfbml=1&version=v3.0\";\nfjs.parentNode.insertBefore(js, fjs);\n}(document, 'script', 'facebook-jssdk'));<\/script><br \/>\n<br \/><br \/>\n<br \/><a href=\"https:\/\/www.legrandsoir.info\/mario-draghi-l-europe-devra-agir-comme-un-seul-etat.html\" target=\"_blank\"\">Source link <\/a><\/p>\n","protected":false},"excerpt":{"rendered":"<p>Mario Draghi\u00a0: \u00ab\u00a0Le Rapport, dans sa troisi\u00e8me partie, aborde les principales vuln\u00e9rabilit\u00e9s auxquelles l\u2019Union europ\u00e9enne est expos\u00e9e et, parmi elles, la d\u00e9fense. Il est n\u00e9cessaire de d\u00e9finir une cha\u00eene de&hellip; <\/p>\n","protected":false},"author":1,"featured_media":4918,"comment_status":"open","ping_status":"open","sticky":false,"template":"","format":"standard","meta":{"footnotes":""},"categories":[1],"tags":[],"class_list":["post-4917","post","type-post","status-publish","format-standard","has-post-thumbnail","hentry","category-non-classe"],"_links":{"self":[{"href":"https:\/\/monde25.info\/index.php\/wp-json\/wp\/v2\/posts\/4917","targetHints":{"allow":["GET"]}}],"collection":[{"href":"https:\/\/monde25.info\/index.php\/wp-json\/wp\/v2\/posts"}],"about":[{"href":"https:\/\/monde25.info\/index.php\/wp-json\/wp\/v2\/types\/post"}],"author":[{"embeddable":true,"href":"https:\/\/monde25.info\/index.php\/wp-json\/wp\/v2\/users\/1"}],"replies":[{"embeddable":true,"href":"https:\/\/monde25.info\/index.php\/wp-json\/wp\/v2\/comments?post=4917"}],"version-history":[{"count":0,"href":"https:\/\/monde25.info\/index.php\/wp-json\/wp\/v2\/posts\/4917\/revisions"}],"wp:featuredmedia":[{"embeddable":true,"href":"https:\/\/monde25.info\/index.php\/wp-json\/wp\/v2\/media\/4918"}],"wp:attachment":[{"href":"https:\/\/monde25.info\/index.php\/wp-json\/wp\/v2\/media?parent=4917"}],"wp:term":[{"taxonomy":"category","embeddable":true,"href":"https:\/\/monde25.info\/index.php\/wp-json\/wp\/v2\/categories?post=4917"},{"taxonomy":"post_tag","embeddable":true,"href":"https:\/\/monde25.info\/index.php\/wp-json\/wp\/v2\/tags?post=4917"}],"curies":[{"name":"wp","href":"https:\/\/api.w.org\/{rel}","templated":true}]}}