{"id":492,"date":"2024-11-19T23:38:45","date_gmt":"2024-11-19T22:38:45","guid":{"rendered":"https:\/\/monde25.info\/index.php\/2024\/11\/19\/la-maire-damsterdam-femke-halsema-a-exprime-ses-regrets-davoir-utilise-le-terme-pogrom-lors-dune-conference-de-presse-largement-relayee-a-linternati\/"},"modified":"2024-11-19T23:38:45","modified_gmt":"2024-11-19T22:38:45","slug":"la-maire-damsterdam-femke-halsema-a-exprime-ses-regrets-davoir-utilise-le-terme-pogrom-lors-dune-conference-de-presse-largement-relayee-a-linternati","status":"publish","type":"post","link":"https:\/\/monde25.info\/index.php\/2024\/11\/19\/la-maire-damsterdam-femke-halsema-a-exprime-ses-regrets-davoir-utilise-le-terme-pogrom-lors-dune-conference-de-presse-largement-relayee-a-linternati\/","title":{"rendered":"La maire d\u2019Amsterdam, Femke Halsema, a exprim\u00e9 ses regrets d\u2019avoir utilis\u00e9 le terme \u00ab pogrom \u00bb lors d\u2019une conf\u00e9rence de presse largement relay\u00e9e \u00e0 l\u2019international \u00bb"},"content":{"rendered":"<p> <br \/>\n<\/p>\n<div>\n<p><span class=\"dropcap \" style=\"background-color: #ffffff; color: #000000; border-color: #ffffff;\"><strong>T<\/strong><\/span>r\u00e8s int\u00e9ressante r\u00e9action de la maire d\u2019Amsterdam concernant l\u2019hyst\u00e9rie autour du faux \u00ab\u00a0pogrom\u00a0\u00bb annonc\u00e9 par la propagande sioniste. Probl\u00e8me : il n\u2019y aura jamais de correction de ce mensonge dans les m\u00e9dias officiels, trop tard. Le mensonge sera martel\u00e9 encore et encore, \u00e0 l\u2019infini, car c\u2019est ainsi qu\u2019ils fonctionnent. Vous pouvez pr\u00e9senter 1 million de preuves, de vid\u00e9os, de t\u00e9moignages\u2026 rien n\u2019y fera.<\/p>\n<\/div>\n<div id=\"\">\n<p dir=\"ltr\" lang=\"fr\">Revirement total: : La maire d\u2019Amsterdam, Femke Halsema, a exprim\u00e9 ses regrets d\u2019avoir utilis\u00e9 le terme \u00ab pogrom \u00bb lors d\u2019une conf\u00e9rence de presse largement relay\u00e9e \u00e0 l\u2019international, au lendemain des affrontements survenus dans la ville. Elle a pr\u00e9cis\u00e9 : \u00ab Nous avons \u00e9t\u00e9\u2026 <a target=\"_blank\" href=\"https:\/\/t.co\/bgRUN0BUGD\">pic.twitter.com\/bgRUN0BUGD<\/a><\/p>\n<p>\u2014 Oumma.com (@oumma) <a target=\"_blank\" href=\"https:\/\/twitter.com\/oumma\/status\/1858532704888701029?ref_src=twsrc%5Etfw\">November 18, 2024<\/a><\/p>\n<\/div>\n<p><script async src=\"\/\/platform.twitter.com\/widgets.js\" charset=\"utf-8\"><\/script><br \/>\n<br \/><br \/>\n<br \/><a href=\"https:\/\/www.lelibrepenseur.org\/la-maire-damsterdam-femke-halsema-a-exprime-ses-regrets-davoir-utilise-le-terme-pogrom-lors-dune-conference-de-presse-largement-relayee-a-linternati\/\" target=\"_blank\"\">Source link <\/a><\/p>\n","protected":false},"excerpt":{"rendered":"<p>Tr\u00e8s int\u00e9ressante r\u00e9action de la maire d\u2019Amsterdam concernant l\u2019hyst\u00e9rie autour du faux \u00ab\u00a0pogrom\u00a0\u00bb annonc\u00e9 par la propagande sioniste. Probl\u00e8me : il n\u2019y aura jamais de correction de ce mensonge dans&hellip; <\/p>\n","protected":false},"author":1,"featured_media":493,"comment_status":"open","ping_status":"open","sticky":false,"template":"","format":"standard","meta":{"footnotes":""},"categories":[1],"tags":[],"class_list":["post-492","post","type-post","status-publish","format-standard","has-post-thumbnail","hentry","category-non-classe"],"_links":{"self":[{"href":"https:\/\/monde25.info\/index.php\/wp-json\/wp\/v2\/posts\/492","targetHints":{"allow":["GET"]}}],"collection":[{"href":"https:\/\/monde25.info\/index.php\/wp-json\/wp\/v2\/posts"}],"about":[{"href":"https:\/\/monde25.info\/index.php\/wp-json\/wp\/v2\/types\/post"}],"author":[{"embeddable":true,"href":"https:\/\/monde25.info\/index.php\/wp-json\/wp\/v2\/users\/1"}],"replies":[{"embeddable":true,"href":"https:\/\/monde25.info\/index.php\/wp-json\/wp\/v2\/comments?post=492"}],"version-history":[{"count":0,"href":"https:\/\/monde25.info\/index.php\/wp-json\/wp\/v2\/posts\/492\/revisions"}],"wp:featuredmedia":[{"embeddable":true,"href":"https:\/\/monde25.info\/index.php\/wp-json\/wp\/v2\/media\/493"}],"wp:attachment":[{"href":"https:\/\/monde25.info\/index.php\/wp-json\/wp\/v2\/media?parent=492"}],"wp:term":[{"taxonomy":"category","embeddable":true,"href":"https:\/\/monde25.info\/index.php\/wp-json\/wp\/v2\/categories?post=492"},{"taxonomy":"post_tag","embeddable":true,"href":"https:\/\/monde25.info\/index.php\/wp-json\/wp\/v2\/tags?post=492"}],"curies":[{"name":"wp","href":"https:\/\/api.w.org\/{rel}","templated":true}]}}