{"id":4925,"date":"2025-03-21T21:36:36","date_gmt":"2025-03-21T20:36:36","guid":{"rendered":"https:\/\/monde25.info\/index.php\/2025\/03\/21\/communique-du-gouvernement-de-facto-syrien\/"},"modified":"2025-03-21T21:36:36","modified_gmt":"2025-03-21T20:36:36","slug":"communique-du-gouvernement-de-facto-syrien","status":"publish","type":"post","link":"https:\/\/monde25.info\/index.php\/2025\/03\/21\/communique-du-gouvernement-de-facto-syrien\/","title":{"rendered":"Communiqu\u00e9 du gouvernement de facto syrien"},"content":{"rendered":"<p> <br \/>\n<\/p>\n<div>\n<blockquote class=\"spip\">\n<p>Ce document, concernant les faits survenus r\u00e9cemment dans la r\u00e9gion c\u00f4ti\u00e8re de la Syrie, a \u00e9t\u00e9 distribu\u00e9 aux missions diplomatiques et aux bureaux des organisations internationales, le 11 mars, par le Minist\u00e8re syrien des Affaires \u00e9trang\u00e8res et des Expatri\u00e9s.<\/p>\n<\/blockquote>\n<div class=\"spip_document_248266 spip_document spip_documents spip_document_image spip_documents_center spip_document_center spip_document_avec_legende\" data-legende-len=\"101\" data-legende-lenx=\"xx\">\n<figure class=\"spip_doc_inner\">\n<img loading=\"lazy\" decoding=\"async\" src=\"https:\/\/www.voltairenet.org\/local\/cache-vignettes\/L760xH570\/400_-_1_2_-95-1fac0.jpg?1742566297\" width=\"760\" height=\"570\" alt=\"\"\/><figcaption class=\"spip_doc_legende\">\n<p><strong>Al-Joulani, num\u00e9ro 2 de Daesh, le m\u00eame sous le nom d\u2019Al-Chareh, pr\u00e9sident autoproclam\u00e9 de la Syrie.<br \/>\n<\/strong><\/p>\n<\/figcaption><\/figure>\n<\/div>\n<p>\tDans la soir\u00e9e du jeudi 6 mars 2025, un groupe arm\u00e9 compos\u00e9 des d\u00e9bris de l\u2019ancien r\u00e9gime et soutenu par des acteurs ext\u00e9rieurs a men\u00e9 une violente attaque contre la s\u00e9curit\u00e9 publique syrienne dans la r\u00e9gion c\u00f4ti\u00e8re qui a entra\u00een\u00e9 le massacre de 15 soldats gouvernementaux. Les insurg\u00e9s ont pour un temps pris le contr\u00f4le des administrations municipales et ont assi\u00e9g\u00e9 six h\u00f4pitaux, mettant en danger la vie des civils et restreint l\u2019acc\u00e8s aux soins m\u00e9dicaux de base. Des agents de s\u00e9curit\u00e9 et des membres des forces gouvernementales ont \u00e9t\u00e9 tu\u00e9s.<\/p>\n<p>\tEn r\u00e9ponse, les minist\u00e8res syriens de la d\u00e9fense et de l\u2019int\u00e9rieur ont mobilis\u00e9 des forces pour contrer les attaques et r\u00e9tablir l\u2019ordre. Toutefois, en route pour Lattaqui\u00e9, les forces gouvernementales ont d\u00fb faire face \u00e0 de multiples embuscades tendues par les milices du d\u00e9funt r\u00e9gime. Les civils qui avaient pris le m\u00eame chemin ont \u00e9galement \u00e9t\u00e9 pris pour cible. D\u2019apr\u00e8s les informations communiqu\u00e9es, des personnes qui se trouvaient dans leur voiture auraient \u00e9t\u00e9 tu\u00e9es simplement parce que le v\u00e9hicule \u00e9tait immatricul\u00e9 \u00e0 Edleb.<\/p>\n<p>\tLe peuple syrien a, dans son \u00e9crasante majorit\u00e9, d\u00e9nonc\u00e9 ces tentatives de d\u00e9stabilisation. Les manifestations qui ont eu lieu dans plusieurs villes jeudi et vendredi ont montr\u00e9 que la population soutenait le Gouvernement et les efforts que celui-ci d\u00e9ployait pour maintenir la stabilit\u00e9. De plus, un grand nombre de volontaires ont cherch\u00e9 \u00e0 rejoindre les forces de d\u00e9fense, une r\u00e9action sans pr\u00e9c\u00e9dent dans la r\u00e9gion. Le Gouvernement en est conscient et a donc demand\u00e9 aux citoyens de ne pas prendre les armes et affirm\u00e9 qu\u2019il \u00e9tait en mesure de contenir l\u2019insurrection.<\/p>\n<p>\tAlors que les forces gouvernementales s\u2019employaient \u00e0 repousser les hommes arm\u00e9s et \u00e0 lib\u00e9rer les h\u00f4pitaux assi\u00e9g\u00e9s, certains groupes de volontaires ont commis des actes de repr\u00e9sailles, notamment des ex\u00e9cutions sommaires et des pillages. Dans l\u2019allocution nationale qu\u2019il a prononc\u00e9e le 7 mars 2025, le Pr\u00e9sident de la R\u00e9publique, Ahmed al-Charaa, a fermement condamn\u00e9 ces actes et affirm\u00e9 l\u2019attachement du Gouvernement \u00e0 la justice et au principe de responsabilit\u00e9. Le lendemain, les op\u00e9rations militaires ont \u00e9t\u00e9 temporairement suspendues dans les grandes villes afin que les auteurs de ces crimes soient arr\u00eat\u00e9s et que les biens pill\u00e9s soient restitu\u00e9s \u00e0 leurs propri\u00e9taires l\u00e9gitimes. Les responsables gouvernementaux ont affirm\u00e9 que la justice suivrait son cours, au profit de toutes les victimes.<\/p>\n<p>\tMalgr\u00e9 ces efforts, les milices du d\u00e9funt r\u00e9gime poursuivent leurs op\u00e9rations. Elles dressent des embuscades et prennent pour cible aussi bien des agents gouvernementaux que des civils. De plus, afin de ne pas \u00eatre arr\u00eat\u00e9s, les membres de ces milices s\u2019habillent en civil.<\/p>\n<p>\tLa retenue dont a fait montre le Gouvernement et les appels \u00e9nergiques \u00e0 la paix civile qu\u2019il a lanc\u00e9s ont contribu\u00e9 \u00e0 pr\u00e9venir un conflit de grande ampleur.<\/p>\n<p>\tLe 9 mars 2025 au matin, la stabilit\u00e9 \u00e9tait r\u00e9tablie dans la plupart des villes. De nouveaux accrochages ont eu lieu \u00e0 la p\u00e9riph\u00e9rie mais les forces gouvernementales ont continu\u00e9 de repousser les insurg\u00e9s.<\/p>\n<p>\tUne campagne syst\u00e9matique de d\u00e9sinformation men\u00e9e par des acteurs r\u00e9gionaux a aggrav\u00e9 la situation. Les institutions gouvernementales et les organismes nationaux ind\u00e9pendants ont en outre \u00e9t\u00e9 la cible de cyberattaques en s\u00e9rie.<\/p>\n<p>\t\u00c0 la lumi\u00e8re de ces faits r\u00e9cents, le Gouvernement syrien a pris les mesures suivantes\u00a0:<\/p>\n<p>\t\u2013\tLes op\u00e9rations militaires ont \u00e9t\u00e9 temporairement suspendues dans la r\u00e9gion c\u00f4ti\u00e8re le 8 mars 2025 au matin afin que les hors-la-loi puissent \u00eatre identifi\u00e9s et traduits en justice. Depuis, le nombre d\u2019actes ill\u00e9gaux signal\u00e9s a nettement diminu\u00e9.<\/p>\n<p>\t\u2013\tLe Pr\u00e9sident a annonc\u00e9 la formation d\u2019une commission ind\u00e9pendante charg\u00e9e d\u2019enqu\u00eater sur toutes les atrocit\u00e9s commises contre les civils et les membres des forces gouvernementales et de pr\u00e9senter les r\u00e9sultats de l\u2019enqu\u00eate dans un d\u00e9lai de 30 jours.<\/p>\n<p>\t\u2013\tUn haut comit\u00e9 pour le maintien de la paix civile dans la r\u00e9gion c\u00f4ti\u00e8re a \u00e9t\u00e9 cr\u00e9\u00e9 en vue d\u2019entretenir des contacts avec les communaut\u00e9s touch\u00e9es, d\u2019apaiser les craintes li\u00e9es \u00e0 la s\u00e9curit\u00e9 et de promouvoir la r\u00e9conciliation nationale pendant cette p\u00e9riode d\u00e9licate.<\/p>\n<\/div>\n<p><br \/>\n<br \/><a href=\"https:\/\/www.voltairenet.org\/article221955.html\" target=\"_blank\"\">Source link <\/a><\/p>\n","protected":false},"excerpt":{"rendered":"<p>Ce document, concernant les faits survenus r\u00e9cemment dans la r\u00e9gion c\u00f4ti\u00e8re de la Syrie, a \u00e9t\u00e9 distribu\u00e9 aux missions diplomatiques et aux bureaux des organisations internationales, le 11 mars, par&hellip; <\/p>\n","protected":false},"author":1,"featured_media":4926,"comment_status":"open","ping_status":"open","sticky":false,"template":"","format":"standard","meta":{"footnotes":""},"categories":[1],"tags":[],"class_list":["post-4925","post","type-post","status-publish","format-standard","has-post-thumbnail","hentry","category-non-classe"],"_links":{"self":[{"href":"https:\/\/monde25.info\/index.php\/wp-json\/wp\/v2\/posts\/4925","targetHints":{"allow":["GET"]}}],"collection":[{"href":"https:\/\/monde25.info\/index.php\/wp-json\/wp\/v2\/posts"}],"about":[{"href":"https:\/\/monde25.info\/index.php\/wp-json\/wp\/v2\/types\/post"}],"author":[{"embeddable":true,"href":"https:\/\/monde25.info\/index.php\/wp-json\/wp\/v2\/users\/1"}],"replies":[{"embeddable":true,"href":"https:\/\/monde25.info\/index.php\/wp-json\/wp\/v2\/comments?post=4925"}],"version-history":[{"count":0,"href":"https:\/\/monde25.info\/index.php\/wp-json\/wp\/v2\/posts\/4925\/revisions"}],"wp:featuredmedia":[{"embeddable":true,"href":"https:\/\/monde25.info\/index.php\/wp-json\/wp\/v2\/media\/4926"}],"wp:attachment":[{"href":"https:\/\/monde25.info\/index.php\/wp-json\/wp\/v2\/media?parent=4925"}],"wp:term":[{"taxonomy":"category","embeddable":true,"href":"https:\/\/monde25.info\/index.php\/wp-json\/wp\/v2\/categories?post=4925"},{"taxonomy":"post_tag","embeddable":true,"href":"https:\/\/monde25.info\/index.php\/wp-json\/wp\/v2\/tags?post=4925"}],"curies":[{"name":"wp","href":"https:\/\/api.w.org\/{rel}","templated":true}]}}