{"id":4929,"date":"2025-03-21T22:42:40","date_gmt":"2025-03-21T21:42:40","guid":{"rendered":"https:\/\/monde25.info\/index.php\/2025\/03\/21\/pfas-dans-leau-potable-les-industriels-doivent-payer\/"},"modified":"2025-03-21T22:42:40","modified_gmt":"2025-03-21T21:42:40","slug":"pfas-dans-leau-potable-les-industriels-doivent-payer","status":"publish","type":"post","link":"https:\/\/monde25.info\/index.php\/2025\/03\/21\/pfas-dans-leau-potable-les-industriels-doivent-payer\/","title":{"rendered":"PFAS dans l\u2019eau potable\u00a0: \u00ab\u00a0Les industriels doivent payer\u00a0\u00bb"},"content":{"rendered":"<p> <br \/>\n<\/p>\n<div>\n<p><i>\u00ab<small class=\"fine d-inline\">\u00a0<\/small>On est dans une impasse totale.<small class=\"fine d-inline\">\u00a0<\/small>\u00bb<\/i> Au t\u00e9l\u00e9phone, Micka\u00ebl Derangeon ne cache pas son d\u00e9sarroi. La raison<small class=\"fine d-inline\">\u00a0<\/small>? La d\u00e9couverte d\u2019un polluant \u00e9ternel \u2014\u00a0le <span class=\"caps\">TFA<\/span>, ou acide trifluoroac\u00e9tique, un r\u00e9sidu de pesticides\u00a0\u2014 dans l\u2019immense majorit\u00e9 des captages d\u2019eau de Loire-Atlantique. R\u00e9sultat, les deux nouvelles usines de potabilisation de son syndicat, Atlantic\u2019eau, n\u2019ont pas \u00e9t\u00e9 inaugur\u00e9es fin 2024 comme pr\u00e9vu\u00a0: <i>\u00ab<small class=\"fine d-inline\">\u00a0<\/small>Elles ne sont pas capables de traiter le <span class=\"caps\">TFA<\/span><small class=\"fine d-inline\">\u00a0<\/small>\u00bb<\/i>, dit le vice-pr\u00e9sident du service public de l\u2019eau.<\/p>\n<p>Un cas loin d\u2019\u00eatre isol\u00e9. Depuis quelques ann\u00e9es, autorit\u00e9s sanitaires et collectivit\u00e9s locales multiplient les analyses, traquant ces micropolluants \u00e9ternels. Avec, r\u00e9guli\u00e8rement, <a target=\"_blank\" href=\"https:\/\/reporterre.net\/Polluant-eternel-dans-l-eau-13-communes-du-Gard-touchees-selon-des-resultats-ineditsarticle\">de mauvaises surprises<\/a>\u00a0: <i>\u00ab<small class=\"fine d-inline\">\u00a0<\/small>On d\u00e9couvre de nouvelles mol\u00e9cules dans l\u2019eau, et on n\u2019a pas toujours de solution<\/i>, s\u2019inqui\u00e8te Micka\u00ebl Derangeon. <i>On vit avec une \u00e9p\u00e9e de Damocl\u00e8s.<small class=\"fine d-inline\">\u00a0<\/small>\u00bb<\/i><\/p>\n<p>Car avec les <span class=\"caps\">PFAS<\/span>, quand on cherche\u2026 On trouve. Et une fois le cadeau empoisonn\u00e9 d\u00e9ball\u00e9, difficile de rester les bras crois\u00e9s. Mais que faire<small class=\"fine d-inline\">\u00a0<\/small>? La <a target=\"_blank\" href=\"https:\/\/reporterre.net\/Victoire-des-Ecologistes-les-deputes-interdisent-les-PFAS\">toute nouvelle loi anti-Pfas<\/a> devrait permettre de r\u00e9duire les rejets industriels. C\u2019est insuffisant, h\u00e9las\u00a0: vu la persistance de ces substances toxiques dans l\u2019environnement, il faudra \u00e9galement d\u00e9polluer l\u2019eau, sans doute pendant des d\u00e9cennies.<\/p>\n<h2 class=\"spip\">Des traitements gu\u00e8re satisfaisants<\/h2>\n<p>Sur ce sujet, on en est encore aux balbutiements. <i>\u00ab<small class=\"fine d-inline\">\u00a0<\/small>Il existe aujourd\u2019hui deux proc\u00e9d\u00e9s de traitement<\/i>, dit la chercheuse Julie Mendret, <i>la filtration sur charbon actif et la filtration membranaire.<small class=\"fine d-inline\">\u00a0<\/small>\u00bb<\/i> Sauf qu\u2019aucune n\u2019est vraiment satisfaisante.<\/p>\n<p>Premi\u00e8re technique, la plus r\u00e9pandue\u00a0: le charbon actif, <i>\u00ab<small class=\"fine d-inline\">\u00a0<\/small>un solide microporeux, qui fixe certaines mol\u00e9cules<small class=\"fine d-inline\">\u00a0<\/small>\u00bb<\/i>, explique la scientifique. <i>Grosso modo<\/i>, de la houille chauff\u00e9e afin d\u2019accro\u00eetre sa capacit\u00e9 de r\u00e9tention, r\u00e9duite en grain ou en poudre, puis compact\u00e9e dans des filtres \u00e0 travers desquels l\u2019eau est envoy\u00e9e. <a target=\"_blank\" href=\"https:\/\/www.francebleu.fr\/infos\/sante-sciences\/enquete-france-bleu-sur-l-eau-potable-a-valence-le-charbon-actif-fait-ses-preuves-contre-les-polluants-eternels-2947254\" class=\"spip_out\" rel=\"external\">Un proc\u00e9d\u00e9 \u00e9prouv\u00e9 \u00e0 Valence<\/a>, qui l\u2019utilise depuis d\u00e9cembre 2023, et a fait chuter significativement les concentrations en <span class=\"caps\">PFAS<\/span>.<\/p>\n<p>En Loire-Atlantique, Micka\u00ebl Derangeon ne peut pas en dire autant. Et pour cause\u00a0: le filtre \u00e0 charbon fonctionne tr\u00e8s mal sur le <span class=\"caps\">TFA<\/span>. Idem \u00e0 Eau de Paris, qui a d\u00e9tect\u00e9 ce polluant sur plusieurs captages.\u00a0M\u00eame s\u2019il est possible d\u2019am\u00e9liorer la m\u00e9thode en renouvelant r\u00e9guli\u00e8rement les filtres, ou en utilisant des grains plus petits, <i>\u00ab<small class=\"fine d-inline\">\u00a0<\/small>l\u2019efficacit\u00e9 reste partielle<small class=\"fine d-inline\">\u00a0<\/small>\u00bb<\/i> sur les polluants \u00e9ternels, reconna\u00eet Benjamin Gestin, directeur g\u00e9n\u00e9ral de la r\u00e9gie publique.<\/p>\n<blockquote class=\"spip\">\n<p>\u00ab<small class=\"fine d-inline\">\u00a0<\/small>C\u2019est aujourd\u2019hui la technologie la plus performante<small class=\"fine d-inline\">\u00a0<\/small>\u00bb<\/p>\n<\/blockquote>\n<p>Autre solution, la filtration membranaire, et son <i>nec plus ultra<\/i>\u00a0: l\u2019osmose inverse basse pression. Il s\u2019agit, dans ce cas, de pousser l\u2019eau \u00e0 travers un filtre extr\u00eamement fin qui retient virus, bact\u00e9ries et substances chimiques. <i>\u00ab<small class=\"fine d-inline\">\u00a0<\/small>C\u2019est aujourd\u2019hui la technologie la plus performante<small class=\"fine d-inline\">\u00a0<\/small>\u00bb<\/i>, confirme Adrien Richet, du Sedif, qui distribue l\u2019eau de 4\u00a0millions de Franciliens. Gr\u00e2ce \u00e0 cette m\u00e9thode que le syndicat compte mettre en place dans ses trois usines, <i>\u00ab<small class=\"fine d-inline\">\u00a0<\/small>on s\u2019attend \u00e0 un abattement de 95<small class=\"fine d-inline\">\u00a0<\/small>% des <span class=\"caps\">PFAS<\/span>, contre 35 \u00e0 45<small class=\"fine d-inline\">\u00a0<\/small>% pour les fili\u00e8res conventionnelles [avec du charbon par exemple]<small class=\"fine d-inline\">\u00a0<\/small>\u00bb<\/i>.<\/p>\n<p>Mais il y a un hic\u00a0: que fait-on de ces polluants retenus par les membranes<small class=\"fine d-inline\">\u00a0<\/small>? <i>\u00ab<small class=\"fine d-inline\">\u00a0<\/small>Aujourd\u2019hui, c\u2019est renvoy\u00e9 dans la ressource<small class=\"fine d-inline\">\u00a0<\/small>\u00bb<\/i>, admet Adrien Richet. Tandis que l\u2019eau coule, limpide, au robinet des Franciliens, tous les <span class=\"caps\">PFAS<\/span> retournent ainsi contaminer les rivi\u00e8res. Un moindre mal, selon l\u2019ing\u00e9nieur\u00a0: <i>\u00ab<small class=\"fine d-inline\">\u00a0<\/small>On n\u2019ajoute pas des micropolluants, puisqu\u2019ils y \u00e9taient d\u00e9j\u00e0 au d\u00e9part<\/i>, souligne-t-il. <i>Et l\u2019eau que l\u2019on rejette, m\u00eame si elle est charg\u00e9e en <span class=\"caps\">PFAS<\/span>, est tout de m\u00eame plus propre que celle pr\u00e9lev\u00e9e au d\u00e9part, car elle est pass\u00e9e par plusieurs phases de traitement.<small class=\"fine d-inline\">\u00a0<\/small>\u00bb<\/i><\/p>\n<p>Pas de quoi convaincre Micka\u00ebl Derangeon, qui trouve le proc\u00e9d\u00e9 trop consommateur en eau \u2014\u00a0il faut 100\u00a0L d\u2019eau pr\u00e9lev\u00e9e pour produire 85\u00a0L d\u2019eau potable\u00a0\u2014 ni Dan Lert, le pr\u00e9sident d\u2019Eau de Paris\u00a0: <i>\u00ab<small class=\"fine d-inline\">\u00a0<\/small>Il s\u2019agit d\u2019une <a target=\"_blank\" href=\"https:\/\/reporterre.net\/En-Ile-de-France-les-gros-defauts-de-la-purification-high-tech-de-l-eau\">technologie extr\u00eamement co\u00fbteuse\u00a0et qui ne r\u00e8gle pas le probl\u00e8me<\/a> de la pollution \u00e0 la source<small class=\"fine d-inline\">\u00a0<\/small>\u00bb<\/i>, dit-il.<\/p>\n<h2 class=\"spip\">Des traitements tr\u00e8s chers<\/h2>\n<p>Le prix, voici le n\u0153ud du probl\u00e8me. Le Sedif a investi plus d\u2019un milliard d\u2019euros dans la mise en place de ce traitement <i>high-tech<\/i>. Bien que moins on\u00e9reuse, la filtration par charbon actif aspire aussi des montants importants. Eau de Paris d\u00e9pense chaque ann\u00e9e trois millions d\u2019euros juste pour renouveler ses filtres. Atlantic\u2019eau a de son c\u00f4t\u00e9 d\u00e9bours\u00e9 1,7\u00a0million d\u2019euros dans son traitement au charbon. Au sud de Lyon, dans la vall\u00e9e de la chimie, le syndicat Rh\u00f4ne-Sud <a target=\"_blank\" href=\"https:\/\/www.linkedin.com\/posts\/audouin_eau-activity-7304574239859224576-6rCA?utm_source=share&amp;utm_medium=member_desktop&amp;rcm=ACoAACkz_OUBsSWrGWWt2XslPLk2ZHGQsX4O6dc\" class=\"spip_out\" rel=\"external\">doit sortir 6\u00a0millions d\u2019euros<\/a> pour \u00e9quiper son usine d\u2019une filtration.<\/p>\n<p>Avec des effets imm\u00e9diats pour les usagers\u00a0: la facture des habitants d\u2019\u00cele-de-France a ainsi grimp\u00e9 de 40 \u00e0 50\u00a0\u20ac par an. Selon la F\u00e9d\u00e9ration nationale des collectivit\u00e9s conc\u00e9dantes et r\u00e9gies (<span class=\"caps\">FNCCR<\/span>),\u00a0l\u2019osmose inverse entra\u00eene une hausse de 0,40 \u00e0 1,80\u00a0\u20ac du m\u00e8tre cube<small class=\"fine d-inline\">\u00a0<\/small>; elle est de 0,10 \u00e0 0,40\u00a0\u20ac du m\u00e8tre cube pour le filtre \u00e0 charbon. <i>\u00ab<small class=\"fine d-inline\">\u00a0<\/small>Le traitement des <span class=\"caps\">PFAS<\/span> constitue un d\u00e9fi \u00e9norme pour les collectivit\u00e9s<\/i>, estime Franco Novelli, de la <span class=\"caps\">FNCCR<\/span>. <i>\u00c7a interroge clairement le mod\u00e8le \u00e9conomique de l\u2019eau.<small class=\"fine d-inline\">\u00a0<\/small>\u00bb<\/i><\/p>\n<p>Si le Sedif, plus gros service d\u2019eau de France, a les moyens de ses ambitions, nombre de collectivit\u00e9s freinent des quatre fers face \u00e0 <i>\u00ab<small class=\"fine d-inline\">\u00a0<\/small>ce mur d\u2019investissement<small class=\"fine d-inline\">\u00a0<\/small>\u00bb<\/i>, dit Christophe Montvernay, directeur du syndicat des eaux des Monts du Lyonnais. <i>\u00ab<small class=\"fine d-inline\">\u00a0<\/small>Pour l\u2019instant, on est dans l\u2019expectative, ce sont de gros investissements, donc on attend<small class=\"fine d-inline\">\u00a0<\/small>\u00bb<\/i>, dit-il.<\/p>\n<blockquote class=\"spip\">\n<p>\u00ab<small class=\"fine d-inline\">\u00a0<\/small>Il faut que les industriels payent<small class=\"fine d-inline\">\u00a0<\/small>\u00bb<\/p>\n<\/blockquote>\n<p>Attendre, jusqu\u2019\u00e0 ce que les analyses se r\u00e9v\u00e8lent alarmistes. Patienter, aussi, jusqu\u2019\u00e0 ce que la r\u00e9glementation soit plus claire. Car il existe des milliers de mol\u00e9cules <span class=\"caps\">PFAS<\/span>, dont <a target=\"_blank\" href=\"https:\/\/sante.gouv.fr\/sante-et-environnement\/eaux\/article\/les-pfas-et-l-eau-destinee-a-la-consommation-humaine\" class=\"spip_out\" rel=\"external\">une vingtaine seulement devront \u00eatre surveill\u00e9es et limit\u00e9es \u00e0 partir de janvier 2026<\/a>. Pour les autres, tout d\u00e9pendra des d\u00e9crets d\u2019application de la loi anti-<span class=\"caps\">PFAS<\/span>, cens\u00e9s fixer une liste des substances \u00e0 suivre. Avec de grosses incertitudes\u00a0: le <span class=\"caps\">TFA<\/span>, omnipr\u00e9sent dans les eaux fran\u00e7aises mais dont les effets sanitaires restent encore m\u00e9connus, sera-t-il concern\u00e9 par l\u2019obligation de traitement<small class=\"fine d-inline\">\u00a0<\/small>?<\/p>\n<p><i>\u00ab<small class=\"fine d-inline\">\u00a0<\/small>Ce serait compl\u00e8tement illogique qu\u2019il n\u2019y soit pas<\/i>, plaide Nicolas Thierry, le d\u00e9put\u00e9 \u00e9cologiste \u00e0 l\u2019origine du nouveau texte de loi. <i>Raisonnablement, il faudrait que tous les <span class=\"caps\">PFAS<\/span> qu\u2019on d\u00e9tecte dans l\u2019environnement soient soumis \u00e0 la r\u00e9glementation.<small class=\"fine d-inline\">\u00a0<\/small>\u00bb<\/i> Principe de pr\u00e9caution oblige. Mais cela risque de faire exploser les co\u00fbts de la d\u00e9pollution. <i>\u00ab<small class=\"fine d-inline\">\u00a0<\/small>Il faut que les industriels payent<small class=\"fine d-inline\">\u00a0<\/small>\u00bb<\/i>, tranche-t-il.<\/p>\n<p>C\u2019est d\u2019ailleurs l\u2019une des mesures phares de sa loi\u00a0: l\u2019instauration d\u2019une redevance sur les rejets de polluants \u00e9ternels dans l\u2019eau. Les industriels \u00e9metteurs devraient ainsi \u00eatre tax\u00e9s \u00e0 hauteur de 100\u00a0\u20ac pour 100\u00a0g de <span class=\"caps\">PFAS<\/span> d\u00e9vers\u00e9s. Soit une manne  de 2,4\u00a0millions d\u2019euros par an, selon les premi\u00e8res estimations du minist\u00e8re de la Transition \u00e9cologique. Une somme trop modeste au vu des investissements n\u00e9cessaires.<\/p>\n<h2 class=\"spip\">Des rejets plus importants qu\u2019attendu<\/h2>\n<p>Lueur d\u2019espoir pour les d\u00e9fenseurs de la redevance, certains sites \u00e9mettraient en fait des <span class=\"caps\">PFAS<\/span> dans des proportions bien sup\u00e9rieures \u00e0 ce qui \u00e9tait attendu, <a target=\"_blank\" href=\"https:\/\/www.lemonde.fr\/planete\/article\/2025\/03\/10\/pfas-le-produit-de-la-redevance-sur-les-rejets-dans-l-eau-payee-par-les-industriels-s-annonce-beaucoup-plus-eleve-que-prevu_6577654_3244.html\" class=\"spip_out\" rel=\"external\">a r\u00e9v\u00e9l\u00e9 r\u00e9cemment <i>Le Monde<\/i><\/a>. Ainsi, l\u2019usine <span class=\"caps\">BASF<\/span> de Saint-Aubin-l\u00e8s-Elbeuf, au sud de Rouen, rejette \u00e0 elle seule jusqu\u2019\u00e0 177\u00a0kilos de <span class=\"caps\">TFA<\/span> par jour, ce qui \u00e9quivaudrait \u00e0 une facture annuelle de 64,5\u00a0millions d\u2019euros par an.<\/p>\n<p>De quoi changer la donne, pour l\u2019\u00e9conomiste Maria Salvetti\u00a0: <i>\u00ab<small class=\"fine d-inline\">\u00a0<\/small>Pour que le principe pollueur payeur soit efficace, il faut que la redevance soit relativement \u00e9lev\u00e9e<\/i>, explique-t-elle. <i>\u00c7a permet de financer les surco\u00fbts de traitement mais aussi d\u2019envoyer un signal fort aux industriels.<small class=\"fine d-inline\">\u00a0<\/small>\u00bb<\/i> En clair\u00a0: frapper les pollueurs au portefeuille afin de les pousser \u00e0 r\u00e9duire, enfin, leurs rejets toxiques.<\/p>\n<p>En attendant le grand soir des polluants \u00e9ternels, la confiance des Fran\u00e7ais dans l\u2019eau du robinet s\u2019effrite. Pourtant, rappelle la <span class=\"caps\">FNCCR<\/span>, <i>\u00ab<small class=\"fine d-inline\">\u00a0<\/small>il s\u2019agit de l\u2019aliment le plus surveill\u00e9<small class=\"fine d-inline\">\u00a0<\/small>\u00bb<\/i> dans l\u2019Hexagone. En d\u2019autres termes, d\u00e8s que des limites de qualit\u00e9 sont d\u00e9pass\u00e9es, l\u2019alerte permet de prendre rapidement des mesures curatives. Nombre de sp\u00e9cialistes mettent ainsi en garde contre <i>\u00ab<small class=\"fine d-inline\">\u00a0<\/small>l\u2019arbre [de l\u2019eau potable] qui cache la for\u00eat [de la contamination]<small class=\"fine d-inline\">\u00a0<\/small>\u00bb<\/i>.<\/p>\n<p><i>\u00ab<small class=\"fine d-inline\">\u00a0<\/small>Le probl\u00e8me des <span class=\"caps\">PFAS<\/span>, c\u2019est \u00e0 5<small class=\"fine d-inline\">\u00a0<\/small>% dans l\u2019eau potable<\/i>, nous assure un expert qui pr\u00e9f\u00e8re rester anonyme. <i>Et c\u2019est principalement l\u2019alimentation.<small class=\"fine d-inline\">\u00a0<\/small>\u00bb<\/i> La contamination de l\u2019eau n\u2019est que la partie \u00e9merg\u00e9e de l\u2019iceberg, celle que l\u2019on d\u00e9tecte. La pollution \u2014\u00a0massive\u00a0\u2014 de l\u2019alimentation et de l\u2019air demeure invisible. Et donc pas trait\u00e9e. Le scandale des <span class=\"caps\">PFAS<\/span> est loin d\u2019\u00eatre termin\u00e9.<\/p>\n<aside class=\"boite_encarts\">\n<div class=\"encart encart_gris noprint\">\n<p><strong>Puisque vous \u00eates l\u00e0&#8230;<\/strong><\/p>\n<p>&#8230; nous avons un petit service \u00e0 vous demander.<br class=\"autobr\"\/><br \/>\nEntre la pr\u00e9sence d\u2019un climatosceptique \u00e0 la t\u00eate de la premi\u00e8re puissance mondiale, un gouvernement fran\u00e7ais qui flirte avec l\u2019extr\u00eame-droite, et les catastrophes climatiques qui s\u2019enchainent&#8230; Faire vivre l\u2019\u00e9cologie dans le d\u00e9bat public est un enjeu crucial.<\/p>\n<p>Personne ne modifie ce que nous publions. Nous n\u2019avons ni actionnaire, ni propri\u00e9taire milliardaire \u2014 seulement une \u00e9quipe d\u2019irr\u00e9ductibles journalistes, pleine de d\u00e9termination.<\/p>\n<p>Nous avons la conviction que l\u2019urgence \u00e9cologique est l\u2019enjeu majeur de notre \u00e9poque. Et comme plus de 2 millions de lectrices et lecteurs chaque mois, vous partagez sans doute cette conviction&#8230;<\/p>\n<p><strong>Depuis 12 ans, nous publions des articles de qualit\u00e9 sur l\u2019\u00e9cologie, en acc\u00e8s libre et sans publicit\u00e9, pour tous.<\/strong><br class=\"autobr\"\/><br \/>\nMais ce travail demande beaucoup de temps et de ressources.<\/p>\n<p>Alors, si vous en avez les moyens, sachez qu\u2019un don, m\u00eame d\u20191\u20ac, est un acte de soutien fort pour l\u2019\u00e9cologie et le journalisme ind\u00e9pendant.<br class=\"autobr\"\/><br \/>\n(Et \u00e7a vous prendra moins de temps que la lecture de ce texte).<\/p>\n<p><strong>Si vous le pouvez, choisissez un soutien mensuel. Merci.<\/strong><\/p>\n<p><a target=\"_blank\" href=\"https:\/\/reporterre.net\/dons\" class=\"bt_soutenir\">Je soutiens <i>Reporterre<\/i><\/a><\/p>\n<\/p><\/div>\n<div class=\"encart encart_vert noprint montre_1023\">\n<div class=\"infolettre-form-container noprint\">\n<p>Abonnez-vous \u00e0 la lettre d\u2019info de Reporterre<\/p>\n<\/div><\/div>\n<\/aside>\n<aside class=\"boite_apresarticle encart_note\">\n<\/aside>\n<aside class=\"boite_complement texte\">\n<p>      <!-- zone_forum --><br \/>\n          <\/aside>\n<aside class=\"boite_lireaussi noprint\">\n<\/aside>\n<aside class=\"colonne\">\n<div class=\"article_info cache_1023 noprint\">\n<p>    <span class=\"date\">21 mars 2025  \u00e0 16h40<\/span><\/p>\n<p class=\"duree_lecture\">\n        Dur\u00e9e de lecture : 8 minutes\n      <\/p>\n<\/p><\/div>\n<div class=\"bloc_infolettre\">\n<div class=\"infolettre-form-container noprint\">\n<p>Abonnez-vous \u00e0 la lettre d\u2019info de Reporterre<\/p>\n<\/div><\/div>\n<\/aside>\n<div id=\"galerie\">\n  <img decoding=\"async\" src=\"\" class=\"principale\" id=\"principale\"\/><\/p>\n<p id=\"legende\">legende<\/p>\n<\/div>\n<footer class=\"noprint\">\n<\/footer>\n<\/div>\n<p><br \/>\n<br \/><a href=\"https:\/\/reporterre.net\/PFAS-dans-l-eau-potable-Les-industriels-doivent-payer\" target=\"_blank\"\">Source link <\/a><\/p>\n","protected":false},"excerpt":{"rendered":"<p>\u00ab\u00a0On est dans une impasse totale.\u00a0\u00bb Au t\u00e9l\u00e9phone, Micka\u00ebl Derangeon ne cache pas son d\u00e9sarroi. La raison\u00a0? La d\u00e9couverte d\u2019un polluant \u00e9ternel \u2014\u00a0le TFA, ou acide trifluoroac\u00e9tique, un r\u00e9sidu de&hellip; <\/p>\n","protected":false},"author":1,"featured_media":4930,"comment_status":"open","ping_status":"open","sticky":false,"template":"","format":"standard","meta":{"footnotes":""},"categories":[1],"tags":[],"class_list":["post-4929","post","type-post","status-publish","format-standard","has-post-thumbnail","hentry","category-non-classe"],"_links":{"self":[{"href":"https:\/\/monde25.info\/index.php\/wp-json\/wp\/v2\/posts\/4929","targetHints":{"allow":["GET"]}}],"collection":[{"href":"https:\/\/monde25.info\/index.php\/wp-json\/wp\/v2\/posts"}],"about":[{"href":"https:\/\/monde25.info\/index.php\/wp-json\/wp\/v2\/types\/post"}],"author":[{"embeddable":true,"href":"https:\/\/monde25.info\/index.php\/wp-json\/wp\/v2\/users\/1"}],"replies":[{"embeddable":true,"href":"https:\/\/monde25.info\/index.php\/wp-json\/wp\/v2\/comments?post=4929"}],"version-history":[{"count":0,"href":"https:\/\/monde25.info\/index.php\/wp-json\/wp\/v2\/posts\/4929\/revisions"}],"wp:featuredmedia":[{"embeddable":true,"href":"https:\/\/monde25.info\/index.php\/wp-json\/wp\/v2\/media\/4930"}],"wp:attachment":[{"href":"https:\/\/monde25.info\/index.php\/wp-json\/wp\/v2\/media?parent=4929"}],"wp:term":[{"taxonomy":"category","embeddable":true,"href":"https:\/\/monde25.info\/index.php\/wp-json\/wp\/v2\/categories?post=4929"},{"taxonomy":"post_tag","embeddable":true,"href":"https:\/\/monde25.info\/index.php\/wp-json\/wp\/v2\/tags?post=4929"}],"curies":[{"name":"wp","href":"https:\/\/api.w.org\/{rel}","templated":true}]}}