{"id":4933,"date":"2025-03-21T23:48:37","date_gmt":"2025-03-21T22:48:37","guid":{"rendered":"https:\/\/monde25.info\/index.php\/2025\/03\/21\/mesurer-et-peser-les-eleves-en-ce2-pour-prevenir-lobesite-infantile\/"},"modified":"2025-03-21T23:48:37","modified_gmt":"2025-03-21T22:48:37","slug":"mesurer-et-peser-les-eleves-en-ce2-pour-prevenir-lobesite-infantile","status":"publish","type":"post","link":"https:\/\/monde25.info\/index.php\/2025\/03\/21\/mesurer-et-peser-les-eleves-en-ce2-pour-prevenir-lobesite-infantile\/","title":{"rendered":"Mesurer et peser les \u00e9l\u00e8ves en CE2 pour pr\u00e9venir l&rsquo;ob\u00e9sit\u00e9 infantile"},"content":{"rendered":"<p> <br \/>\n<\/p>\n<div>\n<p><strong>Pour limiter l&rsquo;ob\u00e9sit\u00e9 infantile, Christophe Proen\u00e7a et Fr\u00e9d\u00e9rique Meunier ont propos\u00e9 mercredi de mesurer et peser les \u00e9l\u00e8ves en CE2. Dans un rapport, ils expliquent vouloir rem\u00e9dier au manque de donn\u00e9es sur le sujet et renforcer l&rsquo;activit\u00e9 physique \u00e0 l&rsquo;\u00e9cole, tout en sugg\u00e9rant des recommandations pratiques.<\/strong><\/p>\n<p>L\u2019ob\u00e9sit\u00e9 infantile est devenu un fl\u00e9au de sant\u00e9 publique. L&rsquo;id\u00e9e des deux d\u00e9put\u00e9s peut sembler banale, mais elle soul\u00e8ve la question du manque de donn\u00e9es actuelles sur la situation. \u00ab\u00a0Il est incroyable que, dans un pays comme la France, nous n\u2019ayons pas de chiffres actualis\u00e9s sur un tel probl\u00e8me de sant\u00e9\u00a0\u00bb, ont-ils d\u00e9plor\u00e9, avant d&rsquo;appeler \u00e0 une \u00e9tude nationale d&rsquo;ampleur en 2028.<\/p>\n<p>Pour freiner l&rsquo;ob\u00e9sit\u00e9, ces deux d\u00e9put\u00e9s voudraient miser sur l\u2019\u00e9cole, et plus pr\u00e9cis\u00e9ment sur les heures de sport. Selon eux, la g\u00e9n\u00e9ralisation des tests de capacit\u00e9s physiques, d\u00e9j\u00e0 exp\u00e9riment\u00e9s dans certaines \u00e9coles, pourrait aider \u00e0 inverser la tendance. La baisse de la capacit\u00e9 respiratoire des enfants, constat\u00e9e par plusieurs m\u00e9decins, t\u00e9moigne de l\u2019urgence de la situation.<\/p>\n<p>Un rapport mondial publi\u00e9 dans <em>The Lancet<\/em> d\u00e9but mars met en lumi\u00e8re l\u2019ampleur du probl\u00e8me : d&rsquo;ici \u00e0 2050, un enfant sur trois sera touch\u00e9 par l&rsquo;ob\u00e9sit\u00e9 si rien n&rsquo;est fait. Pour contrer cette menace, Proen\u00e7a et Meunier pr\u00e9conisent aussi de garantir les trois heures d&rsquo;\u00e9ducation physique hebdomadaires en primaire, et de porter l\u2019horaire \u00e0 quatre heures au coll\u00e8ge. \u00ab\u00a0Il faut \u00e9galement lutter contre les dispenses syst\u00e9matiques d\u2019EPS\u00a0\u00bb, a ajout\u00e9 Proen\u00e7a, insistant sur l&rsquo;importance d\u2019un engagement collectif des m\u00e9decins pour que cette pr\u00e9vention devienne effective.<\/p>\n<p>Ce serait un premier pas pour la sant\u00e9 publique, m\u00eame si le sujet est \u00e9videmment plus large que cela. En plus de l&rsquo;activit\u00e9 physique, il faudrait aussi remettre en question l&rsquo;alimentation des jeunes.<\/p>\n<\/div>\n<p><script>(function(d, s, id) {  var js, fjs = d.getElementsByTagName(s)[0];  if (d.getElementById(id)) return;  js = d.createElement(s); js.id = id;  js.src = \"\/\/connect.facebook.net\/fr_FR\/sdk.js#xfbml=1&version=v2.3\";  fjs.parentNode.insertBefore(js, fjs);}(document, \"script\", \"facebook-jssdk\"));<\/script><br \/>\n<br \/><br \/>\n<br \/><a href=\"https:\/\/www.francesoir.fr\/societe-sante\/mesurer-et-peser-les-eleves-en-ce2-pour-prevenir-l-obesite-infantile\" target=\"_blank\"\">Source link <\/a><\/p>\n","protected":false},"excerpt":{"rendered":"<p>Pour limiter l&rsquo;ob\u00e9sit\u00e9 infantile, Christophe Proen\u00e7a et Fr\u00e9d\u00e9rique Meunier ont propos\u00e9 mercredi de mesurer et peser les \u00e9l\u00e8ves en CE2. Dans un rapport, ils expliquent vouloir rem\u00e9dier au manque de&hellip; <\/p>\n","protected":false},"author":1,"featured_media":4934,"comment_status":"open","ping_status":"open","sticky":false,"template":"","format":"standard","meta":{"footnotes":""},"categories":[1],"tags":[],"class_list":["post-4933","post","type-post","status-publish","format-standard","has-post-thumbnail","hentry","category-non-classe"],"_links":{"self":[{"href":"https:\/\/monde25.info\/index.php\/wp-json\/wp\/v2\/posts\/4933","targetHints":{"allow":["GET"]}}],"collection":[{"href":"https:\/\/monde25.info\/index.php\/wp-json\/wp\/v2\/posts"}],"about":[{"href":"https:\/\/monde25.info\/index.php\/wp-json\/wp\/v2\/types\/post"}],"author":[{"embeddable":true,"href":"https:\/\/monde25.info\/index.php\/wp-json\/wp\/v2\/users\/1"}],"replies":[{"embeddable":true,"href":"https:\/\/monde25.info\/index.php\/wp-json\/wp\/v2\/comments?post=4933"}],"version-history":[{"count":0,"href":"https:\/\/monde25.info\/index.php\/wp-json\/wp\/v2\/posts\/4933\/revisions"}],"wp:featuredmedia":[{"embeddable":true,"href":"https:\/\/monde25.info\/index.php\/wp-json\/wp\/v2\/media\/4934"}],"wp:attachment":[{"href":"https:\/\/monde25.info\/index.php\/wp-json\/wp\/v2\/media?parent=4933"}],"wp:term":[{"taxonomy":"category","embeddable":true,"href":"https:\/\/monde25.info\/index.php\/wp-json\/wp\/v2\/categories?post=4933"},{"taxonomy":"post_tag","embeddable":true,"href":"https:\/\/monde25.info\/index.php\/wp-json\/wp\/v2\/tags?post=4933"}],"curies":[{"name":"wp","href":"https:\/\/api.w.org\/{rel}","templated":true}]}}